{"id":95494,"date":"2025-08-01T15:45:11","date_gmt":"2025-08-01T18:45:11","guid":{"rendered":"https:\/\/noticiasbahia360.com.br\/?p=95494"},"modified":"2025-08-01T15:45:11","modified_gmt":"2025-08-01T18:45:11","slug":"adolescente-de-12-anos-descobre-gestacao-apos-estupro-cometido-pelo-tio-no-sudoeste-baiano","status":"publish","type":"post","link":"https:\/\/noticiasbahia360.com.br\/?p=95494","title":{"rendered":"Adolescente de 12 anos descobre gesta\u00e7\u00e3o ap\u00f3s estupro cometido pelo tio no sudoeste baiano\u00a0"},"content":{"rendered":"<div>\n<div>\n<figure><img decoding=\"async\" src=\"http:\/\/noticiasbahia360.com.br\/wp-content\/uploads\/2025\/08\/itambe-sudoeste-bahia-foto-prefeitura-de-itambe.jpg\" alt=\"Itamb\u00e9, sudoeste baiano\"><figcaption>Foto: Prefeitura de Itamb\u00e9<\/figcaption><\/figure>\n<\/div>\n<p>Uma adolescente de 12 anos, descobriu que estava gr\u00e1vida ap\u00f3s dar entrada no hospital na cidade de Itamb\u00e9, <a href=\"https:\/\/www.acordacidade.com.br\/tag\/sudoeste-baiano\/\">sudoeste baiano<\/a>. Ela relatou que desde os 9 anos de idade era estuprada diariamente pelo tio.<\/p>\n<p>De acordo com informa\u00e7\u00f5es do portal g1 Bahia, a jovem chegou no hospital sentindo dores na regi\u00e3o p\u00e9lvica, e nos exames foi constatada a gesta\u00e7\u00e3o. A Pol\u00edcia Civil foi acionada.\u00a0<\/p>\n<p>A v\u00edtima contou a pol\u00edcia que morava com o suspeito e com a m\u00e3e dele, que \u00e9 sua tia-av\u00f3. Segundo ela o suspeito a amea\u00e7ava com um chicote coagindo nela o medo de ser expulsa de casa.<\/p>\n<p>Ainda segundo apura\u00e7\u00e3o do g1 com a pol\u00edcia, o suspeito, que foi abordado em casa, confessou os crimes sem hesitar e com riqueza de detalhes.<\/p>\n<p>Ele disse a pol\u00edcia que os abusos aconteciam dentro de casa e na rua em que moravam, e que inclusive costumava gravar v\u00eddeos da agress\u00e3o. O suspeito foi preso e teve o celular apreendido.<\/p>\n<p>H\u00e1 tamb\u00e9m a suspeita de que a respons\u00e1vel legal pela menina, sabia dos abusos e da gravidez. A v\u00edtima foi acolhida pelo Conselho Tutelar.<\/p>\n<p><em>Siga o Acorda Cidade no<\/em><a href=\"https:\/\/news.google.com\/search?q=acorda%20cidade&amp;hl=pt-BR&amp;gl=BR&amp;ceid=BR%3Apt-419\"><strong><em> Google Not\u00edcias<\/em><\/strong><\/a><em> e receba os principais destaques do dia. Participe tamb\u00e9m dos nossos canais no <\/em><a href=\"https:\/\/whatsapp.com\/channel\/0029Va6Rb4v3WHTNnsh8WI3N\"><strong><em>WhatsApp<\/em><\/strong><\/a><em> e <\/em><a href=\"https:\/\/www.youtube.com\/@acordacidadenoticias\/videos\"><strong>Youtube<\/strong><\/a><em> e grupo de <\/em><a href=\"https:\/\/t.me\/+sSz0khrgARA0ZmRh\"><strong><em>Telegram<\/em><\/strong><\/a><em>.<\/em><\/p>\n<\/div>\n","protected":false},"excerpt":{"rendered":"<div>\n<div>\n<figure><img decoding=\"async\" src=\"https:\/\/uploads.acordacidade.com.br\/2025\/08\/itambe-sudoeste-bahia-foto-prefeitura-de-itambe.jpg\" alt=\"Itamb\u00e9, sudoeste baiano\"><figcaption>Foto: Prefeitura de Itamb\u00e9<\/figcaption><\/figure>\n<\/div>\n<p>V\u00edtima contou que era for\u00e7ada a ter rela\u00e7\u00f5es sexuais com o suspeito desde os 9 anos de idade. O homem confessou o crime \u00e0 pol\u00edcia.<\/p><\/div>\n","protected":false},"author":1,"featured_media":95495,"comment_status":"closed","ping_status":"closed","sticky":false,"template":"","format":"gallery","meta":{"footnotes":""},"categories":[8,9,6,57,56,10],"tags":[],"class_list":["post-95494","post","type-post","status-publish","format-gallery","has-post-thumbnail","hentry","category-bahia","category-brasil","category-feira-de-santana","category-mundo","category-policia","category-politica","post_format-post-format-gallery"],"featured_image_urls":{"full":["https:\/\/noticiasbahia360.com.br\/wp-content\/uploads\/2025\/08\/itambe-sudoeste-bahia-foto-prefeitura-de-itambe.jpg",1200,675,false],"thumbnail":["https:\/\/noticiasbahia360.com.br\/wp-content\/uploads\/2025\/08\/itambe-sudoeste-bahia-foto-prefeitura-de-itambe-150x150.jpg",150,150,true],"medium":["https:\/\/noticiasbahia360.com.br\/wp-content\/uploads\/2025\/08\/itambe-sudoeste-bahia-foto-prefeitura-de-itambe-300x169.jpg",300,169,true],"medium_large":["https:\/\/noticiasbahia360.com.br\/wp-content\/uploads\/2025\/08\/itambe-sudoeste-bahia-foto-prefeitura-de-itambe-768x432.jpg",640,360,true],"large":["https:\/\/noticiasbahia360.com.br\/wp-content\/uploads\/2025\/08\/itambe-sudoeste-bahia-foto-prefeitura-de-itambe-1024x576.jpg",640,360,true],"1536x1536":["https:\/\/noticiasbahia360.com.br\/wp-content\/uploads\/2025\/08\/itambe-sudoeste-bahia-foto-prefeitura-de-itambe.jpg",1200,675,false],"2048x2048":["https:\/\/noticiasbahia360.com.br\/wp-content\/uploads\/2025\/08\/itambe-sudoeste-bahia-foto-prefeitura-de-itambe.jpg",1200,675,false],"chromenews-featured":["https:\/\/noticiasbahia360.com.br\/wp-content\/uploads\/2025\/08\/itambe-sudoeste-bahia-foto-prefeitura-de-itambe-1024x576.jpg",1024,576,true],"chromenews-large":["https:\/\/noticiasbahia360.com.br\/wp-content\/uploads\/2025\/08\/itambe-sudoeste-bahia-foto-prefeitura-de-itambe-825x575.jpg",825,575,true],"chromenews-medium":["https:\/\/noticiasbahia360.com.br\/wp-content\/uploads\/2025\/08\/itambe-sudoeste-bahia-foto-prefeitura-de-itambe-590x410.jpg",590,410,true]},"author_info":{"display_name":"noticiasbahia360.com.br","author_link":"https:\/\/noticiasbahia360.com.br\/?author=1"},"category_info":"<a href=\"https:\/\/noticiasbahia360.com.br\/?cat=8\" rel=\"category\">Bahia<\/a> <a href=\"https:\/\/noticiasbahia360.com.br\/?cat=9\" rel=\"category\">Brasil<\/a> <a href=\"https:\/\/noticiasbahia360.com.br\/?cat=6\" rel=\"category\">Feira de Santana<\/a> <a href=\"https:\/\/noticiasbahia360.com.br\/?cat=57\" rel=\"category\">Mundo<\/a> <a href=\"https:\/\/noticiasbahia360.com.br\/?cat=56\" rel=\"category\">Pol\u00edcia<\/a> <a href=\"https:\/\/noticiasbahia360.com.br\/?cat=10\" rel=\"category\">Pol\u00edtica<\/a>","tag_info":"Pol\u00edtica","comment_count":"0","_links":{"self":[{"href":"https:\/\/noticiasbahia360.com.br\/index.php?rest_route=\/wp\/v2\/posts\/95494","targetHints":{"allow":["GET"]}}],"collection":[{"href":"https:\/\/noticiasbahia360.com.br\/index.php?rest_route=\/wp\/v2\/posts"}],"about":[{"href":"https:\/\/noticiasbahia360.com.br\/index.php?rest_route=\/wp\/v2\/types\/post"}],"author":[{"embeddable":true,"href":"https:\/\/noticiasbahia360.com.br\/index.php?rest_route=\/wp\/v2\/users\/1"}],"replies":[{"embeddable":true,"href":"https:\/\/noticiasbahia360.com.br\/index.php?rest_route=%2Fwp%2Fv2%2Fcomments&post=95494"}],"version-history":[{"count":0,"href":"https:\/\/noticiasbahia360.com.br\/index.php?rest_route=\/wp\/v2\/posts\/95494\/revisions"}],"wp:featuredmedia":[{"embeddable":true,"href":"https:\/\/noticiasbahia360.com.br\/index.php?rest_route=\/wp\/v2\/media\/95495"}],"wp:attachment":[{"href":"https:\/\/noticiasbahia360.com.br\/index.php?rest_route=%2Fwp%2Fv2%2Fmedia&parent=95494"}],"wp:term":[{"taxonomy":"category","embeddable":true,"href":"https:\/\/noticiasbahia360.com.br\/index.php?rest_route=%2Fwp%2Fv2%2Fcategories&post=95494"},{"taxonomy":"post_tag","embeddable":true,"href":"https:\/\/noticiasbahia360.com.br\/index.php?rest_route=%2Fwp%2Fv2%2Ftags&post=95494"}],"curies":[{"name":"wp","href":"https:\/\/api.w.org\/{rel}","templated":true}]}} 