{"id":95498,"date":"2025-08-01T15:50:08","date_gmt":"2025-08-01T18:50:08","guid":{"rendered":"https:\/\/noticiasbahia360.com.br\/?p=95498"},"modified":"2025-08-01T15:50:08","modified_gmt":"2025-08-01T18:50:08","slug":"adolescente-envolvido-em-homicidios-e-apreendido-em-feira-de-santana-ele-tem-passagem-por-trafico-e-porte-ilegal-de-arma","status":"publish","type":"post","link":"https:\/\/noticiasbahia360.com.br\/?p=95498","title":{"rendered":"Adolescente envolvido em homic\u00eddios \u00e9 apreendido em Feira de Santana; ele tem passagem por tr\u00e1fico e porte ilegal de arma"},"content":{"rendered":"<div>\n<div>\n<figure><img decoding=\"async\" src=\"http:\/\/noticiasbahia360.com.br\/wp-content\/uploads\/2025\/08\/complexo-de-delegacias-de-Feira-de-Santana-no-Sobradinho-Foto-Ed-Santos-Acorda-Cidade-10.jpg\" alt=\"complexo de delegacias Sobradinho\"><figcaption>Foto: Ed Santos\/Acorda Cidade<\/figcaption><\/figure>\n<\/div>\n<p>Nesta sexta-feira (1\u00ba), a Pol\u00edcia Civil da Bahia, por meio da Delegacia para o Adolescente Infrator (DAI), em a\u00e7\u00e3o conjunta com a Delegacia de Repress\u00e3o a Furtos e Roubos (DRFR) de Feira de Santana, deu cumprimento ao mandado de busca e apreens\u00e3o expedido pela 1\u00aa Vara da Inf\u00e2ncia e Juventude da Comarca de Feira de Santana, em desfavor de um adolescente. <\/p>\n<p>O jovem apreendido possui diversas passagens pela pol\u00edcia, sendo investigado pela pr\u00e1tica de atos infracionais an\u00e1logos aos crimes de:<\/p>\n<pre class=\"wp-block-code\"><code>\u2022   Homic\u00eddio Qualificado, tendo como v\u00edtima Emanuela dos Santos Menezes;\n\u2022   Homic\u00eddio Simples, cuja v\u00edtima foi Israildo Rios da Silva;\n\u2022   Tr\u00e1fico de Drogas;\n\u2022   Tentativa de Homic\u00eddio, contra Albert dos Santos Nunes Oliveira;\n\u2022   Porte Ilegal de Arma de Fogo.<\/code><\/pre>\n<p>Ap\u00f3s o cumprimento do mandado, foram realizados todos os atos cartor\u00e1rios necess\u00e1rios, com a devida comunica\u00e7\u00e3o da apreens\u00e3o ao ju\u00edzo competente. <\/p>\n<p>O adolescente foi encaminhado ao Departamento de Pol\u00edcia T\u00e9cnica (DPT) para realiza\u00e7\u00e3o do exame pericial de les\u00e3o corporal e, posteriormente, apresentado ao Pronto Atendimento da Case Mello Matos, onde permanecer\u00e1 \u00e0 disposi\u00e7\u00e3o do Poder Judici\u00e1rio.<\/p>\n<p>A Pol\u00edcia Civil reafirmou ainda o compromisso com a prote\u00e7\u00e3o da sociedade e o enfrentamento \u00e0 criminalidade, inclusive no tocante aos atos infracionais cometidos por adolescentes.<\/p>\n<p><em>Siga o Acorda Cidade no<\/em><a href=\"https:\/\/news.google.com\/search?q=acorda%20cidade&amp;hl=pt-BR&amp;gl=BR&amp;ceid=BR%3Apt-419\"><strong><em>\u00a0Google Not\u00edcias<\/em><\/strong><\/a><em>\u00a0e receba os principais destaques do dia. Participe tamb\u00e9m dos nossos canais no\u00a0<\/em><a href=\"https:\/\/www.whatsapp.com\/channel\/0029Va6Rb4v3WHTNnsh8WI3N\"><strong><em>WhatsApp<\/em><\/strong><\/a><em>\u00a0e\u00a0<\/em><a href=\"https:\/\/www.youtube.com\/@acordacidadenoticias\/videos\"><strong>YouTube<\/strong><\/a><em>\u00a0e grupo de\u00a0<\/em><a href=\"https:\/\/t.me\/+sSz0khrgARA0ZmRh\"><strong><em>Telegram<\/em><\/strong><\/a><em>.<\/em><\/p>\n<\/div>\n","protected":false},"excerpt":{"rendered":"<div>\n<div>\n<figure><img decoding=\"async\" src=\"https:\/\/uploads.acordacidade.com.br\/2024\/12\/complexo-de-delegacias-de-Feira-de-Santana-no-Sobradinho-Foto-Ed-Santos-Acorda-Cidade-10.jpg\" alt=\"complexo de delegacias Sobradinho\"><figcaption>Foto: Ed Santos\/Acorda Cidade<\/figcaption><\/figure>\n<\/div>\n<p>O adolescente foi encaminhado ao Departamento de Pol\u00edcia T\u00e9cnica (DPT) para realiza\u00e7\u00e3o do exame pericial de les\u00e3o corporal .<\/p><\/div>\n","protected":false},"author":1,"featured_media":95499,"comment_status":"closed","ping_status":"closed","sticky":false,"template":"","format":"gallery","meta":{"footnotes":""},"categories":[8,9,6,57,56,10],"tags":[],"class_list":["post-95498","post","type-post","status-publish","format-gallery","has-post-thumbnail","hentry","category-bahia","category-brasil","category-feira-de-santana","category-mundo","category-policia","category-politica","post_format-post-format-gallery"],"featured_image_urls":{"full":["https:\/\/noticiasbahia360.com.br\/wp-content\/uploads\/2025\/08\/complexo-de-delegacias-de-Feira-de-Santana-no-Sobradinho-Foto-Ed-Santos-Acorda-Cidade-10.jpg",640,360,false],"thumbnail":["https:\/\/noticiasbahia360.com.br\/wp-content\/uploads\/2025\/08\/complexo-de-delegacias-de-Feira-de-Santana-no-Sobradinho-Foto-Ed-Santos-Acorda-Cidade-10-150x150.jpg",150,150,true],"medium":["https:\/\/noticiasbahia360.com.br\/wp-content\/uploads\/2025\/08\/complexo-de-delegacias-de-Feira-de-Santana-no-Sobradinho-Foto-Ed-Santos-Acorda-Cidade-10-300x169.jpg",300,169,true],"medium_large":["https:\/\/noticiasbahia360.com.br\/wp-content\/uploads\/2025\/08\/complexo-de-delegacias-de-Feira-de-Santana-no-Sobradinho-Foto-Ed-Santos-Acorda-Cidade-10.jpg",640,360,false],"large":["https:\/\/noticiasbahia360.com.br\/wp-content\/uploads\/2025\/08\/complexo-de-delegacias-de-Feira-de-Santana-no-Sobradinho-Foto-Ed-Santos-Acorda-Cidade-10.jpg",640,360,false],"1536x1536":["https:\/\/noticiasbahia360.com.br\/wp-content\/uploads\/2025\/08\/complexo-de-delegacias-de-Feira-de-Santana-no-Sobradinho-Foto-Ed-Santos-Acorda-Cidade-10.jpg",640,360,false],"2048x2048":["https:\/\/noticiasbahia360.com.br\/wp-content\/uploads\/2025\/08\/complexo-de-delegacias-de-Feira-de-Santana-no-Sobradinho-Foto-Ed-Santos-Acorda-Cidade-10.jpg",640,360,false],"chromenews-featured":["https:\/\/noticiasbahia360.com.br\/wp-content\/uploads\/2025\/08\/complexo-de-delegacias-de-Feira-de-Santana-no-Sobradinho-Foto-Ed-Santos-Acorda-Cidade-10.jpg",640,360,false],"chromenews-large":["https:\/\/noticiasbahia360.com.br\/wp-content\/uploads\/2025\/08\/complexo-de-delegacias-de-Feira-de-Santana-no-Sobradinho-Foto-Ed-Santos-Acorda-Cidade-10.jpg",640,360,false],"chromenews-medium":["https:\/\/noticiasbahia360.com.br\/wp-content\/uploads\/2025\/08\/complexo-de-delegacias-de-Feira-de-Santana-no-Sobradinho-Foto-Ed-Santos-Acorda-Cidade-10-590x360.jpg",590,360,true]},"author_info":{"display_name":"noticiasbahia360.com.br","author_link":"https:\/\/noticiasbahia360.com.br\/?author=1"},"category_info":"<a href=\"https:\/\/noticiasbahia360.com.br\/?cat=8\" rel=\"category\">Bahia<\/a> <a href=\"https:\/\/noticiasbahia360.com.br\/?cat=9\" rel=\"category\">Brasil<\/a> <a href=\"https:\/\/noticiasbahia360.com.br\/?cat=6\" rel=\"category\">Feira de Santana<\/a> <a href=\"https:\/\/noticiasbahia360.com.br\/?cat=57\" rel=\"category\">Mundo<\/a> <a href=\"https:\/\/noticiasbahia360.com.br\/?cat=56\" rel=\"category\">Pol\u00edcia<\/a> <a href=\"https:\/\/noticiasbahia360.com.br\/?cat=10\" rel=\"category\">Pol\u00edtica<\/a>","tag_info":"Pol\u00edtica","comment_count":"0","_links":{"self":[{"href":"https:\/\/noticiasbahia360.com.br\/index.php?rest_route=\/wp\/v2\/posts\/95498","targetHints":{"allow":["GET"]}}],"collection":[{"href":"https:\/\/noticiasbahia360.com.br\/index.php?rest_route=\/wp\/v2\/posts"}],"about":[{"href":"https:\/\/noticiasbahia360.com.br\/index.php?rest_route=\/wp\/v2\/types\/post"}],"author":[{"embeddable":true,"href":"https:\/\/noticiasbahia360.com.br\/index.php?rest_route=\/wp\/v2\/users\/1"}],"replies":[{"embeddable":true,"href":"https:\/\/noticiasbahia360.com.br\/index.php?rest_route=%2Fwp%2Fv2%2Fcomments&post=95498"}],"version-history":[{"count":0,"href":"https:\/\/noticiasbahia360.com.br\/index.php?rest_route=\/wp\/v2\/posts\/95498\/revisions"}],"wp:featuredmedia":[{"embeddable":true,"href":"https:\/\/noticiasbahia360.com.br\/index.php?rest_route=\/wp\/v2\/media\/95499"}],"wp:attachment":[{"href":"https:\/\/noticiasbahia360.com.br\/index.php?rest_route=%2Fwp%2Fv2%2Fmedia&parent=95498"}],"wp:term":[{"taxonomy":"category","embeddable":true,"href":"https:\/\/noticiasbahia360.com.br\/index.php?rest_route=%2Fwp%2Fv2%2Fcategories&post=95498"},{"taxonomy":"post_tag","embeddable":true,"href":"https:\/\/noticiasbahia360.com.br\/index.php?rest_route=%2Fwp%2Fv2%2Ftags&post=95498"}],"curies":[{"name":"wp","href":"https:\/\/api.w.org\/{rel}","templated":true}]}}