{"id":95500,"date":"2025-08-01T16:10:24","date_gmt":"2025-08-01T19:10:24","guid":{"rendered":"https:\/\/noticiasbahia360.com.br\/?p=95500"},"modified":"2025-08-01T16:10:24","modified_gmt":"2025-08-01T19:10:24","slug":"lore-rufis-revela-como-a-maternidade-transformou-seu-conteudo-e-fortaleceu-seu-vinculo-com-o-publico-no-mundo-digital","status":"publish","type":"post","link":"https:\/\/noticiasbahia360.com.br\/?p=95500","title":{"rendered":"Lore Rufis revela como a maternidade transformou seu conte\u00fado e fortaleceu seu v\u00ednculo com o p\u00fablico no mundo digital"},"content":{"rendered":"<div>\n<div>\n<figure><img decoding=\"async\" src=\"http:\/\/noticiasbahia360.com.br\/wp-content\/uploads\/2025\/08\/Lore-Rufis.jpeg\" alt=\"Lore Rufis\"><figcaption>Lore Rufis | Foto: William Vieira<\/figcaption><\/figure>\n<\/div>\n<p>Lorena Rufino, mais conhecida como Lore Rufis, \u00e9 uma jovem criadora de conte\u00fado de 26 anos que conquistou seu espa\u00e7o na internet em 2019 e desde ent\u00e3o vem compartilhando suas diferentes vers\u00f5es e experi\u00eancias com seu p\u00fablico.<\/p>\n<p>Lore j\u00e1 trabalhou com diversas marcas nacionais e internacionais,<a href=\"https:\/\/www.acordacidade.com.br\/entretenimento\/da-bahia-para-o-mundo-lore-rufis-expande-carreira-internacional-com-projeto-global-da-fanta\/\"> j\u00e1 viajou para outros pa\u00edses para representar marcas<\/a>, j\u00e1 fez grava\u00e7\u00f5es para televis\u00e3o e webs\u00e9ries, j\u00e1 entrevistou diversos artista em shows e festivais, e hoje, m\u00e3e do pequeno Jos\u00e9. Ela vive uma fase de transforma\u00e7\u00e3o que reflete diretamente na sua forma de produzir e compartilhar conte\u00fado, mas sem perder sua autenticidade e \u00f3tima rela\u00e7\u00e3o com as marcas parceiras.<\/p>\n<p>A maternidade trouxe uma nova perspectiva para Lore, que passou a enxergar a vida com mais calma e compaix\u00e3o. Ela revela que, ap\u00f3s se tornar m\u00e3e, aprendeu a valorizar momentos simples, como um sorriso do seu filho, e a dar menos import\u00e2ncia \u00e0s preocupa\u00e7\u00f5es que antes pareciam essenciais. Essa experi\u00eancia intensificou sua conex\u00e3o com o p\u00fablico, tornando seu conte\u00fado mais real, sens\u00edvel e aut\u00eantico.<\/p>\n<p>Apesar dos desafios de equilibrar a exposi\u00e7\u00e3o p\u00fablica com a preserva\u00e7\u00e3o da intimidade, Lore busca dividir sua hist\u00f3ria com responsabilidade e respeito, sempre pensando no bem-estar do Jos\u00e9. Ela deixa claro que seu filho faz parte do seu universo digital de forma natural, mas com cuidado, refor\u00e7ando que ele \u00e9 uma presen\u00e7a amorosa, e n\u00e3o um personagem.<\/p>\n<p>Para Lore, ser m\u00e3e e criadora de conte\u00fado s\u00e3o pap\u00e9is que se complementam, embora exijam momentos de pausa e reflex\u00e3o. Sua experi\u00eancia trouxe uma maior criatividade e conex\u00e3o emocional, ajudando-a a mostrar uma vers\u00e3o mais verdadeira de si mesma. Ela incentiva outras m\u00e3es que vivem essa jornada a se libertarem da press\u00e3o de perfei\u00e7\u00e3o, lembrando que a maternidade \u00e9 feita de dias bons, desafiadores e muitas transforma\u00e7\u00f5es.<\/p>\n<p>A participa\u00e7\u00e3o do Jos\u00e9 nas redes \u00e9 sempre feita com consci\u00eancia e respeito, refor\u00e7ando que ele \u00e9 uma parte importante da sua hist\u00f3ria, com todo o amor e cuidado que merece. Essa autenticidade tamb\u00e9m impactou positivamente sua rela\u00e7\u00e3o com o p\u00fablico e o mercado publicit\u00e1rio, que passou a enxergar Lore de forma mais completa \u2014 como mulher, m\u00e3e e criadora.<\/p>\n<p>Hoje, Lore Rufis \u00e9 uma inspira\u00e7\u00e3o para quem busca viver a maternidade de forma honesta, sem m\u00e1scaras, e mostrando que \u00e9 poss\u00edvel ser verdadeira, sens\u00edvel e forte ao mesmo tempo. Ela encontrou o perfeito equil\u00edbrio onde consegue compartilhar seus v\u00eddeos de humor, com cen\u00e1rios e contextos variados, seus v\u00eddeos de beleza com dicas de autocuidado, e tamb\u00e9m sua realidade sendo m\u00e3e no mundo digital. Sua trajet\u00f3ria prova que a conex\u00e3o genu\u00edna \u00e9 o maior valor na comunica\u00e7\u00e3o digital.<\/p>\n<p><em>Siga o Acorda Cidade no<\/em><a href=\"https:\/\/news.google.com\/search?q=acorda%20cidade&amp;hl=pt-BR&amp;gl=BR&amp;ceid=BR%3Apt-419\"><strong><em>\u00a0Google Not\u00edcias<\/em><\/strong><\/a><em>\u00a0e receba os principais destaques do dia. Participe tamb\u00e9m dos nossos canais no\u00a0<\/em><a href=\"https:\/\/www.whatsapp.com\/channel\/0029Va6Rb4v3WHTNnsh8WI3N\"><strong><em>WhatsApp<\/em><\/strong><\/a><em>\u00a0e\u00a0<\/em><a href=\"https:\/\/www.youtube.com\/@acordacidadenoticias\/videos\"><strong>YouTube<\/strong><\/a><em>\u00a0e grupo de\u00a0<\/em><a href=\"https:\/\/t.me\/+sSz0khrgARA0ZmRh\"><strong><em>Telegram<\/em><\/strong><\/a><\/p>\n<\/div>\n","protected":false},"excerpt":{"rendered":"<div>\n<div>\n<figure><img decoding=\"async\" src=\"https:\/\/uploads.acordacidade.com.br\/2025\/08\/Lore-Rufis.jpeg\" alt=\"Lore Rufis\"><figcaption>Lore Rufis | Foto: William Vieira<\/figcaption><\/figure>\n<\/div>\n<p> Ela revela que, ap\u00f3s se tornar m\u00e3e, aprendeu a valorizar momentos simples, como um sorriso do seu filho, Jos\u00e9.<\/p><\/div>\n","protected":false},"author":1,"featured_media":95501,"comment_status":"closed","ping_status":"closed","sticky":false,"template":"","format":"gallery","meta":{"footnotes":""},"categories":[8,9,6,57,56,10],"tags":[],"class_list":["post-95500","post","type-post","status-publish","format-gallery","has-post-thumbnail","hentry","category-bahia","category-brasil","category-feira-de-santana","category-mundo","category-policia","category-politica","post_format-post-format-gallery"],"featured_image_urls":{"full":["https:\/\/noticiasbahia360.com.br\/wp-content\/uploads\/2025\/08\/Lore-Rufis.jpeg",1200,900,false],"thumbnail":["https:\/\/noticiasbahia360.com.br\/wp-content\/uploads\/2025\/08\/Lore-Rufis-150x150.jpeg",150,150,true],"medium":["https:\/\/noticiasbahia360.com.br\/wp-content\/uploads\/2025\/08\/Lore-Rufis-300x225.jpeg",300,225,true],"medium_large":["https:\/\/noticiasbahia360.com.br\/wp-content\/uploads\/2025\/08\/Lore-Rufis-768x576.jpeg",640,480,true],"large":["https:\/\/noticiasbahia360.com.br\/wp-content\/uploads\/2025\/08\/Lore-Rufis-1024x768.jpeg",640,480,true],"1536x1536":["https:\/\/noticiasbahia360.com.br\/wp-content\/uploads\/2025\/08\/Lore-Rufis.jpeg",1200,900,false],"2048x2048":["https:\/\/noticiasbahia360.com.br\/wp-content\/uploads\/2025\/08\/Lore-Rufis.jpeg",1200,900,false],"chromenews-featured":["https:\/\/noticiasbahia360.com.br\/wp-content\/uploads\/2025\/08\/Lore-Rufis-1024x768.jpeg",1024,768,true],"chromenews-large":["https:\/\/noticiasbahia360.com.br\/wp-content\/uploads\/2025\/08\/Lore-Rufis-825x575.jpeg",825,575,true],"chromenews-medium":["https:\/\/noticiasbahia360.com.br\/wp-content\/uploads\/2025\/08\/Lore-Rufis-590x410.jpeg",590,410,true]},"author_info":{"display_name":"noticiasbahia360.com.br","author_link":"https:\/\/noticiasbahia360.com.br\/?author=1"},"category_info":"<a href=\"https:\/\/noticiasbahia360.com.br\/?cat=8\" rel=\"category\">Bahia<\/a> <a href=\"https:\/\/noticiasbahia360.com.br\/?cat=9\" rel=\"category\">Brasil<\/a> <a href=\"https:\/\/noticiasbahia360.com.br\/?cat=6\" rel=\"category\">Feira de Santana<\/a> <a href=\"https:\/\/noticiasbahia360.com.br\/?cat=57\" rel=\"category\">Mundo<\/a> <a href=\"https:\/\/noticiasbahia360.com.br\/?cat=56\" rel=\"category\">Pol\u00edcia<\/a> <a href=\"https:\/\/noticiasbahia360.com.br\/?cat=10\" rel=\"category\">Pol\u00edtica<\/a>","tag_info":"Pol\u00edtica","comment_count":"0","_links":{"self":[{"href":"https:\/\/noticiasbahia360.com.br\/index.php?rest_route=\/wp\/v2\/posts\/95500","targetHints":{"allow":["GET"]}}],"collection":[{"href":"https:\/\/noticiasbahia360.com.br\/index.php?rest_route=\/wp\/v2\/posts"}],"about":[{"href":"https:\/\/noticiasbahia360.com.br\/index.php?rest_route=\/wp\/v2\/types\/post"}],"author":[{"embeddable":true,"href":"https:\/\/noticiasbahia360.com.br\/index.php?rest_route=\/wp\/v2\/users\/1"}],"replies":[{"embeddable":true,"href":"https:\/\/noticiasbahia360.com.br\/index.php?rest_route=%2Fwp%2Fv2%2Fcomments&post=95500"}],"version-history":[{"count":0,"href":"https:\/\/noticiasbahia360.com.br\/index.php?rest_route=\/wp\/v2\/posts\/95500\/revisions"}],"wp:featuredmedia":[{"embeddable":true,"href":"https:\/\/noticiasbahia360.com.br\/index.php?rest_route=\/wp\/v2\/media\/95501"}],"wp:attachment":[{"href":"https:\/\/noticiasbahia360.com.br\/index.php?rest_route=%2Fwp%2Fv2%2Fmedia&parent=95500"}],"wp:term":[{"taxonomy":"category","embeddable":true,"href":"https:\/\/noticiasbahia360.com.br\/index.php?rest_route=%2Fwp%2Fv2%2Fcategories&post=95500"},{"taxonomy":"post_tag","embeddable":true,"href":"https:\/\/noticiasbahia360.com.br\/index.php?rest_route=%2Fwp%2Fv2%2Ftags&post=95500"}],"curies":[{"name":"wp","href":"https:\/\/api.w.org\/{rel}","templated":true}]}}