{"id":95509,"date":"2025-08-01T17:57:02","date_gmt":"2025-08-01T20:57:02","guid":{"rendered":"https:\/\/noticiasbahia360.com.br\/?p=95509"},"modified":"2025-08-01T17:57:02","modified_gmt":"2025-08-01T20:57:02","slug":"escolas-da-rede-municipal-podem-se-inscrever-para-a-flifs-2025-a-partir-de-segunda-feira-4","status":"publish","type":"post","link":"https:\/\/noticiasbahia360.com.br\/?p=95509","title":{"rendered":"Escolas da rede municipal podem se inscrever para a Flifs 2025 a partir de segunda-feira (4)"},"content":{"rendered":"<div>\n<div>\n<figure><img decoding=\"async\" src=\"http:\/\/noticiasbahia360.com.br\/wp-content\/uploads\/2025\/08\/XBvy7Gkn-criancas-na-flifs-foto-jorge-magalhaes-e-sara-silva.jpg\" alt=\"Flifs crian\u00e7as\"><figcaption>Foto: Arquivo \/ Jorge Magalh\u00e3es e Sara Silva <\/figcaption><\/figure>\n<\/div>\n<p>A Secretaria Municipal de Educa\u00e7\u00e3o de Feira de Santana anunciou a abertura das inscri\u00e7\u00f5es para a participa\u00e7\u00e3o das escolas da rede municipal de ensino na 18\u00aa edi\u00e7\u00e3o do Festival Liter\u00e1rio e Cultural de Feira de Santana (FLIFS). O evento ser\u00e1 realizado entre os dias 23 e 28 de setembro, na Pra\u00e7a Padre Ov\u00eddio (Pra\u00e7a da Matriz). As informa\u00e7\u00f5es foram divulgadas em edi\u00e7\u00e3o do Di\u00e1rio Oficial Eletr\u00f4nico nesta sexta-feira (1\u00ba).<\/p>\n<p>As inscri\u00e7\u00f5es estar\u00e3o abertas no per\u00edodo de segunda (4) a sexta-feira (8 de agosto), exclusivamente via <em><a href=\"https:\/\/docs.google.com\/forms\/d\/e\/1FAIpQLSf8AQgdN-HJPuF8Mvgm3n6N46zcG0nnFhdFmn00CraR-J33NA\/viewform?usp=dialog\" target=\"_blank\" rel=\"noreferrer noopener\">formul\u00e1rio eletr\u00f4nico aqui<\/a><\/em>. Para se inscrever, as escolas devem enviar as seguintes informa\u00e7\u00f5es:- Lista com at\u00e9 40 estudantes contendo nome, matr\u00edcula, data de nascimento e nome da m\u00e3e;<\/p>\n<p>\u2013 Declara\u00e7\u00e3o de acompanhamento por profissionais da escola;<br \/>\u2013 Autoriza\u00e7\u00e3o dos respons\u00e1veis legais de cada aluno.<\/p>\n<p>Os dias e turnos de visita\u00e7\u00e3o ser\u00e3o definidos conforme a ordem de inscri\u00e7\u00e3o, e n\u00e3o ser\u00e1 permitida altera\u00e7\u00e3o posterior. Os resultados das inscri\u00e7\u00f5es ser\u00e3o divulgados em 15 de agosto, via e-mail institucional das escolas.<\/p>\n<figure class=\"wp-block-image size-full is-resized\"><img fetchpriority=\"high\" fetchpriority=\"high\" decoding=\"async\" width=\"640\" height=\"446\" src=\"http:\/\/noticiasbahia360.com.br\/wp-content\/uploads\/2025\/08\/2noYAeBg-Distribuicao-de-vale-livros-marca-primeiro-dia-de-participacao-de-alunos-das-escolas-municipais-no-Flifs5-jpg.webp\" alt=\"Alunos da rede municipal na Flifs\" class=\"wp-image-437096\" style=\"width:840px;height:auto\" srcset=\"https:\/\/uploads.acordacidade.com.br\/2024\/08\/2noYAeBg-Distribuicao-de-vale-livros-marca-primeiro-dia-de-participacao-de-alunos-das-escolas-municipais-no-Flifs5-150x105.webp 150w, http:\/\/noticiasbahia360.com.br\/wp-content\/uploads\/2025\/08\/2noYAeBg-Distribuicao-de-vale-livros-marca-primeiro-dia-de-participacao-de-alunos-das-escolas-municipais-no-Flifs5-jpg.webp 640w\" sizes=\"(max-width: 640px) 100vw, 640px\"><figcaption class=\"wp-element-caption\">Foto: Izinaldo Barreto<\/figcaption><\/figure>\n<h2 class=\"wp-block-heading\" id=\"h-visitas-com-direito-a-vale-livro\">Visitas com direito a vale-livro<\/h2>\n<p>A Flifs 2025 destinar\u00e1 vagas para 63 escolas da sede municipal e 16 dos distritos, com at\u00e9 30 alunos por unidade. Os participantes receber\u00e3o vales-livro no valor de R$ 50 para estudantes e R$ 80 para professores e especialistas da rede municipal, inclusive aposentados. A iniciativa visa estimular o contato com a literatura e democratizar o acesso ao acervo disponibilizado durante o festival.<\/p>\n<h2 class=\"wp-block-heading\" id=\"h-apresentacoes-culturais\">Apresenta\u00e7\u00f5es culturais<\/h2>\n<p>Al\u00e9m das visitas, 21 escolas municipais ser\u00e3o selecionadas para apresenta\u00e7\u00f5es culturais que acontecer\u00e3o ao longo da programa\u00e7\u00e3o. As exibi\u00e7\u00f5es devem durar at\u00e9 10 minutos e envolver at\u00e9 15 estudantes por escola. As atividades devem estar vinculadas a projetos escolares e representar uma culmin\u00e2ncia de a\u00e7\u00f5es de leitura e cultura desenvolvidas nas unidades.<\/p>\n<figure class=\"wp-block-image size-full is-resized\"><img decoding=\"async\" width=\"640\" height=\"417\" src=\"http:\/\/noticiasbahia360.com.br\/wp-content\/uploads\/2025\/08\/yTMqfEVP-Distribuicao-de-vale-livros-marca-primeiro-dia-de-participacao-de-alunos-das-escolas-municipais-no-Flifs4-jpg.webp\" alt=\"Alunos da rede municipal na Flifs\" class=\"wp-image-437095\" style=\"width:840px;height:auto\" srcset=\"https:\/\/uploads.acordacidade.com.br\/2024\/08\/yTMqfEVP-Distribuicao-de-vale-livros-marca-primeiro-dia-de-participacao-de-alunos-das-escolas-municipais-no-Flifs4-150x98.webp 150w, http:\/\/noticiasbahia360.com.br\/wp-content\/uploads\/2025\/08\/yTMqfEVP-Distribuicao-de-vale-livros-marca-primeiro-dia-de-participacao-de-alunos-das-escolas-municipais-no-Flifs4-jpg.webp 640w\" sizes=\"(max-width: 640px) 100vw, 640px\"><figcaption class=\"wp-element-caption\">Foto: Izinaldo Barreto<\/figcaption><\/figure>\n<p>O evento \u00e9 promovido em parceria com a Universidade Estadual de Feira de Santana (Uefs), Arquidiocese de Feira de Santana, N\u00facleo Regional de Educa\u00e7\u00e3o 19 (NRE 19), Sesce Prefeitura Municipal. A coordena\u00e7\u00e3o da participa\u00e7\u00e3o das escolas municipais est\u00e1 a cargo das professoras Len\u00eds Almeida da Silva Perez, Raquel Santos Sim\u00f5es Guirra e Sammara Silva Rodrigues Chaves.<\/p>\n<p>A Flifs se consolida como um dos principais eventos culturais da Bahia, e a participa\u00e7\u00e3o ativa das escolas municipais refor\u00e7a o papel da educa\u00e7\u00e3o p\u00fablica na promo\u00e7\u00e3o da leitura, da cultura e da cidadania.<\/p>\n<p><em>Com informa\u00e7\u00f5es da Secretaria Municipal de Comunica\u00e7\u00e3o Social (Secom) <\/em><\/p>\n<p><em>Siga o Acorda Cidade no<\/em><a href=\"https:\/\/news.google.com\/search?q=acorda%20cidade&amp;hl=pt-BR&amp;gl=BR&amp;ceid=BR%3Apt-419\"><strong><em>\u00a0Google Not\u00edcias<\/em><\/strong><\/a><em>\u00a0e receba os principais destaques do dia. Participe tamb\u00e9m dos nossos canais no\u00a0<\/em><a href=\"https:\/\/whatsapp.com\/channel\/0029Va6Rb4v3WHTNnsh8WI3N\"><strong><em>WhatsApp<\/em><\/strong><\/a><em>\u00a0e\u00a0<\/em><a href=\"https:\/\/www.youtube.com\/@acordacidadenoticias\/videos\"><strong>Youtube<\/strong><\/a><em>\u00a0e grupo de\u00a0<\/em><a href=\"https:\/\/t.me\/+sSz0khrgARA0ZmRh\"><strong><em>Telegram<\/em><\/strong><\/a><em>.<\/em><\/p>\n<\/div>\n","protected":false},"excerpt":{"rendered":"<div>\n<div>\n<figure><img decoding=\"async\" src=\"https:\/\/uploads.acordacidade.com.br\/2024\/08\/XBvy7Gkn-criancas-na-flifs-foto-jorge-magalhaes-e-sara-silva.jpg\" alt=\"Flifs crian\u00e7as\"><figcaption>Foto: Arquivo \/ Jorge Magalh\u00e3es e Sara Silva <\/figcaption><\/figure>\n<\/div>\n<p>A Flifs 2025 destinar\u00e1 vagas para 63 escolas da sede municipal e 16 dos distritos, com at\u00e9 30 alunos por unidade.<\/p><\/div>\n","protected":false},"author":1,"featured_media":95510,"comment_status":"closed","ping_status":"closed","sticky":false,"template":"","format":"gallery","meta":{"footnotes":""},"categories":[8,9,6,57,56,10],"tags":[],"class_list":["post-95509","post","type-post","status-publish","format-gallery","has-post-thumbnail","hentry","category-bahia","category-brasil","category-feira-de-santana","category-mundo","category-policia","category-politica","post_format-post-format-gallery"],"featured_image_urls":{"full":["https:\/\/noticiasbahia360.com.br\/wp-content\/uploads\/2025\/08\/XBvy7Gkn-criancas-na-flifs-foto-jorge-magalhaes-e-sara-silva.jpg",640,427,false],"thumbnail":["https:\/\/noticiasbahia360.com.br\/wp-content\/uploads\/2025\/08\/XBvy7Gkn-criancas-na-flifs-foto-jorge-magalhaes-e-sara-silva-150x150.jpg",150,150,true],"medium":["https:\/\/noticiasbahia360.com.br\/wp-content\/uploads\/2025\/08\/XBvy7Gkn-criancas-na-flifs-foto-jorge-magalhaes-e-sara-silva-300x200.jpg",300,200,true],"medium_large":["https:\/\/noticiasbahia360.com.br\/wp-content\/uploads\/2025\/08\/XBvy7Gkn-criancas-na-flifs-foto-jorge-magalhaes-e-sara-silva.jpg",640,427,false],"large":["https:\/\/noticiasbahia360.com.br\/wp-content\/uploads\/2025\/08\/XBvy7Gkn-criancas-na-flifs-foto-jorge-magalhaes-e-sara-silva.jpg",640,427,false],"1536x1536":["https:\/\/noticiasbahia360.com.br\/wp-content\/uploads\/2025\/08\/XBvy7Gkn-criancas-na-flifs-foto-jorge-magalhaes-e-sara-silva.jpg",640,427,false],"2048x2048":["https:\/\/noticiasbahia360.com.br\/wp-content\/uploads\/2025\/08\/XBvy7Gkn-criancas-na-flifs-foto-jorge-magalhaes-e-sara-silva.jpg",640,427,false],"chromenews-featured":["https:\/\/noticiasbahia360.com.br\/wp-content\/uploads\/2025\/08\/XBvy7Gkn-criancas-na-flifs-foto-jorge-magalhaes-e-sara-silva.jpg",640,427,false],"chromenews-large":["https:\/\/noticiasbahia360.com.br\/wp-content\/uploads\/2025\/08\/XBvy7Gkn-criancas-na-flifs-foto-jorge-magalhaes-e-sara-silva.jpg",640,427,false],"chromenews-medium":["https:\/\/noticiasbahia360.com.br\/wp-content\/uploads\/2025\/08\/XBvy7Gkn-criancas-na-flifs-foto-jorge-magalhaes-e-sara-silva-590x410.jpg",590,410,true]},"author_info":{"display_name":"noticiasbahia360.com.br","author_link":"https:\/\/noticiasbahia360.com.br\/?author=1"},"category_info":"<a href=\"https:\/\/noticiasbahia360.com.br\/?cat=8\" rel=\"category\">Bahia<\/a> <a href=\"https:\/\/noticiasbahia360.com.br\/?cat=9\" rel=\"category\">Brasil<\/a> <a href=\"https:\/\/noticiasbahia360.com.br\/?cat=6\" rel=\"category\">Feira de Santana<\/a> <a href=\"https:\/\/noticiasbahia360.com.br\/?cat=57\" rel=\"category\">Mundo<\/a> <a href=\"https:\/\/noticiasbahia360.com.br\/?cat=56\" rel=\"category\">Pol\u00edcia<\/a> <a href=\"https:\/\/noticiasbahia360.com.br\/?cat=10\" rel=\"category\">Pol\u00edtica<\/a>","tag_info":"Pol\u00edtica","comment_count":"0","_links":{"self":[{"href":"https:\/\/noticiasbahia360.com.br\/index.php?rest_route=\/wp\/v2\/posts\/95509","targetHints":{"allow":["GET"]}}],"collection":[{"href":"https:\/\/noticiasbahia360.com.br\/index.php?rest_route=\/wp\/v2\/posts"}],"about":[{"href":"https:\/\/noticiasbahia360.com.br\/index.php?rest_route=\/wp\/v2\/types\/post"}],"author":[{"embeddable":true,"href":"https:\/\/noticiasbahia360.com.br\/index.php?rest_route=\/wp\/v2\/users\/1"}],"replies":[{"embeddable":true,"href":"https:\/\/noticiasbahia360.com.br\/index.php?rest_route=%2Fwp%2Fv2%2Fcomments&post=95509"}],"version-history":[{"count":0,"href":"https:\/\/noticiasbahia360.com.br\/index.php?rest_route=\/wp\/v2\/posts\/95509\/revisions"}],"wp:featuredmedia":[{"embeddable":true,"href":"https:\/\/noticiasbahia360.com.br\/index.php?rest_route=\/wp\/v2\/media\/95510"}],"wp:attachment":[{"href":"https:\/\/noticiasbahia360.com.br\/index.php?rest_route=%2Fwp%2Fv2%2Fmedia&parent=95509"}],"wp:term":[{"taxonomy":"category","embeddable":true,"href":"https:\/\/noticiasbahia360.com.br\/index.php?rest_route=%2Fwp%2Fv2%2Fcategories&post=95509"},{"taxonomy":"post_tag","embeddable":true,"href":"https:\/\/noticiasbahia360.com.br\/index.php?rest_route=%2Fwp%2Fv2%2Ftags&post=95509"}],"curies":[{"name":"wp","href":"https:\/\/api.w.org\/{rel}","templated":true}]}}