{"id":95519,"date":"2025-08-01T18:20:25","date_gmt":"2025-08-01T21:20:25","guid":{"rendered":"https:\/\/noticiasbahia360.com.br\/?p=95519"},"modified":"2025-08-01T18:20:25","modified_gmt":"2025-08-01T21:20:25","slug":"agentes-de-endemias-sao-contemplados-com-acao-de-saude-e-bem-estar-em-feira-de-santana","status":"publish","type":"post","link":"https:\/\/noticiasbahia360.com.br\/?p=95519","title":{"rendered":"Agentes de Endemias s\u00e3o contemplados com a\u00e7\u00e3o de sa\u00fade e bem-estar em Feira de Santana"},"content":{"rendered":"<div>\n<div>\n<figure><img decoding=\"async\" src=\"http:\/\/noticiasbahia360.com.br\/wp-content\/uploads\/2025\/08\/Agentes-de-Endemias-sao-contemplados-com-acao-de-saude-e-bem-estar.webp\" alt=\"Agentes de Endemias s\u00e3o contemplados com a\u00e7\u00e3o de sa\u00fade e bem-estar\"><figcaption>Foto: Renata Leite<\/figcaption><\/figure>\n<\/div>\n<p>Uma manh\u00e3 dedicada ao cuidado de quem cuida da sa\u00fade p\u00fablica. Nesta sexta-feira (1\u00ba), os agentes de combate \u00e0s endemias de Feira de Santana participaram de uma a\u00e7\u00e3o especial promovida pelo projeto Sa\u00fade no PA, uma iniciativa da Secretaria Municipal de Sa\u00fade, por meio do Centro de Controle de Endemias. O evento foi realizado no Centro Paroquial da Igreja Nossa Senhora das Gra\u00e7as, no bairro Cidade Nova.<\/p>\n<figure class=\"wp-block-image size-large\"><img fetchpriority=\"high\" fetchpriority=\"high\" decoding=\"async\" width=\"1152\" height=\"768\" src=\"http:\/\/noticiasbahia360.com.br\/wp-content\/uploads\/2025\/08\/Acao-de-saude-para-agentes-de-combate-as-endemias-Foto-Renata-Leite-11-1152x768-1.webp\" alt=\"Agentes de Endemias s\u00e3o contemplados com a\u00e7\u00e3o de sa\u00fade e bem-estar\" class=\"wp-image-579015\" srcset=\"https:\/\/uploads.acordacidade.com.br\/2025\/08\/Acao-de-saude-para-agentes-de-combate-as-endemias-Foto-Renata-Leite-11-548x365.webp 548w, http:\/\/noticiasbahia360.com.br\/wp-content\/uploads\/2025\/08\/Acao-de-saude-para-agentes-de-combate-as-endemias-Foto-Renata-Leite-11-1152x768-1.webp 1152w, https:\/\/uploads.acordacidade.com.br\/2025\/08\/Acao-de-saude-para-agentes-de-combate-as-endemias-Foto-Renata-Leite-11-830x553.webp 830w, https:\/\/uploads.acordacidade.com.br\/2025\/08\/Acao-de-saude-para-agentes-de-combate-as-endemias-Foto-Renata-Leite-11-150x100.webp 150w, https:\/\/uploads.acordacidade.com.br\/2025\/08\/Acao-de-saude-para-agentes-de-combate-as-endemias-Foto-Renata-Leite-11.webp 1200w\" sizes=\"(max-width: 1152px) 100vw, 1152px\"><figcaption class=\"wp-element-caption\">Foto: Renata Leite<\/figcaption><\/figure>\n<p>A edi\u00e7\u00e3o contemplou os profissionais que atuam nos bairros Parque Ip\u00ea, Cidade Nova, Jo\u00e3o Paulo e Mangabeira. Ao longo da manh\u00e3, os agentes tiveram acesso a diversos servi\u00e7os de sa\u00fade e bem-estar, como consultas com cl\u00ednico geral, atendimentos com psic\u00f3logo, nutricionista e assistente social, al\u00e9m da aplica\u00e7\u00e3o de vacinas, realiza\u00e7\u00e3o de testes r\u00e1pidos, aferi\u00e7\u00e3o de press\u00e3o arterial e glicemia, sess\u00f5es de massagem relaxante e um caf\u00e9 da manh\u00e3 especial.<\/p>\n<figure class=\"wp-block-image size-large\"><img decoding=\"async\" width=\"1152\" height=\"768\" src=\"http:\/\/noticiasbahia360.com.br\/wp-content\/uploads\/2025\/08\/Acao-de-saude-para-agentes-de-combate-as-endemias-Foto-Renata-Leite-31-1152x768-1.webp\" alt=\"Agentes de Endemias s\u00e3o contemplados com a\u00e7\u00e3o de sa\u00fade e bem-estar\" class=\"wp-image-579014\" srcset=\"https:\/\/uploads.acordacidade.com.br\/2025\/08\/Acao-de-saude-para-agentes-de-combate-as-endemias-Foto-Renata-Leite-31-548x365.webp 548w, http:\/\/noticiasbahia360.com.br\/wp-content\/uploads\/2025\/08\/Acao-de-saude-para-agentes-de-combate-as-endemias-Foto-Renata-Leite-31-1152x768-1.webp 1152w, https:\/\/uploads.acordacidade.com.br\/2025\/08\/Acao-de-saude-para-agentes-de-combate-as-endemias-Foto-Renata-Leite-31-830x553.webp 830w, https:\/\/uploads.acordacidade.com.br\/2025\/08\/Acao-de-saude-para-agentes-de-combate-as-endemias-Foto-Renata-Leite-31-150x100.webp 150w, https:\/\/uploads.acordacidade.com.br\/2025\/08\/Acao-de-saude-para-agentes-de-combate-as-endemias-Foto-Renata-Leite-31.webp 1200w\" sizes=\"(max-width: 1152px) 100vw, 1152px\"><figcaption class=\"wp-element-caption\">Foto: Renata Leite<\/figcaption><\/figure>\n<p>Ester Almeida de Matos, de 67 anos, atua como agente de endemias h\u00e1 16 anos e destacou a import\u00e2ncia da iniciativa voltada exclusivamente para a categoria.<\/p>\n<p>\u201cAtuar como agente de endemias \u00e9 um trabalho gratificante. Amo o que fa\u00e7o, que \u00e9 ajudar a comunidade evitando poss\u00edveis doen\u00e7as. \u00c9 a primeira vez que participo de um momento como esse, feito e pensado para a gente, e est\u00e1 sendo maravilhoso\u201d, relatou.<\/p>\n<figure class=\"wp-block-image size-large\"><img decoding=\"async\" width=\"1152\" height=\"768\" src=\"http:\/\/noticiasbahia360.com.br\/wp-content\/uploads\/2025\/08\/Acao-de-saude-para-agentes-de-combate-as-endemias-Foto-Renata-Leite-41-1152x768-1.webp\" alt=\"Agentes de Endemias s\u00e3o contemplados com a\u00e7\u00e3o de sa\u00fade e bem-estar\" class=\"wp-image-579013\" srcset=\"https:\/\/uploads.acordacidade.com.br\/2025\/08\/Acao-de-saude-para-agentes-de-combate-as-endemias-Foto-Renata-Leite-41-548x365.webp 548w, http:\/\/noticiasbahia360.com.br\/wp-content\/uploads\/2025\/08\/Acao-de-saude-para-agentes-de-combate-as-endemias-Foto-Renata-Leite-41-1152x768-1.webp 1152w, https:\/\/uploads.acordacidade.com.br\/2025\/08\/Acao-de-saude-para-agentes-de-combate-as-endemias-Foto-Renata-Leite-41-830x553.webp 830w, https:\/\/uploads.acordacidade.com.br\/2025\/08\/Acao-de-saude-para-agentes-de-combate-as-endemias-Foto-Renata-Leite-41-150x100.webp 150w, https:\/\/uploads.acordacidade.com.br\/2025\/08\/Acao-de-saude-para-agentes-de-combate-as-endemias-Foto-Renata-Leite-41.webp 1200w\" sizes=\"(max-width: 1152px) 100vw, 1152px\"><figcaption class=\"wp-element-caption\">Foto: Renata Leite<\/figcaption><\/figure>\n<p>A a\u00e7\u00e3o tamb\u00e9m foi elogiada por Ant\u00f4nio Rodrigues, que h\u00e1 24 anos atua no controle de endemias. \u201cN\u00f3s, homens, \u00e0s vezes nos descuidamos da sa\u00fade. Com essa a\u00e7\u00e3o, temos a oportunidade de acesso mais r\u00e1pido e f\u00e1cil\u201d, destacou.<\/p>\n<p>Segundo a chefe do setor de Controle Epidemiol\u00f3gico do munic\u00edpio, Verena Leal, o objetivo da a\u00e7\u00e3o \u00e9 valorizar os profissionais e garantir cuidados com a sa\u00fade daqueles que est\u00e3o na linha de frente no combate \u00e0s arboviroses.<\/p>\n<figure class=\"wp-block-image size-large\"><img decoding=\"async\" width=\"1152\" height=\"768\" src=\"http:\/\/noticiasbahia360.com.br\/wp-content\/uploads\/2025\/08\/Acao-de-saude-para-agentes-de-combate-as-endemias-Foto-Renata-Leite-61-1152x768-1.webp\" alt=\"Agentes de Endemias s\u00e3o contemplados com a\u00e7\u00e3o de sa\u00fade e bem-estar\" class=\"wp-image-579012\" srcset=\"https:\/\/uploads.acordacidade.com.br\/2025\/08\/Acao-de-saude-para-agentes-de-combate-as-endemias-Foto-Renata-Leite-61-548x365.webp 548w, http:\/\/noticiasbahia360.com.br\/wp-content\/uploads\/2025\/08\/Acao-de-saude-para-agentes-de-combate-as-endemias-Foto-Renata-Leite-61-1152x768-1.webp 1152w, https:\/\/uploads.acordacidade.com.br\/2025\/08\/Acao-de-saude-para-agentes-de-combate-as-endemias-Foto-Renata-Leite-61-830x553.webp 830w, https:\/\/uploads.acordacidade.com.br\/2025\/08\/Acao-de-saude-para-agentes-de-combate-as-endemias-Foto-Renata-Leite-61-150x100.webp 150w, https:\/\/uploads.acordacidade.com.br\/2025\/08\/Acao-de-saude-para-agentes-de-combate-as-endemias-Foto-Renata-Leite-61.webp 1200w\" sizes=\"(max-width: 1152px) 100vw, 1152px\"><figcaption class=\"wp-element-caption\">Foto: Renata Leite<\/figcaption><\/figure>\n<p>\u201cEssa \u00e9 uma a\u00e7\u00e3o voltada ao cuidado com nossos agentes de combate \u00e0s endemias. Vamos contemplar todas as frentes de trabalho, levando assist\u00eancia \u00e0 sa\u00fade para quem promove sa\u00fade nas comunidades\u201d, afirmou.<\/p>\n<p>A coordenadora do Centro de Controle de Endemias, Priscila Soares, refor\u00e7ou que o projeto ser\u00e1 estendido a todos os profissionais da \u00e1rea.<\/p>\n<p>\u201cEssa a\u00e7\u00e3o \u00e9 um reconhecimento e um cuidado merecido para aqueles que est\u00e3o diariamente em campo, zelando pela sa\u00fade da nossa popula\u00e7\u00e3o\u201d, completou.<\/p>\n<p><em>Com informa\u00e7\u00f5es da Secretaria Municipal de Comunica\u00e7\u00e3o Social (Secom) <\/em><\/p>\n<p><em>Siga o Acorda Cidade no<\/em><a href=\"https:\/\/news.google.com\/search?q=acorda%20cidade&amp;hl=pt-BR&amp;gl=BR&amp;ceid=BR%3Apt-419\"><strong><em>\u00a0Google Not\u00edcias<\/em><\/strong><\/a><em>\u00a0e receba os principais destaques do dia. Participe tamb\u00e9m dos nossos canais no\u00a0<\/em><a href=\"https:\/\/whatsapp.com\/channel\/0029Va6Rb4v3WHTNnsh8WI3N\"><strong><em>WhatsApp<\/em><\/strong><\/a><em>\u00a0e\u00a0<\/em><a href=\"https:\/\/www.youtube.com\/@acordacidadenoticias\/videos\"><strong>Youtube<\/strong><\/a><em>\u00a0e grupo de\u00a0<\/em><a href=\"https:\/\/t.me\/+sSz0khrgARA0ZmRh\"><strong><em>Telegram<\/em><\/strong><\/a><em>.<\/em><\/p>\n<\/div>\n","protected":false},"excerpt":{"rendered":"<div>\n<div>\n<figure><img decoding=\"async\" src=\"https:\/\/uploads.acordacidade.com.br\/2025\/08\/Agentes-de-Endemias-sao-contemplados-com-acao-de-saude-e-bem-estar.webp\" alt=\"Agentes de Endemias s\u00e3o contemplados com a\u00e7\u00e3o de sa\u00fade e bem-estar\"><figcaption>Foto: Renata Leite<\/figcaption><\/figure>\n<\/div>\n<p>A edi\u00e7\u00e3o contemplou os profissionais que atuam nos bairros Parque Ip\u00ea, Cidade Nova, Jo\u00e3o Paulo e Mangabeira.<\/p><\/div>\n","protected":false},"author":1,"featured_media":95520,"comment_status":"closed","ping_status":"closed","sticky":false,"template":"","format":"gallery","meta":{"footnotes":""},"categories":[8,9,6,57,56,10],"tags":[],"class_list":["post-95519","post","type-post","status-publish","format-gallery","has-post-thumbnail","hentry","category-bahia","category-brasil","category-feira-de-santana","category-mundo","category-policia","category-politica","post_format-post-format-gallery"],"featured_image_urls":{"full":["https:\/\/noticiasbahia360.com.br\/wp-content\/uploads\/2025\/08\/Agentes-de-Endemias-sao-contemplados-com-acao-de-saude-e-bem-estar.webp",1200,799,false],"thumbnail":["https:\/\/noticiasbahia360.com.br\/wp-content\/uploads\/2025\/08\/Agentes-de-Endemias-sao-contemplados-com-acao-de-saude-e-bem-estar-150x150.webp",150,150,true],"medium":["https:\/\/noticiasbahia360.com.br\/wp-content\/uploads\/2025\/08\/Agentes-de-Endemias-sao-contemplados-com-acao-de-saude-e-bem-estar-300x200.webp",300,200,true],"medium_large":["https:\/\/noticiasbahia360.com.br\/wp-content\/uploads\/2025\/08\/Agentes-de-Endemias-sao-contemplados-com-acao-de-saude-e-bem-estar-768x511.webp",640,426,true],"large":["https:\/\/noticiasbahia360.com.br\/wp-content\/uploads\/2025\/08\/Agentes-de-Endemias-sao-contemplados-com-acao-de-saude-e-bem-estar-1024x682.webp",640,426,true],"1536x1536":["https:\/\/noticiasbahia360.com.br\/wp-content\/uploads\/2025\/08\/Agentes-de-Endemias-sao-contemplados-com-acao-de-saude-e-bem-estar.webp",1200,799,false],"2048x2048":["https:\/\/noticiasbahia360.com.br\/wp-content\/uploads\/2025\/08\/Agentes-de-Endemias-sao-contemplados-com-acao-de-saude-e-bem-estar.webp",1200,799,false],"chromenews-featured":["https:\/\/noticiasbahia360.com.br\/wp-content\/uploads\/2025\/08\/Agentes-de-Endemias-sao-contemplados-com-acao-de-saude-e-bem-estar-1024x682.webp",1024,682,true],"chromenews-large":["https:\/\/noticiasbahia360.com.br\/wp-content\/uploads\/2025\/08\/Agentes-de-Endemias-sao-contemplados-com-acao-de-saude-e-bem-estar-825x575.webp",825,575,true],"chromenews-medium":["https:\/\/noticiasbahia360.com.br\/wp-content\/uploads\/2025\/08\/Agentes-de-Endemias-sao-contemplados-com-acao-de-saude-e-bem-estar-590x410.webp",590,410,true]},"author_info":{"display_name":"noticiasbahia360.com.br","author_link":"https:\/\/noticiasbahia360.com.br\/?author=1"},"category_info":"<a href=\"https:\/\/noticiasbahia360.com.br\/?cat=8\" rel=\"category\">Bahia<\/a> <a href=\"https:\/\/noticiasbahia360.com.br\/?cat=9\" rel=\"category\">Brasil<\/a> <a href=\"https:\/\/noticiasbahia360.com.br\/?cat=6\" rel=\"category\">Feira de Santana<\/a> <a href=\"https:\/\/noticiasbahia360.com.br\/?cat=57\" rel=\"category\">Mundo<\/a> <a href=\"https:\/\/noticiasbahia360.com.br\/?cat=56\" rel=\"category\">Pol\u00edcia<\/a> <a href=\"https:\/\/noticiasbahia360.com.br\/?cat=10\" rel=\"category\">Pol\u00edtica<\/a>","tag_info":"Pol\u00edtica","comment_count":"0","_links":{"self":[{"href":"https:\/\/noticiasbahia360.com.br\/index.php?rest_route=\/wp\/v2\/posts\/95519","targetHints":{"allow":["GET"]}}],"collection":[{"href":"https:\/\/noticiasbahia360.com.br\/index.php?rest_route=\/wp\/v2\/posts"}],"about":[{"href":"https:\/\/noticiasbahia360.com.br\/index.php?rest_route=\/wp\/v2\/types\/post"}],"author":[{"embeddable":true,"href":"https:\/\/noticiasbahia360.com.br\/index.php?rest_route=\/wp\/v2\/users\/1"}],"replies":[{"embeddable":true,"href":"https:\/\/noticiasbahia360.com.br\/index.php?rest_route=%2Fwp%2Fv2%2Fcomments&post=95519"}],"version-history":[{"count":0,"href":"https:\/\/noticiasbahia360.com.br\/index.php?rest_route=\/wp\/v2\/posts\/95519\/revisions"}],"wp:featuredmedia":[{"embeddable":true,"href":"https:\/\/noticiasbahia360.com.br\/index.php?rest_route=\/wp\/v2\/media\/95520"}],"wp:attachment":[{"href":"https:\/\/noticiasbahia360.com.br\/index.php?rest_route=%2Fwp%2Fv2%2Fmedia&parent=95519"}],"wp:term":[{"taxonomy":"category","embeddable":true,"href":"https:\/\/noticiasbahia360.com.br\/index.php?rest_route=%2Fwp%2Fv2%2Fcategories&post=95519"},{"taxonomy":"post_tag","embeddable":true,"href":"https:\/\/noticiasbahia360.com.br\/index.php?rest_route=%2Fwp%2Fv2%2Ftags&post=95519"}],"curies":[{"name":"wp","href":"https:\/\/api.w.org\/{rel}","templated":true}]}}