{"id":99010,"date":"2025-08-30T07:50:27","date_gmt":"2025-08-30T10:50:27","guid":{"rendered":"https:\/\/noticiasbahia360.com.br\/?p=99010"},"modified":"2025-08-30T07:50:27","modified_gmt":"2025-08-30T10:50:27","slug":"supremo-mantem-prisao-do-ex-jogador-robinho","status":"publish","type":"post","link":"https:\/\/noticiasbahia360.com.br\/?p=99010","title":{"rendered":"Supremo mant\u00e9m pris\u00e3o do ex-jogador Robinho"},"content":{"rendered":"<div>\n<div>\n<figure><img decoding=\"async\" src=\"http:\/\/noticiasbahia360.com.br\/wp-content\/uploads\/2025\/08\/ex-jogador-robinho-cbf-divulgacao-1.jpg\" alt=\"Ex-jogador Robinho\"><figcaption>Foto: CBF\/Divulga\u00e7\u00e3o<\/figcaption><\/figure>\n<\/div>\n<p>Ag\u00eancia Brasil \u2013 <strong>O Supremo Tribunal Federal (STF) decidiu nesta sexta-feira (29) manter a pris\u00e3o do ex-jogador de futebol Robinho<\/strong>. O ex-atleta est\u00e1 preso no Brasil desde mar\u00e7o do ano passado.<\/p>\n<p><strong>Robinho cumpre condena\u00e7\u00e3o de nove anos de pris\u00e3o pelo envolvimento no estupro de uma mulher,<\/strong>\u00a0ocorrido dentro de uma boate de Mil\u00e3o, na It\u00e1lia, em 2013.<img decoding=\"async\" src=\"https:\/\/agenciabrasil.ebc.com.br\/ebc.png?id=1656483&amp;o=node\"><img decoding=\"async\" src=\"https:\/\/agenciabrasil.ebc.com.br\/ebc.gif?id=1656483&amp;o=node\"><\/p>\n<p>Com placar de 10 votos a 1, a maioria dos ministros da Corte se manifestou pela manuten\u00e7\u00e3o da pris\u00e3o.<\/p>\n<p>O julgamento virtual do caso come\u00e7ou na semana passada e foi encerrado nesta sexta-feira (29).<\/p>\n<p><strong>O STF\u00a0julgou um recurso da defesa\u00a0contra decis\u00e3o do Superior Tribunal de Justi\u00e7a (STJ)<\/strong>, que homologou a senten\u00e7a da Justi\u00e7a italiana e determinou a pris\u00e3o imediata do ex-atleta, em mar\u00e7o de 2024.<\/p>\n<p>Os votos favor\u00e1veis \u00e0 manuten\u00e7\u00e3o da pris\u00e3o foram proferidos pelos ministros Luiz Fux, Alexandre de Moraes, Dias Toffoli, Andr\u00e9 Mendon\u00e7a, Cristiano Zanin, Edson Fachin, C\u00e1rmen L\u00facia, Fl\u00e1vio Dino, Lu\u00eds Roberto Barroso e Nunes Marques.<\/p>\n<p>O \u00fanico voto a favor da concess\u00e3o de liberdade ao ex-jogador foi\u00a0proferido por Gilmar Mendes.\u00a0No entendimento do ministro, a pris\u00e3o de Robinho s\u00f3 poderia ser executada no Brasil ap\u00f3s o fim da possibilidade de recursos contra a decis\u00e3o do STJ.<\/p>\n<p><strong>Robinho est\u00e1 preso\u00a0no complexo penitenci\u00e1rio de Trememb\u00e9, em S\u00e3o Paulo.\u00a0<\/strong><\/p>\n<p><em>Siga o Acorda Cidade no<\/em><a href=\"https:\/\/news.google.com\/search?q=acorda%20cidade&amp;hl=pt-BR&amp;gl=BR&amp;ceid=BR%3Apt-419\"><strong><em>\u00a0Google Not\u00edcias<\/em><\/strong><\/a><em>\u00a0e receba os principais destaques do dia. Participe tamb\u00e9m dos nossos canais no\u00a0<\/em><a href=\"https:\/\/www.whatsapp.com\/channel\/0029Va6Rb4v3WHTNnsh8WI3N\"><strong><em>WhatsApp<\/em><\/strong><\/a><em>\u00a0e\u00a0<\/em><a href=\"https:\/\/www.youtube.com\/@acordacidadenoticias\/videos\"><strong>Youtube<\/strong><\/a><em>\u00a0e grupo de\u00a0<\/em><a href=\"https:\/\/t.me\/+sSz0khrgARA0ZmRh\"><strong><em>Telegram<\/em><\/strong><\/a><em>.<\/em><\/p>\n<\/div>\n","protected":false},"excerpt":{"rendered":"<div>\n<div>\n<figure><img decoding=\"async\" src=\"https:\/\/uploads.acordacidade.com.br\/2025\/08\/ex-jogador-robinho-cbf-divulgacao.jpg\" alt=\"Ex-jogador Robinho\"><figcaption>Foto: CBF\/Divulga\u00e7\u00e3o<\/figcaption><\/figure>\n<\/div>\n<p>Robinho cumpre condena\u00e7\u00e3o de nove anos de pris\u00e3o pelo envolvimento no estupro de uma mulher,\u00a0ocorrido na It\u00e1lia, em 2013.<\/p><\/div>\n","protected":false},"author":1,"featured_media":99011,"comment_status":"closed","ping_status":"closed","sticky":false,"template":"","format":"gallery","meta":{"footnotes":""},"categories":[8,9,6,57,56,10],"tags":[],"class_list":["post-99010","post","type-post","status-publish","format-gallery","has-post-thumbnail","hentry","category-bahia","category-brasil","category-feira-de-santana","category-mundo","category-policia","category-politica","post_format-post-format-gallery"],"featured_image_urls":{"full":["https:\/\/noticiasbahia360.com.br\/wp-content\/uploads\/2025\/08\/ex-jogador-robinho-cbf-divulgacao-1.jpg",1200,801,false],"thumbnail":["https:\/\/noticiasbahia360.com.br\/wp-content\/uploads\/2025\/08\/ex-jogador-robinho-cbf-divulgacao-1-150x150.jpg",150,150,true],"medium":["https:\/\/noticiasbahia360.com.br\/wp-content\/uploads\/2025\/08\/ex-jogador-robinho-cbf-divulgacao-1-300x200.jpg",300,200,true],"medium_large":["https:\/\/noticiasbahia360.com.br\/wp-content\/uploads\/2025\/08\/ex-jogador-robinho-cbf-divulgacao-1-768x513.jpg",640,428,true],"large":["https:\/\/noticiasbahia360.com.br\/wp-content\/uploads\/2025\/08\/ex-jogador-robinho-cbf-divulgacao-1-1024x684.jpg",640,428,true],"1536x1536":["https:\/\/noticiasbahia360.com.br\/wp-content\/uploads\/2025\/08\/ex-jogador-robinho-cbf-divulgacao-1.jpg",1200,801,false],"2048x2048":["https:\/\/noticiasbahia360.com.br\/wp-content\/uploads\/2025\/08\/ex-jogador-robinho-cbf-divulgacao-1.jpg",1200,801,false],"chromenews-featured":["https:\/\/noticiasbahia360.com.br\/wp-content\/uploads\/2025\/08\/ex-jogador-robinho-cbf-divulgacao-1-1024x684.jpg",1024,684,true],"chromenews-large":["https:\/\/noticiasbahia360.com.br\/wp-content\/uploads\/2025\/08\/ex-jogador-robinho-cbf-divulgacao-1-825x575.jpg",825,575,true],"chromenews-medium":["https:\/\/noticiasbahia360.com.br\/wp-content\/uploads\/2025\/08\/ex-jogador-robinho-cbf-divulgacao-1-590x410.jpg",590,410,true]},"author_info":{"display_name":"noticiasbahia360.com.br","author_link":"https:\/\/noticiasbahia360.com.br\/?author=1"},"category_info":"<a href=\"https:\/\/noticiasbahia360.com.br\/?cat=8\" rel=\"category\">Bahia<\/a> <a href=\"https:\/\/noticiasbahia360.com.br\/?cat=9\" rel=\"category\">Brasil<\/a> <a href=\"https:\/\/noticiasbahia360.com.br\/?cat=6\" rel=\"category\">Feira de Santana<\/a> <a href=\"https:\/\/noticiasbahia360.com.br\/?cat=57\" rel=\"category\">Mundo<\/a> <a href=\"https:\/\/noticiasbahia360.com.br\/?cat=56\" rel=\"category\">Pol\u00edcia<\/a> <a href=\"https:\/\/noticiasbahia360.com.br\/?cat=10\" rel=\"category\">Pol\u00edtica<\/a>","tag_info":"Pol\u00edtica","comment_count":"0","_links":{"self":[{"href":"https:\/\/noticiasbahia360.com.br\/index.php?rest_route=\/wp\/v2\/posts\/99010","targetHints":{"allow":["GET"]}}],"collection":[{"href":"https:\/\/noticiasbahia360.com.br\/index.php?rest_route=\/wp\/v2\/posts"}],"about":[{"href":"https:\/\/noticiasbahia360.com.br\/index.php?rest_route=\/wp\/v2\/types\/post"}],"author":[{"embeddable":true,"href":"https:\/\/noticiasbahia360.com.br\/index.php?rest_route=\/wp\/v2\/users\/1"}],"replies":[{"embeddable":true,"href":"https:\/\/noticiasbahia360.com.br\/index.php?rest_route=%2Fwp%2Fv2%2Fcomments&post=99010"}],"version-history":[{"count":0,"href":"https:\/\/noticiasbahia360.com.br\/index.php?rest_route=\/wp\/v2\/posts\/99010\/revisions"}],"wp:featuredmedia":[{"embeddable":true,"href":"https:\/\/noticiasbahia360.com.br\/index.php?rest_route=\/wp\/v2\/media\/99011"}],"wp:attachment":[{"href":"https:\/\/noticiasbahia360.com.br\/index.php?rest_route=%2Fwp%2Fv2%2Fmedia&parent=99010"}],"wp:term":[{"taxonomy":"category","embeddable":true,"href":"https:\/\/noticiasbahia360.com.br\/index.php?rest_route=%2Fwp%2Fv2%2Fcategories&post=99010"},{"taxonomy":"post_tag","embeddable":true,"href":"https:\/\/noticiasbahia360.com.br\/index.php?rest_route=%2Fwp%2Fv2%2Ftags&post=99010"}],"curies":[{"name":"wp","href":"https:\/\/api.w.org\/{rel}","templated":true}]}}