{"id":99012,"date":"2025-08-30T07:55:32","date_gmt":"2025-08-30T10:55:32","guid":{"rendered":"https:\/\/noticiasbahia360.com.br\/?p=99012"},"modified":"2025-08-30T07:55:32","modified_gmt":"2025-08-30T10:55:32","slug":"pedagogo-de-feira-de-santana-lanca-livro-infantil-e-realiza-acao-beneficente-para-ajudar-criancas-carentes","status":"publish","type":"post","link":"https:\/\/noticiasbahia360.com.br\/?p=99012","title":{"rendered":"Pedagogo de Feira de Santana lan\u00e7a livro infantil e realiza a\u00e7\u00e3o beneficente para ajudar crian\u00e7as carentes"},"content":{"rendered":"<div>\n<div>\n<figure><img decoding=\"async\" src=\"http:\/\/noticiasbahia360.com.br\/wp-content\/uploads\/2025\/08\/WhatsApp-Image-2025-08-26-at-175133.jpg\" alt=\"Pedagogo de Feira de Santana lan\u00e7a livro infantil e realiza a\u00e7\u00e3o beneficente para ajudar crian\u00e7as carentes\"><figcaption>Foto: Arquivo pessoal<\/figcaption><\/figure>\n<\/div>\n<p>O lan\u00e7amento do livro \u201cAs Aventuras do Super Mister Toy e sua turma\u201d, escrito pelo pedagogo e l\u00edder comunit\u00e1rio Joabe Helan, ser\u00e1 marcado por uma a\u00e7\u00e3o beneficente voltada para ajudar crian\u00e7as carentes de Feira de Santana. <strong>O lan\u00e7amento acontecer\u00e1 no dia 3 de outubro de 2025, no sal\u00e3o anexo do Col\u00e9gio \u00c1gape, localizado no bairro Cidade Nova, em Feira de Santana, \u00e0s 19h30.<\/strong><\/p>\n<p>Durante o evento, haver\u00e1 a arrecada\u00e7\u00e3o de brinquedos novos e usados, que ser\u00e3o destinados \u00e0s crian\u00e7as carentes. Ao Acorda Cidade, Joabe destacou que o principal objetivo \u00e9 ajudar. \u201cAcredito que todos n\u00f3s carregamos um her\u00f3i dentro de n\u00f3s, basta estender a m\u00e3o a quem precisa\u201d, afirmou.<\/p>\n<h3 class=\"wp-block-heading\" id=\"h-o-livro\">O livro<\/h3>\n<p>Segundo Joabe Helan, \u201cAs Aventuras do Super Mister Toy e sua turma\u201d \u00e9 uma obra escrita com o prop\u00f3sito de resgatar valores importantes e incentivar crian\u00e7as e adultos a sonharem e se reconectarem com uma inf\u00e2ncia l\u00fadica e saud\u00e1vel. Ele afirmou que parte dos recursos obtidos com a venda do livro ser\u00e1 destinada ao apoio de crian\u00e7as em situa\u00e7\u00e3o de vulnerabilidade social.<\/p>\n<p>O livro, em formato de gibi, traz hist\u00f3rias cativantes combinadas com valores fundamentais para o desenvolvimento de cidad\u00e3os conscientes. Com refer\u00eancias b\u00edblicas e li\u00e7\u00f5es sobre bondade, respeito e empatia, a obra \u00e9 direcionada tanto para crian\u00e7as quanto para adultos, oferecendo reflex\u00f5es que conectam diferentes gera\u00e7\u00f5es.<\/p>\n<p>Para o pedagogo, o livro \u00e9 uma oportunidade de estimular a imagina\u00e7\u00e3o e o h\u00e1bito da leitura em meio a uma gera\u00e7\u00e3o altamente conectada aos dispositivos tecnol\u00f3gicos.<br \/>\u201cQuero que as crian\u00e7as de hoje voltem a imaginar, sonhar e sair um pouco das telas. A leitura tem o poder de transformar e conectar\u201d, disse Joabe.<\/p>\n<h3 class=\"wp-block-heading\" id=\"h-o-personagem-super-mister-toy\">O personagem Super Mister Toy<\/h3>\n<p>O personagem Super Mister Toy nasceu a partir de uma observa\u00e7\u00e3o do pr\u00f3prio Joabe, que percebeu sua facilidade de interagir e lidar com crian\u00e7as, seja pelos momentos espont\u00e2neos com seus filhos, Lara e Ravi, ou pelas brincadeiras que fazia imitando personagens infantis.<\/p>\n<figure class=\"wp-block-image size-large\"><img fetchpriority=\"high\" fetchpriority=\"high\" decoding=\"async\" width=\"976\" height=\"768\" src=\"http:\/\/noticiasbahia360.com.br\/wp-content\/uploads\/2025\/08\/WhatsApp-Image-2025-08-24-at-091905-976x768-1.jpg\" alt=\"Pedagogo de Feira de Santana lan\u00e7a livro infantil e realiza a\u00e7\u00e3o beneficente para ajudar crian\u00e7as carentes\" class=\"wp-image-586426\" srcset=\"https:\/\/uploads.acordacidade.com.br\/2025\/08\/WhatsApp-Image-2025-08-24-at-09.19.05-464x365.jpg 464w, http:\/\/noticiasbahia360.com.br\/wp-content\/uploads\/2025\/08\/WhatsApp-Image-2025-08-24-at-091905-976x768-1.jpg 976w, https:\/\/uploads.acordacidade.com.br\/2025\/08\/WhatsApp-Image-2025-08-24-at-09.19.05-703x553.jpg 703w, https:\/\/uploads.acordacidade.com.br\/2025\/08\/WhatsApp-Image-2025-08-24-at-09.19.05-140x110.jpg 140w, https:\/\/uploads.acordacidade.com.br\/2025\/08\/WhatsApp-Image-2025-08-24-at-09.19.05-301x237.jpg 301w, https:\/\/uploads.acordacidade.com.br\/2025\/08\/WhatsApp-Image-2025-08-24-at-09.19.05-150x118.jpg 150w, https:\/\/uploads.acordacidade.com.br\/2025\/08\/WhatsApp-Image-2025-08-24-at-09.19.05.jpg 1200w\" sizes=\"(max-width: 976px) 100vw, 976px\"><figcaption class=\"wp-element-caption\">Foto: Arquivo pessoal<\/figcaption><\/figure>\n<p>\u201cO Super Mister Toy representa esperan\u00e7a e muita alegria. Ele mostra que nem todo her\u00f3i usa capa ou tem superpoderes, mas que, ao ajudar algu\u00e9m, n\u00f3s tamb\u00e9m nos tornamos her\u00f3is. Essa \u00e9 a mensagem que espero deixar em cada lugar que visito, seja um hospital, uma escola ou uma comunidade\u201d, afirmou o autor.<\/p>\n<h3 class=\"wp-block-heading\" id=\"h-movimentos-sociais-para-transformar-vidas\">Movimentos sociais para transformar vidas<\/h3>\n<p>Com o lema \u201cCom grandes dons v\u00eam grandes possibilidades\u201d, Joabe j\u00e1 liderou a\u00e7\u00f5es sociais assumindo o papel do Super Mister Toy. Entre as experi\u00eancias mais marcantes, ele destacou uma visita ao Hospital Estadual da Crian\u00e7a, onde teve contato direto com crian\u00e7as em situa\u00e7\u00f5es graves.<\/p>\n<figure class=\"wp-block-image size-large is-resized\"><img decoding=\"async\" width=\"619\" height=\"768\" src=\"http:\/\/noticiasbahia360.com.br\/wp-content\/uploads\/2025\/08\/WhatsApp-Image-2025-08-24-at-091613-619x768-1.jpg\" alt=\"Pedagogo de Feira de Santana lan\u00e7a livro infantil e realiza a\u00e7\u00e3o beneficente para ajudar crian\u00e7as carentes\" class=\"wp-image-586425\" style=\"width:840px;height:auto\" srcset=\"https:\/\/uploads.acordacidade.com.br\/2025\/08\/WhatsApp-Image-2025-08-24-at-09.16.13-294x365.jpg 294w, http:\/\/noticiasbahia360.com.br\/wp-content\/uploads\/2025\/08\/WhatsApp-Image-2025-08-24-at-091613-619x768-1.jpg 619w, https:\/\/uploads.acordacidade.com.br\/2025\/08\/WhatsApp-Image-2025-08-24-at-09.16.13-446x553.jpg 446w, https:\/\/uploads.acordacidade.com.br\/2025\/08\/WhatsApp-Image-2025-08-24-at-09.16.13-113x140.jpg 113w, https:\/\/uploads.acordacidade.com.br\/2025\/08\/WhatsApp-Image-2025-08-24-at-09.16.13-191x237.jpg 191w, https:\/\/uploads.acordacidade.com.br\/2025\/08\/WhatsApp-Image-2025-08-24-at-09.16.13-150x186.jpg 150w, https:\/\/uploads.acordacidade.com.br\/2025\/08\/WhatsApp-Image-2025-08-24-at-09.16.13.jpg 1200w\" sizes=\"(max-width: 619px) 100vw, 619px\"><figcaption class=\"wp-element-caption\">Foto: Arquivo pessoal<\/figcaption><\/figure>\n<p>Al\u00e9m disso, o personagem j\u00e1 participou de a\u00e7\u00f5es em escolas, comunidades e outras iniciativas solid\u00e1rias, incluindo arrecada\u00e7\u00e3o de alimentos, brinquedos e itens b\u00e1sicos para crian\u00e7a em situa\u00e7\u00e3o de vulnerabilidade social.<\/p>\n<p><em>Siga o Acorda Cidade no<\/em><a href=\"https:\/\/news.google.com\/search?q=acorda%20cidade&amp;hl=pt-BR&amp;gl=BR&amp;ceid=BR%3Apt-419\"><strong><em>\u00a0Google Not\u00edcias<\/em><\/strong><\/a><em>\u00a0e receba os principais destaques do dia. Participe tamb\u00e9m dos nossos canais no\u00a0<\/em><a href=\"https:\/\/www.whatsapp.com\/channel\/0029Va6Rb4v3WHTNnsh8WI3N\"><strong><em>WhatsApp<\/em><\/strong><\/a><em>\u00a0e\u00a0<\/em><a href=\"https:\/\/www.youtube.com\/@acordacidadenoticias\/videos\"><strong>YouTube<\/strong><\/a><em>\u00a0e grupo de\u00a0<\/em><a href=\"https:\/\/t.me\/+sSz0khrgARA0ZmRh\"><strong><em>Telegram<\/em><\/strong><\/a><em>.<\/em><\/p>\n<\/div>\n","protected":false},"excerpt":{"rendered":"<div>\n<div>\n<figure><img decoding=\"async\" src=\"https:\/\/uploads.acordacidade.com.br\/2025\/08\/WhatsApp-Image-2025-08-26-at-17.51.33.jpg\" alt=\"Pedagogo de Feira de Santana lan\u00e7a livro infantil e realiza a\u00e7\u00e3o beneficente para ajudar crian\u00e7as carentes\"><figcaption>Foto: Arquivo pessoal<\/figcaption><\/figure>\n<\/div>\n<p>O livro, em formato de gibi, traz hist\u00f3rias cativantes combinadas com valores fundamentais para o desenvolvimento de cidad\u00e3os conscientes.<\/p><\/div>\n","protected":false},"author":1,"featured_media":99013,"comment_status":"closed","ping_status":"closed","sticky":false,"template":"","format":"gallery","meta":{"footnotes":""},"categories":[8,9,6,57,56,10],"tags":[],"class_list":["post-99012","post","type-post","status-publish","format-gallery","has-post-thumbnail","hentry","category-bahia","category-brasil","category-feira-de-santana","category-mundo","category-policia","category-politica","post_format-post-format-gallery"],"featured_image_urls":{"full":["https:\/\/noticiasbahia360.com.br\/wp-content\/uploads\/2025\/08\/WhatsApp-Image-2025-08-26-at-175133.jpg",1200,1006,false],"thumbnail":["https:\/\/noticiasbahia360.com.br\/wp-content\/uploads\/2025\/08\/WhatsApp-Image-2025-08-26-at-175133-150x150.jpg",150,150,true],"medium":["https:\/\/noticiasbahia360.com.br\/wp-content\/uploads\/2025\/08\/WhatsApp-Image-2025-08-26-at-175133-300x252.jpg",300,252,true],"medium_large":["https:\/\/noticiasbahia360.com.br\/wp-content\/uploads\/2025\/08\/WhatsApp-Image-2025-08-26-at-175133-768x644.jpg",640,537,true],"large":["https:\/\/noticiasbahia360.com.br\/wp-content\/uploads\/2025\/08\/WhatsApp-Image-2025-08-26-at-175133-1024x858.jpg",640,536,true],"1536x1536":["https:\/\/noticiasbahia360.com.br\/wp-content\/uploads\/2025\/08\/WhatsApp-Image-2025-08-26-at-175133.jpg",1200,1006,false],"2048x2048":["https:\/\/noticiasbahia360.com.br\/wp-content\/uploads\/2025\/08\/WhatsApp-Image-2025-08-26-at-175133.jpg",1200,1006,false],"chromenews-featured":["https:\/\/noticiasbahia360.com.br\/wp-content\/uploads\/2025\/08\/WhatsApp-Image-2025-08-26-at-175133-1024x858.jpg",1024,858,true],"chromenews-large":["https:\/\/noticiasbahia360.com.br\/wp-content\/uploads\/2025\/08\/WhatsApp-Image-2025-08-26-at-175133-825x575.jpg",825,575,true],"chromenews-medium":["https:\/\/noticiasbahia360.com.br\/wp-content\/uploads\/2025\/08\/WhatsApp-Image-2025-08-26-at-175133-590x410.jpg",590,410,true]},"author_info":{"display_name":"noticiasbahia360.com.br","author_link":"https:\/\/noticiasbahia360.com.br\/?author=1"},"category_info":"<a href=\"https:\/\/noticiasbahia360.com.br\/?cat=8\" rel=\"category\">Bahia<\/a> <a href=\"https:\/\/noticiasbahia360.com.br\/?cat=9\" rel=\"category\">Brasil<\/a> <a href=\"https:\/\/noticiasbahia360.com.br\/?cat=6\" rel=\"category\">Feira de Santana<\/a> <a href=\"https:\/\/noticiasbahia360.com.br\/?cat=57\" rel=\"category\">Mundo<\/a> <a href=\"https:\/\/noticiasbahia360.com.br\/?cat=56\" rel=\"category\">Pol\u00edcia<\/a> <a href=\"https:\/\/noticiasbahia360.com.br\/?cat=10\" rel=\"category\">Pol\u00edtica<\/a>","tag_info":"Pol\u00edtica","comment_count":"0","_links":{"self":[{"href":"https:\/\/noticiasbahia360.com.br\/index.php?rest_route=\/wp\/v2\/posts\/99012","targetHints":{"allow":["GET"]}}],"collection":[{"href":"https:\/\/noticiasbahia360.com.br\/index.php?rest_route=\/wp\/v2\/posts"}],"about":[{"href":"https:\/\/noticiasbahia360.com.br\/index.php?rest_route=\/wp\/v2\/types\/post"}],"author":[{"embeddable":true,"href":"https:\/\/noticiasbahia360.com.br\/index.php?rest_route=\/wp\/v2\/users\/1"}],"replies":[{"embeddable":true,"href":"https:\/\/noticiasbahia360.com.br\/index.php?rest_route=%2Fwp%2Fv2%2Fcomments&post=99012"}],"version-history":[{"count":0,"href":"https:\/\/noticiasbahia360.com.br\/index.php?rest_route=\/wp\/v2\/posts\/99012\/revisions"}],"wp:featuredmedia":[{"embeddable":true,"href":"https:\/\/noticiasbahia360.com.br\/index.php?rest_route=\/wp\/v2\/media\/99013"}],"wp:attachment":[{"href":"https:\/\/noticiasbahia360.com.br\/index.php?rest_route=%2Fwp%2Fv2%2Fmedia&parent=99012"}],"wp:term":[{"taxonomy":"category","embeddable":true,"href":"https:\/\/noticiasbahia360.com.br\/index.php?rest_route=%2Fwp%2Fv2%2Fcategories&post=99012"},{"taxonomy":"post_tag","embeddable":true,"href":"https:\/\/noticiasbahia360.com.br\/index.php?rest_route=%2Fwp%2Fv2%2Ftags&post=99012"}],"curies":[{"name":"wp","href":"https:\/\/api.w.org\/{rel}","templated":true}]}}