{"id":99018,"date":"2025-08-30T08:10:14","date_gmt":"2025-08-30T11:10:14","guid":{"rendered":"https:\/\/noticiasbahia360.com.br\/?p=99018"},"modified":"2025-08-30T08:10:14","modified_gmt":"2025-08-30T11:10:14","slug":"orcamento-de-2026-reserva-r-408-bi-para-emendas-parlamentares-e-r-1-bi-para-campanhas-eleitorais","status":"publish","type":"post","link":"https:\/\/noticiasbahia360.com.br\/?p=99018","title":{"rendered":"Or\u00e7amento de 2026 reserva R$ 40,8 bi para emendas parlamentares e R$ 1 bi para campanhas eleitorais"},"content":{"rendered":"<div>\n<div>\n<figure><img decoding=\"async\" src=\"http:\/\/noticiasbahia360.com.br\/wp-content\/uploads\/2025\/08\/Camara-dos-deputados.jpg\" alt=\"C\u00e2mara dos deputados\"><figcaption>Foto: Bruno Spada\/C\u00e2mara dos Deputados<\/figcaption><\/figure>\n<\/div>\n<p>Ag\u00eancia Brasil \u2013 <strong>A proposta de Or\u00e7amento para 2026, enviada na sexta-feira (29) ao Congresso, destina R$ 40,8 bilh\u00f5es a emendas parlamentares impositivas.\u00a0<\/strong>O valor, no entanto, s\u00f3 inclui as emendas individuais e de bancadas estaduais.\u00a0<strong>Com a inclus\u00e3o das emendas de comiss\u00e3o, o valor pode crescer para R$ 52,9 bilh\u00f5es.<\/strong><img decoding=\"async\" src=\"https:\/\/agenciabrasil.ebc.com.br\/ebc.png?id=1656480&amp;o=node\"><img decoding=\"async\" src=\"https:\/\/agenciabrasil.ebc.com.br\/ebc.gif?id=1656480&amp;o=node\"><\/p>\n<p>Segundo o secret\u00e1rio-executivo do Minist\u00e9rio do Planejamento, Gustavo Guimar\u00e3es, a equipe econ\u00f4mica estima R$ 11,5 bilh\u00f5es em emendas de comiss\u00e3o, com o valor chegando R$ 12,1 bilh\u00f5es com corre\u00e7\u00e3o pela infla\u00e7\u00e3o oficial pelo \u00cdndice Nacional de Pre\u00e7os ao Consumidor Amplo (IPCA).<\/p>\n<p>Segundo Guimar\u00e3es, o governo optou por n\u00e3o incluir a estimativa com as emendas de comiss\u00e3o no projeto enviado ao Congresso porque a legisla\u00e7\u00e3o permite que o governo decida se deixa o valor reservado no projeto de lei ou aguarda o fim da tramita\u00e7\u00e3o do Or\u00e7amento. Para destinar o valor \u00e0s emendas de comiss\u00e3o, no entanto, o governo precisa cortar outras despesas.<\/p>\n<p><strong>A primeira vers\u00e3o do Or\u00e7amento de 2025 previa R$ 38,9 bilh\u00f5es para as emendas impositivas, cuja execu\u00e7\u00e3o \u00e9 obrigat\u00f3ria.\u00a0<\/strong>Com a inclus\u00e3o das emendas de comiss\u00e3o, o valor final aprovado pelo Congresso chegou a R$ 50,4 bilh\u00f5es.<\/p>\n<p>Pelo acordo entre Executivo e Congresso, mediado pelo Supremo Tribunal Federal (STF) e formalizado em lei complementar, as emendas de comiss\u00e3o t\u00eam limite de at\u00e9 R$ 11,5 bilh\u00f5es em 2025, valor que deve ser corrigido pela infla\u00e7\u00e3o nos anos seguintes. Esses recursos, no entanto, n\u00e3o foram inclu\u00eddos no projeto de lei do Or\u00e7amento e s\u00f3 poder\u00e3o ser viabilizados por meio de cortes em outras despesas.<\/p>\n<p>O governo estuda, para o pr\u00f3ximo ano, usar uma folga de R$ 13,4 bilh\u00f5es no teto de gastos de 2026 para acomodar parte dessas emendas, caso seja aprovada a nova proposta de emenda \u00e0 Constitui\u00e7\u00e3o dos precat\u00f3rios, que flexibiliza o pagamento de d\u00edvidas judiciais e amplia a margem or\u00e7ament\u00e1ria.<\/p>\n<p><strong>A proposta or\u00e7ament\u00e1ria tamb\u00e9m prev\u00ea R$ 1 bilh\u00e3o para o financiamento de campanhas eleitorais.<\/strong><\/p>\n<p>Atualmente, a Constitui\u00e7\u00e3o assegura 2% da Receita Corrente L\u00edquida (RCL) do ano anterior ao Projeto de Lei de Or\u00e7ament\u00e1ria Anual (PLOA) para emendas individuais \u2014 dos quais 1,55 ponto percentual para deputados e 0,45 ponto para senadores. As emendas de bancada t\u00eam limite de at\u00e9 1% da RCL, enquanto as de comiss\u00e3o n\u00e3o contam com reserva fixa, dependendo de negocia\u00e7\u00e3o pol\u00edtica e espa\u00e7o fiscal.<\/p>\n<p><em>Siga o Acorda Cidade no<\/em><a href=\"https:\/\/news.google.com\/search?q=acorda%20cidade&amp;hl=pt-BR&amp;gl=BR&amp;ceid=BR%3Apt-419\"><strong><em>\u00a0Google Not\u00edcias<\/em><\/strong><\/a><em>\u00a0e receba os principais destaques do dia. Participe tamb\u00e9m dos nossos canais no\u00a0<\/em><a href=\"https:\/\/www.whatsapp.com\/channel\/0029Va6Rb4v3WHTNnsh8WI3N\"><strong><em>WhatsApp<\/em><\/strong><\/a><em>\u00a0e\u00a0<\/em><a href=\"https:\/\/www.youtube.com\/@acordacidadenoticias\/videos\"><strong>Youtube<\/strong><\/a><em>\u00a0e grupo de\u00a0<\/em><a href=\"https:\/\/t.me\/+sSz0khrgARA0ZmRh\"><strong><em>Telegram<\/em><\/strong><\/a><em>.<\/em><\/p>\n<\/div>\n","protected":false},"excerpt":{"rendered":"<div>\n<div>\n<figure><img decoding=\"async\" src=\"https:\/\/uploads.acordacidade.com.br\/2024\/12\/Camara-dos-deputados.jpg\" alt=\"C\u00e2mara dos deputados\"><figcaption>Foto: Bruno Spada\/C\u00e2mara dos Deputados<\/figcaption><\/figure>\n<\/div>\n<p>A primeira vers\u00e3o do Or\u00e7amento de 2025 previa R$ 38,9 bilh\u00f5es para as emendas impositivas, cuja execu\u00e7\u00e3o \u00e9 obrigat\u00f3ria.\u00a0<\/p><\/div>\n","protected":false},"author":1,"featured_media":99019,"comment_status":"closed","ping_status":"closed","sticky":false,"template":"","format":"gallery","meta":{"footnotes":""},"categories":[8,9,6,57,56,10],"tags":[],"class_list":["post-99018","post","type-post","status-publish","format-gallery","has-post-thumbnail","hentry","category-bahia","category-brasil","category-feira-de-santana","category-mundo","category-policia","category-politica","post_format-post-format-gallery"],"featured_image_urls":{"full":["https:\/\/noticiasbahia360.com.br\/wp-content\/uploads\/2025\/08\/Camara-dos-deputados.jpg",640,395,false],"thumbnail":["https:\/\/noticiasbahia360.com.br\/wp-content\/uploads\/2025\/08\/Camara-dos-deputados-150x150.jpg",150,150,true],"medium":["https:\/\/noticiasbahia360.com.br\/wp-content\/uploads\/2025\/08\/Camara-dos-deputados-300x185.jpg",300,185,true],"medium_large":["https:\/\/noticiasbahia360.com.br\/wp-content\/uploads\/2025\/08\/Camara-dos-deputados.jpg",640,395,false],"large":["https:\/\/noticiasbahia360.com.br\/wp-content\/uploads\/2025\/08\/Camara-dos-deputados.jpg",640,395,false],"1536x1536":["https:\/\/noticiasbahia360.com.br\/wp-content\/uploads\/2025\/08\/Camara-dos-deputados.jpg",640,395,false],"2048x2048":["https:\/\/noticiasbahia360.com.br\/wp-content\/uploads\/2025\/08\/Camara-dos-deputados.jpg",640,395,false],"chromenews-featured":["https:\/\/noticiasbahia360.com.br\/wp-content\/uploads\/2025\/08\/Camara-dos-deputados.jpg",640,395,false],"chromenews-large":["https:\/\/noticiasbahia360.com.br\/wp-content\/uploads\/2025\/08\/Camara-dos-deputados.jpg",640,395,false],"chromenews-medium":["https:\/\/noticiasbahia360.com.br\/wp-content\/uploads\/2025\/08\/Camara-dos-deputados-590x395.jpg",590,395,true]},"author_info":{"display_name":"noticiasbahia360.com.br","author_link":"https:\/\/noticiasbahia360.com.br\/?author=1"},"category_info":"<a href=\"https:\/\/noticiasbahia360.com.br\/?cat=8\" rel=\"category\">Bahia<\/a> <a href=\"https:\/\/noticiasbahia360.com.br\/?cat=9\" rel=\"category\">Brasil<\/a> <a href=\"https:\/\/noticiasbahia360.com.br\/?cat=6\" rel=\"category\">Feira de Santana<\/a> <a href=\"https:\/\/noticiasbahia360.com.br\/?cat=57\" rel=\"category\">Mundo<\/a> <a href=\"https:\/\/noticiasbahia360.com.br\/?cat=56\" rel=\"category\">Pol\u00edcia<\/a> <a href=\"https:\/\/noticiasbahia360.com.br\/?cat=10\" rel=\"category\">Pol\u00edtica<\/a>","tag_info":"Pol\u00edtica","comment_count":"0","_links":{"self":[{"href":"https:\/\/noticiasbahia360.com.br\/index.php?rest_route=\/wp\/v2\/posts\/99018","targetHints":{"allow":["GET"]}}],"collection":[{"href":"https:\/\/noticiasbahia360.com.br\/index.php?rest_route=\/wp\/v2\/posts"}],"about":[{"href":"https:\/\/noticiasbahia360.com.br\/index.php?rest_route=\/wp\/v2\/types\/post"}],"author":[{"embeddable":true,"href":"https:\/\/noticiasbahia360.com.br\/index.php?rest_route=\/wp\/v2\/users\/1"}],"replies":[{"embeddable":true,"href":"https:\/\/noticiasbahia360.com.br\/index.php?rest_route=%2Fwp%2Fv2%2Fcomments&post=99018"}],"version-history":[{"count":0,"href":"https:\/\/noticiasbahia360.com.br\/index.php?rest_route=\/wp\/v2\/posts\/99018\/revisions"}],"wp:featuredmedia":[{"embeddable":true,"href":"https:\/\/noticiasbahia360.com.br\/index.php?rest_route=\/wp\/v2\/media\/99019"}],"wp:attachment":[{"href":"https:\/\/noticiasbahia360.com.br\/index.php?rest_route=%2Fwp%2Fv2%2Fmedia&parent=99018"}],"wp:term":[{"taxonomy":"category","embeddable":true,"href":"https:\/\/noticiasbahia360.com.br\/index.php?rest_route=%2Fwp%2Fv2%2Fcategories&post=99018"},{"taxonomy":"post_tag","embeddable":true,"href":"https:\/\/noticiasbahia360.com.br\/index.php?rest_route=%2Fwp%2Fv2%2Ftags&post=99018"}],"curies":[{"name":"wp","href":"https:\/\/api.w.org\/{rel}","templated":true}]}}