{"id":99020,"date":"2025-08-30T08:10:15","date_gmt":"2025-08-30T11:10:15","guid":{"rendered":"https:\/\/noticiasbahia360.com.br\/?p=99020"},"modified":"2025-08-30T08:10:15","modified_gmt":"2025-08-30T11:10:15","slug":"concurso-da-mega-sena-sorteia-premio-acumulado-em-r-8-milhoes","status":"publish","type":"post","link":"https:\/\/noticiasbahia360.com.br\/?p=99020","title":{"rendered":"Concurso da Mega-Sena sorteia pr\u00eamio acumulado em R$ 8 milh\u00f5es"},"content":{"rendered":"<div>\n<div>\n<figure><img decoding=\"async\" src=\"http:\/\/noticiasbahia360.com.br\/wp-content\/uploads\/2025\/08\/mega_sena-1112203504_0-1.webp\" alt=\"mega-sena\"><figcaption>Foto: Marcello Casal jr\/Ag\u00eancia Brasil<\/figcaption><\/figure>\n<\/div>\n<p>Ag\u00eancia Brasil \u2013 <strong>As seis dezenas do concurso 2.908 da Mega-Sena ser\u00e3o sorteadas, a partir das 20h (hor\u00e1rio de Bras\u00edlia), no Espa\u00e7o da Sorte, localizado na Avenida Paulista, n\u00ba 750, em S\u00e3o Paulo<\/strong>.<img decoding=\"async\" src=\"https:\/\/agenciabrasil.ebc.com.br\/ebc.png?id=1656378&amp;o=node\"><img decoding=\"async\" src=\"https:\/\/agenciabrasil.ebc.com.br\/ebc.gif?id=1656378&amp;o=node\"><\/p>\n<p>O pr\u00eamio da faixa principal est\u00e1 acumulado em R$ 8 milh\u00f5es.<\/p>\n<p>O sorteio ter\u00e1 transmiss\u00e3o ao vivo pelo\u00a0<a href=\"https:\/\/www.youtube.com\/@canalcaixa\" target=\"_blank\" rel=\"noreferrer noopener\">canal da Caixa no YouTube<\/a>\u00a0e no Facebook das Loterias Caixa.\u00a0<\/p>\n<p><strong>As apostas podem ser feitas at\u00e9 as 19h (hor\u00e1rio de Bras\u00edlia), nas casas lot\u00e9ricas credenciadas pela Caixa, em todo o pa\u00eds ou pela internet.<\/strong><\/p>\n<h2 class=\"wp-block-heading\" id=\"h-mega-sena\">Mega-Sena<\/h2>\n<p>A Mega-Sena \u00e9 a maior modalidade lot\u00e9rica do Brasil, sendo uma entre as dez modalidades atuais das loterias da Caixa (Caixa Econ\u00f4mica Federal), com sorteios ordin\u00e1rios tr\u00eas vezes por semana, al\u00e9m da Mega-Sena da Virada e outras modalidades de pr\u00eamios.<\/p>\n<p>Para ganhar o pr\u00eamio m\u00e1ximo da Mega-Sena, denominado sena, \u00e9 necess\u00e1rio obter coincid\u00eancia entre seis dos n\u00fameros apostados e os seis n\u00fameros sorteados, de um total de seis dezenas (de um a sessenta), independentemente da ordem da aposta ou da ordem do sorteio. O concurso prev\u00ea tamb\u00e9m a chance de se ganhar parte do pr\u00eamio m\u00e1ximo, pelo acerto da quina (apenas cinco dos n\u00fameros sorteados), ou da quadra (apenas quatro dos n\u00fameros sorteados), com pr\u00eamios significativamente menores que aquele que seria pago na ocorr\u00eancia do acerto da sena, sendo o da quina maior que o da quadra.<\/p>\n<p>O jogo simples, com seis n\u00fameros marcados, custa R$ 6.<\/p>\n<p><em>Siga o Acorda Cidade no<\/em><a href=\"https:\/\/news.google.com\/search?q=acorda%20cidade&amp;hl=pt-BR&amp;gl=BR&amp;ceid=BR%3Apt-419\"><strong><em>\u00a0Google Not\u00edcias<\/em><\/strong><\/a><em>\u00a0e receba os principais destaques do dia. Participe tamb\u00e9m dos nossos canais no\u00a0<\/em><a href=\"https:\/\/www.whatsapp.com\/channel\/0029Va6Rb4v3WHTNnsh8WI3N\"><strong><em>WhatsApp<\/em><\/strong><\/a><em>\u00a0e\u00a0<\/em><a href=\"https:\/\/www.youtube.com\/@acordacidadenoticias\/videos\"><strong>YouTube<\/strong><\/a><em>\u00a0e grupo de\u00a0<\/em><a href=\"https:\/\/t.me\/+sSz0khrgARA0ZmRh\"><strong><em>Telegram<\/em><\/strong><\/a><em>.<\/em><\/p>\n<\/div>\n","protected":false},"excerpt":{"rendered":"<div>\n<div>\n<figure><img decoding=\"async\" src=\"https:\/\/uploads.acordacidade.com.br\/2025\/07\/mega_sena-1112203504_0.webp\" alt=\"mega-sena\"><figcaption>Foto: Marcello Casal jr\/Ag\u00eancia Brasil<\/figcaption><\/figure>\n<\/div>\n<p>As apostas da Mega-sena podem ser feitas at\u00e9 as 19h (hor\u00e1rio de Bras\u00edlia), nas casas lot\u00e9ricas credenciadas pela Caixa.<\/p><\/div>\n","protected":false},"author":1,"featured_media":99021,"comment_status":"closed","ping_status":"closed","sticky":false,"template":"","format":"gallery","meta":{"footnotes":""},"categories":[8,9,6,57,56,10],"tags":[],"class_list":["post-99020","post","type-post","status-publish","format-gallery","has-post-thumbnail","hentry","category-bahia","category-brasil","category-feira-de-santana","category-mundo","category-policia","category-politica","post_format-post-format-gallery"],"featured_image_urls":{"full":["https:\/\/noticiasbahia360.com.br\/wp-content\/uploads\/2025\/08\/mega_sena-1112203504_0-1.webp",1200,718,false],"thumbnail":["https:\/\/noticiasbahia360.com.br\/wp-content\/uploads\/2025\/08\/mega_sena-1112203504_0-1-150x150.webp",150,150,true],"medium":["https:\/\/noticiasbahia360.com.br\/wp-content\/uploads\/2025\/08\/mega_sena-1112203504_0-1-300x180.webp",300,180,true],"medium_large":["https:\/\/noticiasbahia360.com.br\/wp-content\/uploads\/2025\/08\/mega_sena-1112203504_0-1-768x460.webp",640,383,true],"large":["https:\/\/noticiasbahia360.com.br\/wp-content\/uploads\/2025\/08\/mega_sena-1112203504_0-1-1024x613.webp",640,383,true],"1536x1536":["https:\/\/noticiasbahia360.com.br\/wp-content\/uploads\/2025\/08\/mega_sena-1112203504_0-1.webp",1200,718,false],"2048x2048":["https:\/\/noticiasbahia360.com.br\/wp-content\/uploads\/2025\/08\/mega_sena-1112203504_0-1.webp",1200,718,false],"chromenews-featured":["https:\/\/noticiasbahia360.com.br\/wp-content\/uploads\/2025\/08\/mega_sena-1112203504_0-1-1024x613.webp",1024,613,true],"chromenews-large":["https:\/\/noticiasbahia360.com.br\/wp-content\/uploads\/2025\/08\/mega_sena-1112203504_0-1-825x575.webp",825,575,true],"chromenews-medium":["https:\/\/noticiasbahia360.com.br\/wp-content\/uploads\/2025\/08\/mega_sena-1112203504_0-1-590x410.webp",590,410,true]},"author_info":{"display_name":"noticiasbahia360.com.br","author_link":"https:\/\/noticiasbahia360.com.br\/?author=1"},"category_info":"<a href=\"https:\/\/noticiasbahia360.com.br\/?cat=8\" rel=\"category\">Bahia<\/a> <a href=\"https:\/\/noticiasbahia360.com.br\/?cat=9\" rel=\"category\">Brasil<\/a> <a href=\"https:\/\/noticiasbahia360.com.br\/?cat=6\" rel=\"category\">Feira de Santana<\/a> <a href=\"https:\/\/noticiasbahia360.com.br\/?cat=57\" rel=\"category\">Mundo<\/a> <a href=\"https:\/\/noticiasbahia360.com.br\/?cat=56\" rel=\"category\">Pol\u00edcia<\/a> <a href=\"https:\/\/noticiasbahia360.com.br\/?cat=10\" rel=\"category\">Pol\u00edtica<\/a>","tag_info":"Pol\u00edtica","comment_count":"0","_links":{"self":[{"href":"https:\/\/noticiasbahia360.com.br\/index.php?rest_route=\/wp\/v2\/posts\/99020","targetHints":{"allow":["GET"]}}],"collection":[{"href":"https:\/\/noticiasbahia360.com.br\/index.php?rest_route=\/wp\/v2\/posts"}],"about":[{"href":"https:\/\/noticiasbahia360.com.br\/index.php?rest_route=\/wp\/v2\/types\/post"}],"author":[{"embeddable":true,"href":"https:\/\/noticiasbahia360.com.br\/index.php?rest_route=\/wp\/v2\/users\/1"}],"replies":[{"embeddable":true,"href":"https:\/\/noticiasbahia360.com.br\/index.php?rest_route=%2Fwp%2Fv2%2Fcomments&post=99020"}],"version-history":[{"count":0,"href":"https:\/\/noticiasbahia360.com.br\/index.php?rest_route=\/wp\/v2\/posts\/99020\/revisions"}],"wp:featuredmedia":[{"embeddable":true,"href":"https:\/\/noticiasbahia360.com.br\/index.php?rest_route=\/wp\/v2\/media\/99021"}],"wp:attachment":[{"href":"https:\/\/noticiasbahia360.com.br\/index.php?rest_route=%2Fwp%2Fv2%2Fmedia&parent=99020"}],"wp:term":[{"taxonomy":"category","embeddable":true,"href":"https:\/\/noticiasbahia360.com.br\/index.php?rest_route=%2Fwp%2Fv2%2Fcategories&post=99020"},{"taxonomy":"post_tag","embeddable":true,"href":"https:\/\/noticiasbahia360.com.br\/index.php?rest_route=%2Fwp%2Fv2%2Ftags&post=99020"}],"curies":[{"name":"wp","href":"https:\/\/api.w.org\/{rel}","templated":true}]}}