{"id":99022,"date":"2025-08-30T08:15:37","date_gmt":"2025-08-30T11:15:37","guid":{"rendered":"https:\/\/noticiasbahia360.com.br\/?p=99022"},"modified":"2025-08-30T08:15:37","modified_gmt":"2025-08-30T11:15:37","slug":"projeto-do-plano-plurianual-2026-2029-e-entregue-a-camara-municipal-de-feira-de-santana","status":"publish","type":"post","link":"https:\/\/noticiasbahia360.com.br\/?p=99022","title":{"rendered":"Projeto do Plano Plurianual 2026-2029 \u00e9 entregue \u00e0 C\u00e2mara Municipal de Feira de Santana"},"content":{"rendered":"<div>\n<div>\n<figure><img decoding=\"async\" src=\"http:\/\/noticiasbahia360.com.br\/wp-content\/uploads\/2025\/08\/Prefeitura-entrega-a-Camara-Municipal-o-projeto-do-Plano-Plurianual-2026-2029.webp\" alt=\"Prefeitura entrega \u00e0 C\u00e2mara Municipal o projeto\"><figcaption>Foto: Divulga\u00e7\u00e3o<\/figcaption><\/figure>\n<\/div>\n<p>A Prefeitura de Feira de Santana entregou, nesta sexta-feira (29), \u00e0 C\u00e2mara Municipal, o Projeto de Lei que institui o Plano Plurianual (PPA) 2026-2029, instrumento fundamental para o planejamento das a\u00e7\u00f5es da administra\u00e7\u00e3o p\u00fablica nos pr\u00f3ximos quatro anos.<\/p>\n<p>O documento foi encaminhado ao presidente do Legislativo, vereador Marcos Lima (Uni\u00e3o Brasil), pelo representante da Secretaria Municipal de Planejamento, o assessor Luiz Ivan. A proposta ser\u00e1 protocolada e, em seguida, encaminhada para an\u00e1lise das comiss\u00f5es permanentes da Casa.<\/p>\n<p>Ap\u00f3s essa etapa, ser\u00e1 aberto o prazo para apresenta\u00e7\u00e3o de emendas parlamentares. Posteriormente, o projeto ser\u00e1 submetido \u00e0 vota\u00e7\u00e3o em plen\u00e1rio. A expectativa \u00e9 que a tramita\u00e7\u00e3o seja conclu\u00edda at\u00e9 o final deste ano.<\/p>\n<p>\u201cTenho certeza de que o Legislativo tratar\u00e1 o assunto com responsabilidade e dedica\u00e7\u00e3o, visando \u00e0 aprova\u00e7\u00e3o do projeto o mais breve poss\u00edvel\u201d, afirmou o presidente da C\u00e2mara.<\/p>\n<p>O assessor Luiz Ivan ressaltou a import\u00e2ncia do Plano Plurianual, destacando que ele \u00e9 um dos principais instrumentos de gest\u00e3o do Munic\u00edpio, pois estabelece as diretrizes, objetivos e metas da administra\u00e7\u00e3o p\u00fablica para um per\u00edodo de quatro anos, abrangendo os tr\u00eas \u00faltimos anos da gest\u00e3o atual e o primeiro da pr\u00f3xima.<\/p>\n<p>O PPA serve de base para a elabora\u00e7\u00e3o das leis or\u00e7ament\u00e1rias anuais (LOAs) e para a execu\u00e7\u00e3o das pol\u00edticas p\u00fablicas, assegurando o alinhamento entre planejamento e or\u00e7amento, com foco na melhoria dos servi\u00e7os oferecidos \u00e0 popula\u00e7\u00e3o.<\/p>\n<p><em>Com informa\u00e7\u00f5es da Secretaria Municipal de Comunica\u00e7\u00e3o Social (Secom)<\/em><\/p>\n<p><em>Siga o Acorda Cidade no<\/em><a href=\"https:\/\/news.google.com\/search?q=acorda%20cidade&amp;hl=pt-BR&amp;gl=BR&amp;ceid=BR%3Apt-419\"><strong><em>\u00a0Google Not\u00edcias<\/em><\/strong><\/a><em>\u00a0e receba os principais destaques do dia. Participe tamb\u00e9m dos nossos canais no\u00a0<\/em><a href=\"https:\/\/www.whatsapp.com\/channel\/0029Va6Rb4v3WHTNnsh8WI3N\"><strong><em>WhatsApp<\/em><\/strong><\/a><em>\u00a0e\u00a0<\/em><a href=\"https:\/\/www.youtube.com\/@acordacidadenoticias\/videos\"><strong>YouTube<\/strong><\/a><em>\u00a0e grupo de\u00a0<\/em><a href=\"https:\/\/t.me\/+sSz0khrgARA0ZmRh\"><strong><em>Telegram<\/em><\/strong><\/a><em>.<\/em><\/p>\n<\/div>\n","protected":false},"excerpt":{"rendered":"<div>\n<div>\n<figure><img decoding=\"async\" src=\"https:\/\/uploads.acordacidade.com.br\/2025\/08\/Prefeitura-entrega-a-Camara-Municipal-o-projeto-do-Plano-Plurianual-2026-2029.webp\" alt=\"Prefeitura entrega \u00e0 C\u00e2mara Municipal o projeto\"><figcaption>Foto: Divulga\u00e7\u00e3o<\/figcaption><\/figure>\n<\/div>\n<p>A proposta ser\u00e1 protocolada e, em seguida, encaminhada para an\u00e1lise das comiss\u00f5es permanentes da C\u00e2mara Municipal.<\/p><\/div>\n","protected":false},"author":1,"featured_media":99023,"comment_status":"closed","ping_status":"closed","sticky":false,"template":"","format":"gallery","meta":{"footnotes":""},"categories":[8,9,6,57,56,10],"tags":[],"class_list":["post-99022","post","type-post","status-publish","format-gallery","has-post-thumbnail","hentry","category-bahia","category-brasil","category-feira-de-santana","category-mundo","category-policia","category-politica","post_format-post-format-gallery"],"featured_image_urls":{"full":["https:\/\/noticiasbahia360.com.br\/wp-content\/uploads\/2025\/08\/Prefeitura-entrega-a-Camara-Municipal-o-projeto-do-Plano-Plurianual-2026-2029.webp",1200,720,false],"thumbnail":["https:\/\/noticiasbahia360.com.br\/wp-content\/uploads\/2025\/08\/Prefeitura-entrega-a-Camara-Municipal-o-projeto-do-Plano-Plurianual-2026-2029-150x150.webp",150,150,true],"medium":["https:\/\/noticiasbahia360.com.br\/wp-content\/uploads\/2025\/08\/Prefeitura-entrega-a-Camara-Municipal-o-projeto-do-Plano-Plurianual-2026-2029-300x180.webp",300,180,true],"medium_large":["https:\/\/noticiasbahia360.com.br\/wp-content\/uploads\/2025\/08\/Prefeitura-entrega-a-Camara-Municipal-o-projeto-do-Plano-Plurianual-2026-2029-768x461.webp",640,384,true],"large":["https:\/\/noticiasbahia360.com.br\/wp-content\/uploads\/2025\/08\/Prefeitura-entrega-a-Camara-Municipal-o-projeto-do-Plano-Plurianual-2026-2029-1024x614.webp",640,384,true],"1536x1536":["https:\/\/noticiasbahia360.com.br\/wp-content\/uploads\/2025\/08\/Prefeitura-entrega-a-Camara-Municipal-o-projeto-do-Plano-Plurianual-2026-2029.webp",1200,720,false],"2048x2048":["https:\/\/noticiasbahia360.com.br\/wp-content\/uploads\/2025\/08\/Prefeitura-entrega-a-Camara-Municipal-o-projeto-do-Plano-Plurianual-2026-2029.webp",1200,720,false],"chromenews-featured":["https:\/\/noticiasbahia360.com.br\/wp-content\/uploads\/2025\/08\/Prefeitura-entrega-a-Camara-Municipal-o-projeto-do-Plano-Plurianual-2026-2029-1024x614.webp",1024,614,true],"chromenews-large":["https:\/\/noticiasbahia360.com.br\/wp-content\/uploads\/2025\/08\/Prefeitura-entrega-a-Camara-Municipal-o-projeto-do-Plano-Plurianual-2026-2029-825x575.webp",825,575,true],"chromenews-medium":["https:\/\/noticiasbahia360.com.br\/wp-content\/uploads\/2025\/08\/Prefeitura-entrega-a-Camara-Municipal-o-projeto-do-Plano-Plurianual-2026-2029-590x410.webp",590,410,true]},"author_info":{"display_name":"noticiasbahia360.com.br","author_link":"https:\/\/noticiasbahia360.com.br\/?author=1"},"category_info":"<a href=\"https:\/\/noticiasbahia360.com.br\/?cat=8\" rel=\"category\">Bahia<\/a> <a href=\"https:\/\/noticiasbahia360.com.br\/?cat=9\" rel=\"category\">Brasil<\/a> <a href=\"https:\/\/noticiasbahia360.com.br\/?cat=6\" rel=\"category\">Feira de Santana<\/a> <a href=\"https:\/\/noticiasbahia360.com.br\/?cat=57\" rel=\"category\">Mundo<\/a> <a href=\"https:\/\/noticiasbahia360.com.br\/?cat=56\" rel=\"category\">Pol\u00edcia<\/a> <a href=\"https:\/\/noticiasbahia360.com.br\/?cat=10\" rel=\"category\">Pol\u00edtica<\/a>","tag_info":"Pol\u00edtica","comment_count":"0","_links":{"self":[{"href":"https:\/\/noticiasbahia360.com.br\/index.php?rest_route=\/wp\/v2\/posts\/99022","targetHints":{"allow":["GET"]}}],"collection":[{"href":"https:\/\/noticiasbahia360.com.br\/index.php?rest_route=\/wp\/v2\/posts"}],"about":[{"href":"https:\/\/noticiasbahia360.com.br\/index.php?rest_route=\/wp\/v2\/types\/post"}],"author":[{"embeddable":true,"href":"https:\/\/noticiasbahia360.com.br\/index.php?rest_route=\/wp\/v2\/users\/1"}],"replies":[{"embeddable":true,"href":"https:\/\/noticiasbahia360.com.br\/index.php?rest_route=%2Fwp%2Fv2%2Fcomments&post=99022"}],"version-history":[{"count":0,"href":"https:\/\/noticiasbahia360.com.br\/index.php?rest_route=\/wp\/v2\/posts\/99022\/revisions"}],"wp:featuredmedia":[{"embeddable":true,"href":"https:\/\/noticiasbahia360.com.br\/index.php?rest_route=\/wp\/v2\/media\/99023"}],"wp:attachment":[{"href":"https:\/\/noticiasbahia360.com.br\/index.php?rest_route=%2Fwp%2Fv2%2Fmedia&parent=99022"}],"wp:term":[{"taxonomy":"category","embeddable":true,"href":"https:\/\/noticiasbahia360.com.br\/index.php?rest_route=%2Fwp%2Fv2%2Fcategories&post=99022"},{"taxonomy":"post_tag","embeddable":true,"href":"https:\/\/noticiasbahia360.com.br\/index.php?rest_route=%2Fwp%2Fv2%2Ftags&post=99022"}],"curies":[{"name":"wp","href":"https:\/\/api.w.org\/{rel}","templated":true}]}}