{"id":99032,"date":"2025-08-30T10:40:18","date_gmt":"2025-08-30T13:40:18","guid":{"rendered":"https:\/\/noticiasbahia360.com.br\/?p=99032"},"modified":"2025-08-30T10:40:18","modified_gmt":"2025-08-30T13:40:18","slug":"criadores-de-ovinos-e-caprinos-de-8-estados-brasileiros-expoem-no-expouaua-2025","status":"publish","type":"post","link":"https:\/\/noticiasbahia360.com.br\/?p=99032","title":{"rendered":"Criadores de ovinos e caprinos de 8 estados brasileiros exp\u00f5em no ExpoUau\u00e1 2025"},"content":{"rendered":"<div>\n<div>\n<figure><img decoding=\"async\" src=\"http:\/\/noticiasbahia360.com.br\/wp-content\/uploads\/2025\/08\/ExpoUaua.webp\" alt=\"ExpoUau\u00e1\"><figcaption>Foto: Mateus Pereira<\/figcaption><\/figure>\n<\/div>\n<p>Dois mil animais de oito estados, R$ 150 mil em premia\u00e7\u00e3o e a expectativa de 75 mil pessoas. Com apoio da Secretaria de Agricultura, Pecu\u00e1ria, Irriga\u00e7\u00e3o, Pesca e Aquicultura da Bahia (<a href=\"https:\/\/www.acordacidade.com.br\/tag\/seagri\/\">Seagri<\/a>), a 45\u00aa ExpoUau\u00e1, que acontece at\u00e9 domingo (31), reafirma em Uau\u00e1 a for\u00e7a econ\u00f4mica de uma atividade que o semi\u00e1rido baiano transformou em s\u00edmbolo de resist\u00eancia e prosperidade.<\/p>\n<p>A Capital do Bode, como \u00e9 conhecida, recebe criadores da Bahia, Para\u00edba, Goi\u00e1s, Sergipe e Distrito Federal em uma competi\u00e7\u00e3o que oferece a maior premia\u00e7\u00e3o do pa\u00eds no setor. Para Pablo Barrozo, secret\u00e1rio da Seagri, que participou da abertura oficial na sexta-feira (29) e acompanha a programa\u00e7\u00e3o da feira, o evento comprova que a caprinovinocultura deixou de ser apenas atividade de subsist\u00eancia para se tornar neg\u00f3cio estrat\u00e9gico.<\/p>\n<p>\u201cA cria\u00e7\u00e3o de ovinos e caprinos na Bahia \u00e9 uma atividade de grande import\u00e2ncia econ\u00f4mica e social, especialmente para as regi\u00f5es semi\u00e1ridas. Estar presente na ExpoUau\u00e1 \u00e9 valorizar os produtores e apoiar o fortalecimento dessa cadeia que gera renda e oportunidades no interior do estado\u201d, destacou o secret\u00e1rio.<\/p>\n<figure class=\"wp-block-image size-full\"><img fetchpriority=\"high\" fetchpriority=\"high\" decoding=\"async\" width=\"1200\" height=\"675\" src=\"http:\/\/noticiasbahia360.com.br\/wp-content\/uploads\/2025\/08\/ExpoUaua-.webp\" alt=\"ExpoUau\u00e1\" class=\"wp-image-586463\" srcset=\"https:\/\/uploads.acordacidade.com.br\/2025\/08\/ExpoUaua--648x365.webp 648w, https:\/\/uploads.acordacidade.com.br\/2025\/08\/ExpoUaua--140x79.webp 140w, https:\/\/uploads.acordacidade.com.br\/2025\/08\/ExpoUaua--421x237.webp 421w, https:\/\/uploads.acordacidade.com.br\/2025\/08\/ExpoUaua--150x84.webp 150w, http:\/\/noticiasbahia360.com.br\/wp-content\/uploads\/2025\/08\/ExpoUaua-.webp 1200w\" sizes=\"(max-width: 1200px) 100vw, 1200px\"><figcaption class=\"wp-element-caption\">Foto: Mateus Pereira<\/figcaption><\/figure>\n<p>O apoio do Governo do Estado, atrav\u00e9s da Seagri, e das secret\u00e1rias de Desenvolvimento Rural (SDR) e de Rela\u00e7\u00f5es Institucionais (Serin), materializa pol\u00edticas p\u00fablicas que Pablo Barrozo define como essenciais para consolidar a caprinovinocultura baiana no cen\u00e1rio nacional e at\u00e9 internacional.<\/p>\n<p>\u201cO evento representa a cultura local e o compromisso dos criadores com a produ\u00e7\u00e3o de qualidade. \u00c9 essencial garantir infraestrutura, tecnologia e assist\u00eancia t\u00e9cnica, al\u00e9m de incentivar pr\u00e1ticas sustent\u00e1veis, fortalecendo toda a cadeia produtiva e ampliando a participa\u00e7\u00e3o da Bahia no mercado nacional e internacional\u201d, enfatizou Barrozo.<\/p>\n<h2 class=\"wp-block-heading\" id=\"h-historia-e-visao-de-futuro\">Hist\u00f3ria e vis\u00e3o de futuro<\/h2>\n<p>A cerim\u00f4nia de abertura tamb\u00e9m foi marcada pela homenagem a Luiz Silva de Barros, um dos fundadores da Associa\u00e7\u00e3o de Criadores de Ovinos e Caprinos da Bahia (ACOBA). Com mais de cinco d\u00e9cadas dedicadas \u00e0 atividade, ele representa a ponte entre a tradi\u00e7\u00e3o e a inova\u00e7\u00e3o que marcam a caprinovinocultura regional.<\/p>\n<p>Barros apresentou solu\u00e7\u00f5es pr\u00e1ticas para os desafios hist\u00f3ricos da regi\u00e3o, como programas de silagem e fena\u00e7\u00e3o para garantir alimenta\u00e7\u00e3o animal durante o per\u00edodo seco. \u201cSe conseguirmos implementar essas iniciativas, Uau\u00e1 poder\u00e1 se tornar um verdadeiro centro de produ\u00e7\u00e3o pecu\u00e1ria, beneficiando criadores, fortalecendo a economia local e garantindo maior produtividade para a regi\u00e3o.\u201d<\/p>\n<figure class=\"wp-block-image size-full\"><img decoding=\"async\" width=\"1200\" height=\"676\" src=\"http:\/\/noticiasbahia360.com.br\/wp-content\/uploads\/2025\/08\/ExpoUaua-1.webp\" alt=\"ExpoUau\u00e1\" class=\"wp-image-586462\" srcset=\"https:\/\/uploads.acordacidade.com.br\/2025\/08\/ExpoUaua-1-648x365.webp 648w, https:\/\/uploads.acordacidade.com.br\/2025\/08\/ExpoUaua-1-982x553.webp 982w, https:\/\/uploads.acordacidade.com.br\/2025\/08\/ExpoUaua-1-140x79.webp 140w, https:\/\/uploads.acordacidade.com.br\/2025\/08\/ExpoUaua-1-421x237.webp 421w, https:\/\/uploads.acordacidade.com.br\/2025\/08\/ExpoUaua-1-150x85.webp 150w, http:\/\/noticiasbahia360.com.br\/wp-content\/uploads\/2025\/08\/ExpoUaua-1.webp 1200w\" sizes=\"(max-width: 1200px) 100vw, 1200px\"><figcaption class=\"wp-element-caption\">Foto: Mateus Pereira<\/figcaption><\/figure>\n<p>A ExpoUau\u00e1 movimenta a economia do semi\u00e1rido e consolida Uau\u00e1 como refer\u00eancia nacional na caprinovinocultura. O presidente da Associa\u00e7\u00e3o Uauaense de Criadores de Caprinos e Ovinos (AUCCO), Carlos Ramalho, destacou que a feira gera impacto direto em diversos setores. Segundo ele, a movimenta\u00e7\u00e3o financeira dos tr\u00eas dias vai do setor hoteleiro ao com\u00e9rcio especializado em equipamentos e insumos agropecu\u00e1rios.<\/p>\n<p>Para Osnir Cardoso, secret\u00e1rio da SDR, o evento exemplifica como tradi\u00e7\u00e3o e sustentabilidade podem andar juntas. \u201cA associa\u00e7\u00e3o e a gest\u00e3o municipal est\u00e3o de parab\u00e9ns por garantir a continuidade desta iniciativa, que fortalece a caprinovinocultura e movimenta a economia local. Eventos como este demonstram a for\u00e7a do semi\u00e1rido e a capacidade dos produtores de transformar qualidade em renda e desenvolvimento para toda a regi\u00e3o.\u201d<\/p>\n<p><em>Siga o Acorda Cidade no<\/em><a href=\"https:\/\/news.google.com\/search?q=acorda%20cidade&amp;hl=pt-BR&amp;gl=BR&amp;ceid=BR%3Apt-419\"><strong><em>\u00a0Google Not\u00edcias<\/em><\/strong><\/a><em>\u00a0e receba os principais destaques do dia. Participe tamb\u00e9m dos nossos canais no\u00a0<\/em><a href=\"https:\/\/www.whatsapp.com\/channel\/0029Va6Rb4v3WHTNnsh8WI3N\"><strong><em>WhatsApp<\/em><\/strong><\/a><em>\u00a0e\u00a0<\/em><a href=\"https:\/\/www.youtube.com\/@acordacidadenoticias\/videos\"><strong>YouTube<\/strong><\/a><em>\u00a0e grupo de\u00a0<\/em><a href=\"https:\/\/t.me\/+sSz0khrgARA0ZmRh\"><strong><em>Telegram<\/em><\/strong><\/a><em>.<\/em><\/p>\n<\/div>\n","protected":false},"excerpt":{"rendered":"<div>\n<div>\n<figure><img decoding=\"async\" src=\"https:\/\/uploads.acordacidade.com.br\/2025\/08\/ExpoUaua.webp\" alt=\"ExpoUau\u00e1\"><figcaption>Foto: Mateus Pereira<\/figcaption><\/figure>\n<\/div>\n<p>om apoio da Secretaria de Agricultura, Pecu\u00e1ria, Irriga\u00e7\u00e3o, Pesca e Aquicultura da Bahia (Seagri), a 45\u00aa ExpoUau\u00e1, que acontece at\u00e9 domingo.<\/p><\/div>\n","protected":false},"author":1,"featured_media":99033,"comment_status":"closed","ping_status":"closed","sticky":false,"template":"","format":"gallery","meta":{"footnotes":""},"categories":[8,9,6,57,56,10],"tags":[],"class_list":["post-99032","post","type-post","status-publish","format-gallery","has-post-thumbnail","hentry","category-bahia","category-brasil","category-feira-de-santana","category-mundo","category-policia","category-politica","post_format-post-format-gallery"],"featured_image_urls":{"full":["https:\/\/noticiasbahia360.com.br\/wp-content\/uploads\/2025\/08\/ExpoUaua.webp",1200,675,false],"thumbnail":["https:\/\/noticiasbahia360.com.br\/wp-content\/uploads\/2025\/08\/ExpoUaua-150x150.webp",150,150,true],"medium":["https:\/\/noticiasbahia360.com.br\/wp-content\/uploads\/2025\/08\/ExpoUaua-300x169.webp",300,169,true],"medium_large":["https:\/\/noticiasbahia360.com.br\/wp-content\/uploads\/2025\/08\/ExpoUaua-768x432.webp",640,360,true],"large":["https:\/\/noticiasbahia360.com.br\/wp-content\/uploads\/2025\/08\/ExpoUaua-1024x576.webp",640,360,true],"1536x1536":["https:\/\/noticiasbahia360.com.br\/wp-content\/uploads\/2025\/08\/ExpoUaua.webp",1200,675,false],"2048x2048":["https:\/\/noticiasbahia360.com.br\/wp-content\/uploads\/2025\/08\/ExpoUaua.webp",1200,675,false],"chromenews-featured":["https:\/\/noticiasbahia360.com.br\/wp-content\/uploads\/2025\/08\/ExpoUaua-1024x576.webp",1024,576,true],"chromenews-large":["https:\/\/noticiasbahia360.com.br\/wp-content\/uploads\/2025\/08\/ExpoUaua-825x575.webp",825,575,true],"chromenews-medium":["https:\/\/noticiasbahia360.com.br\/wp-content\/uploads\/2025\/08\/ExpoUaua-590x410.webp",590,410,true]},"author_info":{"display_name":"noticiasbahia360.com.br","author_link":"https:\/\/noticiasbahia360.com.br\/?author=1"},"category_info":"<a href=\"https:\/\/noticiasbahia360.com.br\/?cat=8\" rel=\"category\">Bahia<\/a> <a href=\"https:\/\/noticiasbahia360.com.br\/?cat=9\" rel=\"category\">Brasil<\/a> <a href=\"https:\/\/noticiasbahia360.com.br\/?cat=6\" rel=\"category\">Feira de Santana<\/a> <a href=\"https:\/\/noticiasbahia360.com.br\/?cat=57\" rel=\"category\">Mundo<\/a> <a href=\"https:\/\/noticiasbahia360.com.br\/?cat=56\" rel=\"category\">Pol\u00edcia<\/a> <a href=\"https:\/\/noticiasbahia360.com.br\/?cat=10\" rel=\"category\">Pol\u00edtica<\/a>","tag_info":"Pol\u00edtica","comment_count":"0","_links":{"self":[{"href":"https:\/\/noticiasbahia360.com.br\/index.php?rest_route=\/wp\/v2\/posts\/99032","targetHints":{"allow":["GET"]}}],"collection":[{"href":"https:\/\/noticiasbahia360.com.br\/index.php?rest_route=\/wp\/v2\/posts"}],"about":[{"href":"https:\/\/noticiasbahia360.com.br\/index.php?rest_route=\/wp\/v2\/types\/post"}],"author":[{"embeddable":true,"href":"https:\/\/noticiasbahia360.com.br\/index.php?rest_route=\/wp\/v2\/users\/1"}],"replies":[{"embeddable":true,"href":"https:\/\/noticiasbahia360.com.br\/index.php?rest_route=%2Fwp%2Fv2%2Fcomments&post=99032"}],"version-history":[{"count":0,"href":"https:\/\/noticiasbahia360.com.br\/index.php?rest_route=\/wp\/v2\/posts\/99032\/revisions"}],"wp:featuredmedia":[{"embeddable":true,"href":"https:\/\/noticiasbahia360.com.br\/index.php?rest_route=\/wp\/v2\/media\/99033"}],"wp:attachment":[{"href":"https:\/\/noticiasbahia360.com.br\/index.php?rest_route=%2Fwp%2Fv2%2Fmedia&parent=99032"}],"wp:term":[{"taxonomy":"category","embeddable":true,"href":"https:\/\/noticiasbahia360.com.br\/index.php?rest_route=%2Fwp%2Fv2%2Fcategories&post=99032"},{"taxonomy":"post_tag","embeddable":true,"href":"https:\/\/noticiasbahia360.com.br\/index.php?rest_route=%2Fwp%2Fv2%2Ftags&post=99032"}],"curies":[{"name":"wp","href":"https:\/\/api.w.org\/{rel}","templated":true}]}}