{"id":99042,"date":"2025-08-30T11:10:26","date_gmt":"2025-08-30T14:10:26","guid":{"rendered":"https:\/\/noticiasbahia360.com.br\/?p=99042"},"modified":"2025-08-30T11:10:26","modified_gmt":"2025-08-30T14:10:26","slug":"apos-apreensao-no-rio-de-janeiro-forcas-de-seguranca-deflagram-operacao-em-combate-ao-trafico-em-eunapolis","status":"publish","type":"post","link":"https:\/\/noticiasbahia360.com.br\/?p=99042","title":{"rendered":"Ap\u00f3s apreens\u00e3o no Rio de Janeiro, for\u00e7as de seguran\u00e7a deflagram opera\u00e7\u00e3o em combate ao tr\u00e1fico em Eun\u00e1polis"},"content":{"rendered":"<div>\n<div>\n<figure><img decoding=\"async\" src=\"http:\/\/noticiasbahia360.com.br\/wp-content\/uploads\/2025\/08\/Operacao-em-Eunapolis.webp\" alt=\"Opera\u00e7\u00e3o em Eun\u00e1polis\"><figcaption>Foto: Divulga\u00e7\u00e3o\/PF<\/figcaption><\/figure>\n<\/div>\n<p>A For\u00e7a Tarefa da Pol\u00edcia Federal, composta por integrantes da SSP\/BA, Core e Bope, conjuntamente com a Pol\u00edcia Civil e Pol\u00edcia Rodovi\u00e1ria Federal, na manh\u00e3 de sexta-feira (29), deflagrou a Opera\u00e7\u00e3o Hati, com o objetivo de cumprir mandados judiciais decorrentes de investiga\u00e7\u00e3o relativa ao tr\u00e1fico de drogas e crimes conexos, como homic\u00eddios, sequestros e roubos no munic\u00edpio de Eun\u00e1polis, na Bahia.<\/p>\n<p>A investiga\u00e7\u00e3o \u00e9 um desdobramento da apreens\u00e3o de drogas ocorrida na semana passada, no estado do Rio de Janeiro, quando dois homens foram presos em flagrante transportando significativa quantidade de drogas sint\u00e9ticas, cujo destino era a cidade baiana de Eun\u00e1polis.<\/p>\n<figure class=\"wp-block-image size-large\"><img fetchpriority=\"high\" fetchpriority=\"high\" decoding=\"async\" width=\"1143\" height=\"768\" src=\"http:\/\/noticiasbahia360.com.br\/wp-content\/uploads\/2025\/08\/Operacao-em-Eunapolis-1143x768-1.webp\" alt=\"Opera\u00e7\u00e3o em Eun\u00e1polis\" class=\"wp-image-586477\" srcset=\"https:\/\/uploads.acordacidade.com.br\/2025\/08\/Operacao-em-Eunapolis--543x365.webp 543w, http:\/\/noticiasbahia360.com.br\/wp-content\/uploads\/2025\/08\/Operacao-em-Eunapolis-1143x768-1.webp 1143w, https:\/\/uploads.acordacidade.com.br\/2025\/08\/Operacao-em-Eunapolis--823x553.webp 823w, https:\/\/uploads.acordacidade.com.br\/2025\/08\/Operacao-em-Eunapolis--140x94.webp 140w, https:\/\/uploads.acordacidade.com.br\/2025\/08\/Operacao-em-Eunapolis--353x237.webp 353w, https:\/\/uploads.acordacidade.com.br\/2025\/08\/Operacao-em-Eunapolis--150x101.webp 150w, https:\/\/uploads.acordacidade.com.br\/2025\/08\/Operacao-em-Eunapolis-.webp 1200w\" sizes=\"(max-width: 1143px) 100vw, 1143px\"><figcaption class=\"wp-element-caption\">Foto: Divulga\u00e7\u00e3o\/PF<\/figcaption><\/figure>\n<p>Ap\u00f3s dilig\u00eancias, foram identificados endere\u00e7os com poss\u00edvel rela\u00e7\u00e3o com essa atividade criminosa, inclusive com suspeita de conex\u00e3o com recente homic\u00eddio ocorrido em Eun\u00e1polis, nesse m\u00eas de agosto.<\/p>\n<p>Durante as buscas foram apreendidas armas, balan\u00e7a de precis\u00e3o e subst\u00e2ncia assemelhada a droga il\u00edcita ou insumo para sua produ\u00e7\u00e3o. Foram cumpridos dois mandados de busca e apreens\u00e3o expedidos 1\u00aa Vara Criminal da Comarca de Eun\u00e1polis.<\/p>\n<p>As investiga\u00e7\u00f5es seguem em curso visando obter maiores elementos que levem \u00e0 desarticula\u00e7\u00e3o de a\u00e7\u00f5es coordenadas por parte de criminosos que atuam na regi\u00e3o do extremo sul, refor\u00e7ando a\u00e7\u00f5es integradas das for\u00e7as de seguran\u00e7a.<\/p>\n<p><em>Siga o Acorda Cidade no<\/em><a href=\"https:\/\/news.google.com\/search?q=acorda%20cidade&amp;hl=pt-BR&amp;gl=BR&amp;ceid=BR%3Apt-419\"><strong><em>\u00a0Google Not\u00edcias<\/em><\/strong><\/a><em>\u00a0e receba os principais destaques do dia. Participe tamb\u00e9m dos nossos canais no\u00a0<\/em><a href=\"https:\/\/www.whatsapp.com\/channel\/0029Va6Rb4v3WHTNnsh8WI3N\"><strong><em>WhatsApp<\/em><\/strong><\/a><em>\u00a0e\u00a0<\/em><a href=\"https:\/\/www.youtube.com\/@acordacidadenoticias\/videos\"><strong>YouTube<\/strong><\/a><em>\u00a0e grupo de\u00a0<\/em><a href=\"https:\/\/t.me\/+sSz0khrgARA0ZmRh\"><strong><em>Telegram<\/em><\/strong><\/a><em>.<\/em><\/p>\n<\/div>\n","protected":false},"excerpt":{"rendered":"<div>\n<div>\n<figure><img decoding=\"async\" src=\"https:\/\/uploads.acordacidade.com.br\/2025\/08\/Operacao-em-Eunapolis.webp\" alt=\"Opera\u00e7\u00e3o em Eun\u00e1polis\"><figcaption>Foto: Divulga\u00e7\u00e3o\/PF<\/figcaption><\/figure>\n<\/div>\n<p>Na opera\u00e7\u00e3o, foram cumpridos dois mandados de busca e apreens\u00e3o expedidos 1\u00aa Vara Criminal da Comarca de Eun\u00e1polis.<\/p><\/div>\n","protected":false},"author":1,"featured_media":99043,"comment_status":"closed","ping_status":"closed","sticky":false,"template":"","format":"gallery","meta":{"footnotes":""},"categories":[8,9,6,57,56,10],"tags":[],"class_list":["post-99042","post","type-post","status-publish","format-gallery","has-post-thumbnail","hentry","category-bahia","category-brasil","category-feira-de-santana","category-mundo","category-policia","category-politica","post_format-post-format-gallery"],"featured_image_urls":{"full":["https:\/\/noticiasbahia360.com.br\/wp-content\/uploads\/2025\/08\/Operacao-em-Eunapolis.webp",1200,806,false],"thumbnail":["https:\/\/noticiasbahia360.com.br\/wp-content\/uploads\/2025\/08\/Operacao-em-Eunapolis-150x150.webp",150,150,true],"medium":["https:\/\/noticiasbahia360.com.br\/wp-content\/uploads\/2025\/08\/Operacao-em-Eunapolis-300x202.webp",300,202,true],"medium_large":["https:\/\/noticiasbahia360.com.br\/wp-content\/uploads\/2025\/08\/Operacao-em-Eunapolis-768x516.webp",640,430,true],"large":["https:\/\/noticiasbahia360.com.br\/wp-content\/uploads\/2025\/08\/Operacao-em-Eunapolis-1024x688.webp",640,430,true],"1536x1536":["https:\/\/noticiasbahia360.com.br\/wp-content\/uploads\/2025\/08\/Operacao-em-Eunapolis.webp",1200,806,false],"2048x2048":["https:\/\/noticiasbahia360.com.br\/wp-content\/uploads\/2025\/08\/Operacao-em-Eunapolis.webp",1200,806,false],"chromenews-featured":["https:\/\/noticiasbahia360.com.br\/wp-content\/uploads\/2025\/08\/Operacao-em-Eunapolis-1024x688.webp",1024,688,true],"chromenews-large":["https:\/\/noticiasbahia360.com.br\/wp-content\/uploads\/2025\/08\/Operacao-em-Eunapolis-825x575.webp",825,575,true],"chromenews-medium":["https:\/\/noticiasbahia360.com.br\/wp-content\/uploads\/2025\/08\/Operacao-em-Eunapolis-590x410.webp",590,410,true]},"author_info":{"display_name":"noticiasbahia360.com.br","author_link":"https:\/\/noticiasbahia360.com.br\/?author=1"},"category_info":"<a href=\"https:\/\/noticiasbahia360.com.br\/?cat=8\" rel=\"category\">Bahia<\/a> <a href=\"https:\/\/noticiasbahia360.com.br\/?cat=9\" rel=\"category\">Brasil<\/a> <a href=\"https:\/\/noticiasbahia360.com.br\/?cat=6\" rel=\"category\">Feira de Santana<\/a> <a href=\"https:\/\/noticiasbahia360.com.br\/?cat=57\" rel=\"category\">Mundo<\/a> <a href=\"https:\/\/noticiasbahia360.com.br\/?cat=56\" rel=\"category\">Pol\u00edcia<\/a> <a href=\"https:\/\/noticiasbahia360.com.br\/?cat=10\" rel=\"category\">Pol\u00edtica<\/a>","tag_info":"Pol\u00edtica","comment_count":"0","_links":{"self":[{"href":"https:\/\/noticiasbahia360.com.br\/index.php?rest_route=\/wp\/v2\/posts\/99042","targetHints":{"allow":["GET"]}}],"collection":[{"href":"https:\/\/noticiasbahia360.com.br\/index.php?rest_route=\/wp\/v2\/posts"}],"about":[{"href":"https:\/\/noticiasbahia360.com.br\/index.php?rest_route=\/wp\/v2\/types\/post"}],"author":[{"embeddable":true,"href":"https:\/\/noticiasbahia360.com.br\/index.php?rest_route=\/wp\/v2\/users\/1"}],"replies":[{"embeddable":true,"href":"https:\/\/noticiasbahia360.com.br\/index.php?rest_route=%2Fwp%2Fv2%2Fcomments&post=99042"}],"version-history":[{"count":0,"href":"https:\/\/noticiasbahia360.com.br\/index.php?rest_route=\/wp\/v2\/posts\/99042\/revisions"}],"wp:featuredmedia":[{"embeddable":true,"href":"https:\/\/noticiasbahia360.com.br\/index.php?rest_route=\/wp\/v2\/media\/99043"}],"wp:attachment":[{"href":"https:\/\/noticiasbahia360.com.br\/index.php?rest_route=%2Fwp%2Fv2%2Fmedia&parent=99042"}],"wp:term":[{"taxonomy":"category","embeddable":true,"href":"https:\/\/noticiasbahia360.com.br\/index.php?rest_route=%2Fwp%2Fv2%2Fcategories&post=99042"},{"taxonomy":"post_tag","embeddable":true,"href":"https:\/\/noticiasbahia360.com.br\/index.php?rest_route=%2Fwp%2Fv2%2Ftags&post=99042"}],"curies":[{"name":"wp","href":"https:\/\/api.w.org\/{rel}","templated":true}]}}