{"id":99053,"date":"2025-08-30T13:25:07","date_gmt":"2025-08-30T16:25:07","guid":{"rendered":"https:\/\/noticiasbahia360.com.br\/?p=99053"},"modified":"2025-08-30T13:25:07","modified_gmt":"2025-08-30T16:25:07","slug":"prefeito-assina-ordem-de-servico-para-construcao-de-ubs-no-bairro-papagaio-em-feira-de-santana","status":"publish","type":"post","link":"https:\/\/noticiasbahia360.com.br\/?p=99053","title":{"rendered":"Prefeito assina ordem de servi\u00e7o para constru\u00e7\u00e3o de UBS no bairro Papagaio, em Feira de Santana"},"content":{"rendered":"<div>\n<div>\n<figure><img decoding=\"async\" src=\"http:\/\/noticiasbahia360.com.br\/wp-content\/uploads\/2025\/08\/Prefeito-assina-ordem-de-servico-para-construcao-de-UBS-de-porte-III-no-bairro-Papagaio-5.webp\" alt=\"Prefeito assina ordem de servi\u00e7o para constru\u00e7\u00e3o de UBS de porte III no bairro Papagaio\"><figcaption>Foto: Ney Silva\/Acorda Cidade<\/figcaption><\/figure>\n<\/div>\n<p>Neste s\u00e1bado (30), o prefeito de Feira de Santana, Jos\u00e9 Ronaldo de Carvalho, assinou a ordem de servi\u00e7o para o in\u00edcio das obras da nova Unidade B\u00e1sica de Sa\u00fade (UBS) de porte III no bairro Papagaio, localizado na regi\u00e3o Norte da cidade. A unidade, que ser\u00e1 uma das maiores da rede municipal, atender\u00e1 cerca de 20 mil moradores do bairro e de \u00e1reas vizinhas, como Lagoa Salgada e Vila Menilha, que tamb\u00e9m ser\u00e3o contemplados.<\/p>\n<figure class=\"wp-block-image size-large\"><img fetchpriority=\"high\" fetchpriority=\"high\" decoding=\"async\" width=\"1139\" height=\"768\" src=\"http:\/\/noticiasbahia360.com.br\/wp-content\/uploads\/2025\/08\/Prefeito-assina-ordem-de-servico-para-construcao-de-UBS-de-porte-III-no-bairro-Papagaio-1139x768-1.webp\" alt=\"Prefeito assina ordem de servi\u00e7o para constru\u00e7\u00e3o de UBS de porte III no bairro Papagaio\" class=\"wp-image-586502\" srcset=\"https:\/\/uploads.acordacidade.com.br\/2025\/08\/Prefeito-assina-ordem-de-servico-para-construcao-de-UBS-de-porte-III-no-bairro-Papagaio-541x365.webp 541w, http:\/\/noticiasbahia360.com.br\/wp-content\/uploads\/2025\/08\/Prefeito-assina-ordem-de-servico-para-construcao-de-UBS-de-porte-III-no-bairro-Papagaio-1139x768-1.webp 1139w, https:\/\/uploads.acordacidade.com.br\/2025\/08\/Prefeito-assina-ordem-de-servico-para-construcao-de-UBS-de-porte-III-no-bairro-Papagaio-820x553.webp 820w, https:\/\/uploads.acordacidade.com.br\/2025\/08\/Prefeito-assina-ordem-de-servico-para-construcao-de-UBS-de-porte-III-no-bairro-Papagaio-140x94.webp 140w, https:\/\/uploads.acordacidade.com.br\/2025\/08\/Prefeito-assina-ordem-de-servico-para-construcao-de-UBS-de-porte-III-no-bairro-Papagaio-352x237.webp 352w, https:\/\/uploads.acordacidade.com.br\/2025\/08\/Prefeito-assina-ordem-de-servico-para-construcao-de-UBS-de-porte-III-no-bairro-Papagaio-150x101.webp 150w, https:\/\/uploads.acordacidade.com.br\/2025\/08\/Prefeito-assina-ordem-de-servico-para-construcao-de-UBS-de-porte-III-no-bairro-Papagaio.webp 1200w\" sizes=\"(max-width: 1139px) 100vw, 1139px\"><figcaption class=\"wp-element-caption\">Foto: Ney Silva\/Acorda Cidade<\/figcaption><\/figure>\n<p>Com um investimento superior a R$ 2 milh\u00f5es, a UBS de porte III trar\u00e1 melhorias significativas no atendimento \u00e0 sa\u00fade da popula\u00e7\u00e3o, com servi\u00e7os como consultas m\u00e9dicas, vacina\u00e7\u00e3o, acompanhamento de sa\u00fade familiar, entre outros. A obra ter\u00e1 um prazo de 12 a 14 meses para conclus\u00e3o.<\/p>\n<p>De acordo com o secret\u00e1rio de Sa\u00fade, Rodrigo Matos, a nova UBS ser\u00e1 um grande avan\u00e7o para a cidade e uma importante ferramenta de inclus\u00e3o social por meio da sa\u00fade.<\/p>\n<figure class=\"wp-block-image size-large\"><img decoding=\"async\" width=\"1024\" height=\"768\" src=\"http:\/\/noticiasbahia360.com.br\/wp-content\/uploads\/2025\/08\/Prefeito-assina-ordem-de-servico-para-construcao-de-UBS-de-porte-III-no-bairro-Papagaio-1024x768-1.webp\" alt=\"Prefeito assina ordem de servi\u00e7o para constru\u00e7\u00e3o de UBS de porte III no bairro PapagaioPrefeito assina ordem de servi\u00e7o para constru\u00e7\u00e3o de UBS de porte III no bairro Papagaio\" class=\"wp-image-586501\" srcset=\"https:\/\/uploads.acordacidade.com.br\/2025\/08\/Prefeito-assina-ordem-de-servico-para-construcao-de-UBS-de-porte-III-no-bairro-Papagaio--487x365.webp 487w, http:\/\/noticiasbahia360.com.br\/wp-content\/uploads\/2025\/08\/Prefeito-assina-ordem-de-servico-para-construcao-de-UBS-de-porte-III-no-bairro-Papagaio-1024x768-1.webp 1024w, https:\/\/uploads.acordacidade.com.br\/2025\/08\/Prefeito-assina-ordem-de-servico-para-construcao-de-UBS-de-porte-III-no-bairro-Papagaio--737x553.webp 737w, https:\/\/uploads.acordacidade.com.br\/2025\/08\/Prefeito-assina-ordem-de-servico-para-construcao-de-UBS-de-porte-III-no-bairro-Papagaio--140x105.webp 140w, https:\/\/uploads.acordacidade.com.br\/2025\/08\/Prefeito-assina-ordem-de-servico-para-construcao-de-UBS-de-porte-III-no-bairro-Papagaio--316x237.webp 316w, https:\/\/uploads.acordacidade.com.br\/2025\/08\/Prefeito-assina-ordem-de-servico-para-construcao-de-UBS-de-porte-III-no-bairro-Papagaio--150x113.webp 150w, https:\/\/uploads.acordacidade.com.br\/2025\/08\/Prefeito-assina-ordem-de-servico-para-construcao-de-UBS-de-porte-III-no-bairro-Papagaio-.webp 1200w\" sizes=\"(max-width: 1024px) 100vw, 1024px\"><figcaption class=\"wp-element-caption\">Rodrigo Matos | Foto: Ney Silva\/Acorda Cidade<\/figcaption><\/figure>\n<p>\u201cTeremos todos os servi\u00e7os que a aten\u00e7\u00e3o prim\u00e1ria preconiza, como promo\u00e7\u00e3o \u00e0 sa\u00fade, preven\u00e7\u00e3o de doen\u00e7as, consultas m\u00e9dicas, vacina\u00e7\u00e3o, consulta de enfermagem, equipe multidisciplinar, nutricionista, fisioterapia, enfim. Um grande equipamento de sa\u00fade que vai certamente impactar muito os indicadores de sa\u00fade dessa regi\u00e3o\u201d, explicou.<\/p>\n<p>A obra ser\u00e1 financiada com recursos do Programa de Acelera\u00e7\u00e3o do Crescimento (PAC), do governo federal, com o cofinanciamento estadual, mas o custeio da unidade ficar\u00e1 a cargo da Prefeitura de Feira.<\/p>\n<figure class=\"wp-block-image size-large\"><img decoding=\"async\" width=\"1024\" height=\"768\" src=\"http:\/\/noticiasbahia360.com.br\/wp-content\/uploads\/2025\/08\/Prefeito-assina-ordem-de-servico-para-construcao-de-UBS-de-porte-III-no-bairro-Papagaio-1-1024x768-1.webp\" alt=\"Prefeito assina ordem de servi\u00e7o para constru\u00e7\u00e3o de UBS de porte III no bairro Papagaio\" class=\"wp-image-586500\" srcset=\"https:\/\/uploads.acordacidade.com.br\/2025\/08\/Prefeito-assina-ordem-de-servico-para-construcao-de-UBS-de-porte-III-no-bairro-Papagaio-1-487x365.webp 487w, http:\/\/noticiasbahia360.com.br\/wp-content\/uploads\/2025\/08\/Prefeito-assina-ordem-de-servico-para-construcao-de-UBS-de-porte-III-no-bairro-Papagaio-1-1024x768-1.webp 1024w, https:\/\/uploads.acordacidade.com.br\/2025\/08\/Prefeito-assina-ordem-de-servico-para-construcao-de-UBS-de-porte-III-no-bairro-Papagaio-1-737x553.webp 737w, https:\/\/uploads.acordacidade.com.br\/2025\/08\/Prefeito-assina-ordem-de-servico-para-construcao-de-UBS-de-porte-III-no-bairro-Papagaio-1-140x105.webp 140w, https:\/\/uploads.acordacidade.com.br\/2025\/08\/Prefeito-assina-ordem-de-servico-para-construcao-de-UBS-de-porte-III-no-bairro-Papagaio-1-316x237.webp 316w, https:\/\/uploads.acordacidade.com.br\/2025\/08\/Prefeito-assina-ordem-de-servico-para-construcao-de-UBS-de-porte-III-no-bairro-Papagaio-1-150x113.webp 150w, https:\/\/uploads.acordacidade.com.br\/2025\/08\/Prefeito-assina-ordem-de-servico-para-construcao-de-UBS-de-porte-III-no-bairro-Papagaio-1.webp 1200w\" sizes=\"(max-width: 1024px) 100vw, 1024px\"><figcaption class=\"wp-element-caption\">Foto: Ney Silva\/Acorda Cidade<\/figcaption><\/figure>\n<p>\u201cMostra que quando voc\u00ea decide construir uma obra, tem que ter planejamento, tem que ter vontade e senso de prioridade. Quando a gente constr\u00f3i uma unidade como essa, a gente entende que no or\u00e7amento que vem tem que contemplar o custeio dessa unidade. Ent\u00e3o isso mostra que o governo tem ampla vis\u00e3o de que sa\u00fade \u00e9 prioridade para Feira de Santana\u201d, disse o secret\u00e1rio.<\/p>\n<figure class=\"wp-block-image size-large\"><img decoding=\"async\" width=\"1024\" height=\"768\" src=\"http:\/\/noticiasbahia360.com.br\/wp-content\/uploads\/2025\/08\/Prefeito-assina-ordem-de-servico-para-construcao-de-UBS-de-porte-III-no-bairro-Papagaio-4-1024x768-1.webp\" alt=\"Prefeito assina ordem de servi\u00e7o para constru\u00e7\u00e3o de UBS de porte III no bairro Papagaio\" class=\"wp-image-586497\" srcset=\"https:\/\/uploads.acordacidade.com.br\/2025\/08\/Prefeito-assina-ordem-de-servico-para-construcao-de-UBS-de-porte-III-no-bairro-Papagaio-4-487x365.webp 487w, http:\/\/noticiasbahia360.com.br\/wp-content\/uploads\/2025\/08\/Prefeito-assina-ordem-de-servico-para-construcao-de-UBS-de-porte-III-no-bairro-Papagaio-4-1024x768-1.webp 1024w, https:\/\/uploads.acordacidade.com.br\/2025\/08\/Prefeito-assina-ordem-de-servico-para-construcao-de-UBS-de-porte-III-no-bairro-Papagaio-4-737x553.webp 737w, https:\/\/uploads.acordacidade.com.br\/2025\/08\/Prefeito-assina-ordem-de-servico-para-construcao-de-UBS-de-porte-III-no-bairro-Papagaio-4-140x105.webp 140w, https:\/\/uploads.acordacidade.com.br\/2025\/08\/Prefeito-assina-ordem-de-servico-para-construcao-de-UBS-de-porte-III-no-bairro-Papagaio-4-316x237.webp 316w, https:\/\/uploads.acordacidade.com.br\/2025\/08\/Prefeito-assina-ordem-de-servico-para-construcao-de-UBS-de-porte-III-no-bairro-Papagaio-4-150x113.webp 150w, https:\/\/uploads.acordacidade.com.br\/2025\/08\/Prefeito-assina-ordem-de-servico-para-construcao-de-UBS-de-porte-III-no-bairro-Papagaio-4.webp 1200w\" sizes=\"(max-width: 1024px) 100vw, 1024px\"><figcaption class=\"wp-element-caption\">Foto: Ney Silva\/Acorda Cidade<\/figcaption><\/figure>\n<p>Ao Acorda Cidade, o prefeito Jos\u00e9 Ronaldo destacou a import\u00e2ncia do planejamento para garantir a continuidade dos servi\u00e7os ap\u00f3s a conclus\u00e3o da obra. \u201cQuando a gente decide construir uma unidade como essa, temos que pensar tamb\u00e9m no custeio, que ficar\u00e1 com o munic\u00edpio no futuro. Isso \u00e9 um sinal claro de que a sa\u00fade \u00e9 uma prioridade para o nosso governo\u201d, afirmou o prefeito.<\/p>\n<figure class=\"wp-block-image size-large\"><img loading=\"lazy\" decoding=\"async\" width=\"1024\" height=\"768\" src=\"http:\/\/noticiasbahia360.com.br\/wp-content\/uploads\/2025\/08\/Prefeito-assina-ordem-de-servico-para-construcao-de-UBS-de-porte-III-no-bairro-Papagaio-3-1024x768-1.webp\" alt=\"Prefeito assina ordem de servi\u00e7o para constru\u00e7\u00e3o de UBS de porte III no bairro Papagaio\" class=\"wp-image-586498\" srcset=\"https:\/\/uploads.acordacidade.com.br\/2025\/08\/Prefeito-assina-ordem-de-servico-para-construcao-de-UBS-de-porte-III-no-bairro-Papagaio-3-487x365.webp 487w, http:\/\/noticiasbahia360.com.br\/wp-content\/uploads\/2025\/08\/Prefeito-assina-ordem-de-servico-para-construcao-de-UBS-de-porte-III-no-bairro-Papagaio-3-1024x768-1.webp 1024w, https:\/\/uploads.acordacidade.com.br\/2025\/08\/Prefeito-assina-ordem-de-servico-para-construcao-de-UBS-de-porte-III-no-bairro-Papagaio-3-737x553.webp 737w, https:\/\/uploads.acordacidade.com.br\/2025\/08\/Prefeito-assina-ordem-de-servico-para-construcao-de-UBS-de-porte-III-no-bairro-Papagaio-3-140x105.webp 140w, https:\/\/uploads.acordacidade.com.br\/2025\/08\/Prefeito-assina-ordem-de-servico-para-construcao-de-UBS-de-porte-III-no-bairro-Papagaio-3-316x237.webp 316w, https:\/\/uploads.acordacidade.com.br\/2025\/08\/Prefeito-assina-ordem-de-servico-para-construcao-de-UBS-de-porte-III-no-bairro-Papagaio-3-150x113.webp 150w, https:\/\/uploads.acordacidade.com.br\/2025\/08\/Prefeito-assina-ordem-de-servico-para-construcao-de-UBS-de-porte-III-no-bairro-Papagaio-3.webp 1200w\" sizes=\"(max-width: 1024px) 100vw, 1024px\"><figcaption class=\"wp-element-caption\">Jos\u00e9 Ronaldo | Foto: Ney Silva\/Acorda Cidade<\/figcaption><\/figure>\n<p>O prefeito tamb\u00e9m refor\u00e7ou que a constru\u00e7\u00e3o da UBS no Papagaio faz parte de um projeto mais amplo de investimentos na sa\u00fade da regi\u00e3o. Uma outra unidade tamb\u00e9m ser\u00e1 constru\u00edda no bairro Jardim Brasil, totalizando investimentos de mais de R$ 5 milh\u00f5es. O governo tamb\u00e9m estuda implementar uma oficina ortop\u00e9dica junto \u00e0 UBS do Papagaio.<\/p>\n<p>\u201cEssa unidade de sa\u00fade, ao lado do Jardim Brasil, s\u00e3o as duas maiores unidades de sa\u00fade em termos de postos de sa\u00fade. S\u00e3o muito grandes. Anunciei que, dentro de 30 dias, n\u00f3s vamos voltar l\u00e1 para dar uma ordem de servi\u00e7o de mais uma obra naquela regi\u00e3o, tamb\u00e9m ligada \u00e0 sa\u00fade. Vai ser algo novo, moderno que vamos implantar em Feira de Santana\u201d, afirmou.<\/p>\n<figure class=\"wp-block-image size-large\"><img loading=\"lazy\" decoding=\"async\" width=\"1024\" height=\"768\" src=\"http:\/\/noticiasbahia360.com.br\/wp-content\/uploads\/2025\/08\/Prefeito-assina-ordem-de-servico-para-construcao-de-UBS-de-porte-III-no-bairro-Papagaio-2-1024x768-1.webp\" alt=\"Prefeito assina ordem de servi\u00e7o para constru\u00e7\u00e3o de UBS de porte III no bairro Papagaio\" class=\"wp-image-586499\" srcset=\"https:\/\/uploads.acordacidade.com.br\/2025\/08\/Prefeito-assina-ordem-de-servico-para-construcao-de-UBS-de-porte-III-no-bairro-Papagaio-2-487x365.webp 487w, http:\/\/noticiasbahia360.com.br\/wp-content\/uploads\/2025\/08\/Prefeito-assina-ordem-de-servico-para-construcao-de-UBS-de-porte-III-no-bairro-Papagaio-2-1024x768-1.webp 1024w, https:\/\/uploads.acordacidade.com.br\/2025\/08\/Prefeito-assina-ordem-de-servico-para-construcao-de-UBS-de-porte-III-no-bairro-Papagaio-2-737x553.webp 737w, https:\/\/uploads.acordacidade.com.br\/2025\/08\/Prefeito-assina-ordem-de-servico-para-construcao-de-UBS-de-porte-III-no-bairro-Papagaio-2-140x105.webp 140w, https:\/\/uploads.acordacidade.com.br\/2025\/08\/Prefeito-assina-ordem-de-servico-para-construcao-de-UBS-de-porte-III-no-bairro-Papagaio-2-316x237.webp 316w, https:\/\/uploads.acordacidade.com.br\/2025\/08\/Prefeito-assina-ordem-de-servico-para-construcao-de-UBS-de-porte-III-no-bairro-Papagaio-2-150x113.webp 150w, https:\/\/uploads.acordacidade.com.br\/2025\/08\/Prefeito-assina-ordem-de-servico-para-construcao-de-UBS-de-porte-III-no-bairro-Papagaio-2.webp 1200w\" sizes=\"(max-width: 1024px) 100vw, 1024px\"><figcaption class=\"wp-element-caption\">Foto: Ney Silva\/Acorda Cidade<\/figcaption><\/figure>\n<p>O prefeito tamb\u00e9m revelou que recebeu em seu gabinete representantes de 11 condom\u00ednios da regi\u00e3o do Papagaio, que discutiram sobre os problemas de infraestrutura no bairro, como alagamentos registrados em anos anteriores. Com o acordo firmado com as construtoras, n\u00e3o deve haver mais alagamento em pelo menos tr\u00eas residenciais.<\/p>\n<p>\u201cFizemos um TAC (Termo de Ajustamento de Conduta) com as construtoras, e essas construtoras j\u00e1 iniciaram as obras para acabar com esses alagamentos naquela regi\u00e3o. Ou seja, esta obra que est\u00e1 sendo j\u00e1 iniciada, os engenheiros me garantiram que, com outra chuva, tipo aquela que aconteceu, concluindo esta obra, n\u00e3o haver\u00e1 mais alagamento nesses tr\u00eas condom\u00ednios\u201d, declarou.<\/p>\n<p>Al\u00e9m da UBS, o prefeito Jos\u00e9 Ronaldo adiantou que h\u00e1 planos de continuar investindo ainda mais na infraestrutura na regi\u00e3o norte. Em um m\u00eas, ele deve retornar para fazer mais an\u00fancios.<\/p>\n<p><em>Com informa\u00e7\u00f5es do rep\u00f3rter Ney Silva do Acorda Cidade<\/em><\/p>\n<p><em>Siga o Acorda Cidade no<\/em><a href=\"https:\/\/news.google.com\/search?q=acorda%20cidade&amp;hl=pt-BR&amp;gl=BR&amp;ceid=BR%3Apt-419\"><strong><em>\u00a0Google Not\u00edcias<\/em><\/strong><\/a><em>\u00a0e receba os principais destaques do dia. Participe tamb\u00e9m dos nossos canais no\u00a0<\/em><a href=\"https:\/\/www.whatsapp.com\/channel\/0029Va6Rb4v3WHTNnsh8WI3N\"><strong><em>WhatsApp<\/em><\/strong><\/a><em>\u00a0e\u00a0<\/em><a href=\"https:\/\/www.youtube.com\/@acordacidadenoticias\/videos\"><strong>YouTube<\/strong><\/a><em>\u00a0e grupo de\u00a0<\/em><a href=\"https:\/\/t.me\/+sSz0khrgARA0ZmRh\"><strong><em>Telegram<\/em><\/strong><\/a><em>.<\/em><\/p>\n<\/div>\n","protected":false},"excerpt":{"rendered":"<div>\n<div>\n<figure><img decoding=\"async\" src=\"https:\/\/uploads.acordacidade.com.br\/2025\/08\/Prefeito-assina-ordem-de-servico-para-construcao-de-UBS-de-porte-III-no-bairro-Papagaio-5.webp\" alt=\"Prefeito assina ordem de servi\u00e7o para constru\u00e7\u00e3o de UBS de porte III no bairro Papagaio\"><figcaption>Foto: Ney Silva\/Acorda Cidade<\/figcaption><\/figure>\n<\/div>\n<p>Com um investimento superior a R$ 2 milh\u00f5es, a UBS de porte III trar\u00e1 melhorias significativas no atendimento \u00e0 sa\u00fade da popula\u00e7\u00e3o.<\/p><\/div>\n","protected":false},"author":1,"featured_media":99054,"comment_status":"closed","ping_status":"closed","sticky":false,"template":"","format":"gallery","meta":{"footnotes":""},"categories":[8,9,6,57,56,10],"tags":[],"class_list":["post-99053","post","type-post","status-publish","format-gallery","has-post-thumbnail","hentry","category-bahia","category-brasil","category-feira-de-santana","category-mundo","category-policia","category-politica","post_format-post-format-gallery"],"featured_image_urls":{"full":["https:\/\/noticiasbahia360.com.br\/wp-content\/uploads\/2025\/08\/Prefeito-assina-ordem-de-servico-para-construcao-de-UBS-de-porte-III-no-bairro-Papagaio-5.webp",1200,900,false],"thumbnail":["https:\/\/noticiasbahia360.com.br\/wp-content\/uploads\/2025\/08\/Prefeito-assina-ordem-de-servico-para-construcao-de-UBS-de-porte-III-no-bairro-Papagaio-5-150x150.webp",150,150,true],"medium":["https:\/\/noticiasbahia360.com.br\/wp-content\/uploads\/2025\/08\/Prefeito-assina-ordem-de-servico-para-construcao-de-UBS-de-porte-III-no-bairro-Papagaio-5-300x225.webp",300,225,true],"medium_large":["https:\/\/noticiasbahia360.com.br\/wp-content\/uploads\/2025\/08\/Prefeito-assina-ordem-de-servico-para-construcao-de-UBS-de-porte-III-no-bairro-Papagaio-5-768x576.webp",640,480,true],"large":["https:\/\/noticiasbahia360.com.br\/wp-content\/uploads\/2025\/08\/Prefeito-assina-ordem-de-servico-para-construcao-de-UBS-de-porte-III-no-bairro-Papagaio-5-1024x768.webp",640,480,true],"1536x1536":["https:\/\/noticiasbahia360.com.br\/wp-content\/uploads\/2025\/08\/Prefeito-assina-ordem-de-servico-para-construcao-de-UBS-de-porte-III-no-bairro-Papagaio-5.webp",1200,900,false],"2048x2048":["https:\/\/noticiasbahia360.com.br\/wp-content\/uploads\/2025\/08\/Prefeito-assina-ordem-de-servico-para-construcao-de-UBS-de-porte-III-no-bairro-Papagaio-5.webp",1200,900,false],"chromenews-featured":["https:\/\/noticiasbahia360.com.br\/wp-content\/uploads\/2025\/08\/Prefeito-assina-ordem-de-servico-para-construcao-de-UBS-de-porte-III-no-bairro-Papagaio-5-1024x768.webp",1024,768,true],"chromenews-large":["https:\/\/noticiasbahia360.com.br\/wp-content\/uploads\/2025\/08\/Prefeito-assina-ordem-de-servico-para-construcao-de-UBS-de-porte-III-no-bairro-Papagaio-5-825x575.webp",825,575,true],"chromenews-medium":["https:\/\/noticiasbahia360.com.br\/wp-content\/uploads\/2025\/08\/Prefeito-assina-ordem-de-servico-para-construcao-de-UBS-de-porte-III-no-bairro-Papagaio-5-590x410.webp",590,410,true]},"author_info":{"display_name":"noticiasbahia360.com.br","author_link":"https:\/\/noticiasbahia360.com.br\/?author=1"},"category_info":"<a href=\"https:\/\/noticiasbahia360.com.br\/?cat=8\" rel=\"category\">Bahia<\/a> <a href=\"https:\/\/noticiasbahia360.com.br\/?cat=9\" rel=\"category\">Brasil<\/a> <a href=\"https:\/\/noticiasbahia360.com.br\/?cat=6\" rel=\"category\">Feira de Santana<\/a> <a href=\"https:\/\/noticiasbahia360.com.br\/?cat=57\" rel=\"category\">Mundo<\/a> <a href=\"https:\/\/noticiasbahia360.com.br\/?cat=56\" rel=\"category\">Pol\u00edcia<\/a> <a href=\"https:\/\/noticiasbahia360.com.br\/?cat=10\" rel=\"category\">Pol\u00edtica<\/a>","tag_info":"Pol\u00edtica","comment_count":"0","_links":{"self":[{"href":"https:\/\/noticiasbahia360.com.br\/index.php?rest_route=\/wp\/v2\/posts\/99053","targetHints":{"allow":["GET"]}}],"collection":[{"href":"https:\/\/noticiasbahia360.com.br\/index.php?rest_route=\/wp\/v2\/posts"}],"about":[{"href":"https:\/\/noticiasbahia360.com.br\/index.php?rest_route=\/wp\/v2\/types\/post"}],"author":[{"embeddable":true,"href":"https:\/\/noticiasbahia360.com.br\/index.php?rest_route=\/wp\/v2\/users\/1"}],"replies":[{"embeddable":true,"href":"https:\/\/noticiasbahia360.com.br\/index.php?rest_route=%2Fwp%2Fv2%2Fcomments&post=99053"}],"version-history":[{"count":0,"href":"https:\/\/noticiasbahia360.com.br\/index.php?rest_route=\/wp\/v2\/posts\/99053\/revisions"}],"wp:featuredmedia":[{"embeddable":true,"href":"https:\/\/noticiasbahia360.com.br\/index.php?rest_route=\/wp\/v2\/media\/99054"}],"wp:attachment":[{"href":"https:\/\/noticiasbahia360.com.br\/index.php?rest_route=%2Fwp%2Fv2%2Fmedia&parent=99053"}],"wp:term":[{"taxonomy":"category","embeddable":true,"href":"https:\/\/noticiasbahia360.com.br\/index.php?rest_route=%2Fwp%2Fv2%2Fcategories&post=99053"},{"taxonomy":"post_tag","embeddable":true,"href":"https:\/\/noticiasbahia360.com.br\/index.php?rest_route=%2Fwp%2Fv2%2Ftags&post=99053"}],"curies":[{"name":"wp","href":"https:\/\/api.w.org\/{rel}","templated":true}]}}