{"id":99061,"date":"2025-08-30T13:35:12","date_gmt":"2025-08-30T16:35:12","guid":{"rendered":"https:\/\/noticiasbahia360.com.br\/?p=99061"},"modified":"2025-08-30T13:35:12","modified_gmt":"2025-08-30T16:35:12","slug":"e-mentira-que-presidente-dos-eua-morreu-donald-trump-foi-visto-saindo-da-casa-branca","status":"publish","type":"post","link":"https:\/\/noticiasbahia360.com.br\/?p=99061","title":{"rendered":"\u00c9 mentira que presidente dos EUA morreu; Donald Trump foi visto saindo da Casa Branca"},"content":{"rendered":"<div>\n<div>\n<figure><img decoding=\"async\" src=\"http:\/\/noticiasbahia360.com.br\/wp-content\/uploads\/2025\/08\/Trump-saindo-da-casa-branca.webp\" alt=\"Trump saindo da casa branca\"><figcaption>Foto: Reprodu\u00e7\u00e3o\/g1<\/figcaption><\/figure>\n<\/div>\n<p>Publica\u00e7\u00f5es que circulam desde a madrugada deste s\u00e1bado (30) diziam que Trump poderia ter morrido. As supostas evid\u00eancias que embasariam o boato seriam a agenda esvaziada do republicano neste fim de semana e a falta de declara\u00e7\u00f5es p\u00fablicas dele desde ter\u00e7a-feira.<\/p>\n<p>Al\u00e9m disso, usu\u00e1rios retomaram a circula\u00e7\u00e3o de uma foto de um hematoma na m\u00e3o do presidente, que viralizou nesta semana, para sugerir que ele estaria enfrentando um grave problema de sa\u00fade.<\/p>\n<p>Pessoas tamb\u00e9m associaram o fato de a Casa Branca ter colocado a bandeira americana a meio-mastro em frente ao pr\u00e9dio desde a \u00faltima ter\u00e7a-feira. Um usu\u00e1rio da rede social X comentou: \u201cAten\u00e7\u00e3o! A bandeira da Casa Branca foi colocada a meio-mastro \u2014 algo que s\u00f3 acontece quando um presidente morre ou quando o pa\u00eds est\u00e1 em luto oficial.\u201d<\/p>\n<h2 class=\"wp-block-heading\" id=\"h-por-que-e-falso\">\u26a0\ufe0f Por que \u00e9 falso?<\/h2>\n<p>A foto da Ag\u00eancia France-Presse (AFP) tirada na manh\u00e3 deste s\u00e1bado (30) flagra o presidente dos Estados Unidos, Donald Trump e sua neta Kai Trump saindo da Casa Branca em uma comitiva presidencial, que tem por destino o caminho do campo de golfe Trump National, em Sterling, Virg\u00ednia.<\/p>\n<p>Segundo a correspondente da Globo em Washington, Raquel Kr\u00e4henb\u00fchl, a agenda do presidente americano j\u00e1 n\u00e3o inclu\u00eda eventos oficiais neste fim de semana. Kr\u00e4henb\u00fchl tamb\u00e9m confirmou que um grupo de jornalistas se preparava para acompanhar o dia de Trump no campo de golfe.<\/p>\n<p>Comunicado assinado por Trump, do dia 27 de agosto, determinou que a bandeira americana fosse colocada a meio-mastro \u00e0 frente de todos os pr\u00e9dios p\u00fablicos no territ\u00f3rio dos EUA, em raz\u00e3o do ataque realizado em Minneapolis, quando um atirador abriu fogo em uma igreja em Minneapolis, nos Estados Unidos, matando 2 crian\u00e7as e ferindo outras 17 pessoas.<\/p>\n<p>\u201cOrdeno, por meio deste, que a bandeira dos Estados Unidos seja hasteada a meio mastro na Casa Branca e em todos os edif\u00edcios e terrenos p\u00fablicos, em todos os postos militares e bases navais, bem como em todos os navios da Marinha do Governo Federal no Distrito de Columbia e em todo o territ\u00f3rio dos Estados Unidos, incluindo seus territ\u00f3rios e possess\u00f5es, at\u00e9 o p\u00f4r do sol de 31 de agosto de 2025\u2033, diz o trecho do comunicado.<\/p>\n<p>Sobre a mancha roxa na m\u00e3o flagrada em uma cerim\u00f4nia, o time de comunica\u00e7\u00e3o de Trump isse que se tratava de uma irrita\u00e7\u00e3o na pele provocada pelo excesso de apertos de m\u00e3 e o uso de aspirina para o seu tratamento cardiovascular. Em julho, Trump foi diagnosticado com insufici\u00eancia venosa cr\u00f4nica \u2014 condi\u00e7\u00e3o que causa incha\u00e7o nas pernas e hematomas nas m\u00e3os, uma condi\u00e7\u00e3o mais comum entre pessoas com mais de 70 anos de idade. O presidente dos EUA completou 79 anos no \u00faltimo dia 14 de junho.<\/p>\n<p><em>Fonte: g1<\/em><\/p>\n<p><em>Siga o Acorda Cidade no<\/em><a href=\"https:\/\/news.google.com\/search?q=acorda%20cidade&amp;hl=pt-BR&amp;gl=BR&amp;ceid=BR%3Apt-419\"><strong><em>\u00a0Google Not\u00edcias<\/em><\/strong><\/a><em>\u00a0e receba os principais destaques do dia. Participe tamb\u00e9m dos nossos canais no\u00a0<\/em><a href=\"https:\/\/www.whatsapp.com\/channel\/0029Va6Rb4v3WHTNnsh8WI3N\"><strong><em>WhatsApp<\/em><\/strong><\/a><em>\u00a0e\u00a0<\/em><a href=\"https:\/\/www.youtube.com\/@acordacidadenoticias\/videos\"><strong>YouTube<\/strong><\/a><em>\u00a0e grupo de\u00a0<\/em><a href=\"https:\/\/t.me\/+sSz0khrgARA0ZmRh\"><strong><em>Telegram<\/em><\/strong><\/a><em>.<\/em><\/p>\n<\/div>\n","protected":false},"excerpt":{"rendered":"<div>\n<div>\n<figure><img decoding=\"async\" src=\"https:\/\/uploads.acordacidade.com.br\/2025\/08\/Trump-saindo-da-casa-branca.webp\" alt=\"Trump saindo da casa branca\"><figcaption>Foto: Reprodu\u00e7\u00e3o\/g1<\/figcaption><\/figure>\n<\/div>\n<p>Segundo a correspondente da Globo, a agenda do presidente americano j\u00e1 n\u00e3o inclu\u00eda eventos oficiais neste fim de semana.<\/p><\/div>\n","protected":false},"author":1,"featured_media":99062,"comment_status":"closed","ping_status":"closed","sticky":false,"template":"","format":"gallery","meta":{"footnotes":""},"categories":[8,9,6,57,56,10],"tags":[],"class_list":["post-99061","post","type-post","status-publish","format-gallery","has-post-thumbnail","hentry","category-bahia","category-brasil","category-feira-de-santana","category-mundo","category-policia","category-politica","post_format-post-format-gallery"],"featured_image_urls":{"full":["https:\/\/noticiasbahia360.com.br\/wp-content\/uploads\/2025\/08\/Trump-saindo-da-casa-branca.webp",1200,562,false],"thumbnail":["https:\/\/noticiasbahia360.com.br\/wp-content\/uploads\/2025\/08\/Trump-saindo-da-casa-branca-150x150.webp",150,150,true],"medium":["https:\/\/noticiasbahia360.com.br\/wp-content\/uploads\/2025\/08\/Trump-saindo-da-casa-branca-300x141.webp",300,141,true],"medium_large":["https:\/\/noticiasbahia360.com.br\/wp-content\/uploads\/2025\/08\/Trump-saindo-da-casa-branca-768x360.webp",640,300,true],"large":["https:\/\/noticiasbahia360.com.br\/wp-content\/uploads\/2025\/08\/Trump-saindo-da-casa-branca-1024x480.webp",640,300,true],"1536x1536":["https:\/\/noticiasbahia360.com.br\/wp-content\/uploads\/2025\/08\/Trump-saindo-da-casa-branca.webp",1200,562,false],"2048x2048":["https:\/\/noticiasbahia360.com.br\/wp-content\/uploads\/2025\/08\/Trump-saindo-da-casa-branca.webp",1200,562,false],"chromenews-featured":["https:\/\/noticiasbahia360.com.br\/wp-content\/uploads\/2025\/08\/Trump-saindo-da-casa-branca-1024x480.webp",1024,480,true],"chromenews-large":["https:\/\/noticiasbahia360.com.br\/wp-content\/uploads\/2025\/08\/Trump-saindo-da-casa-branca-825x562.webp",825,562,true],"chromenews-medium":["https:\/\/noticiasbahia360.com.br\/wp-content\/uploads\/2025\/08\/Trump-saindo-da-casa-branca-590x410.webp",590,410,true]},"author_info":{"display_name":"noticiasbahia360.com.br","author_link":"https:\/\/noticiasbahia360.com.br\/?author=1"},"category_info":"<a href=\"https:\/\/noticiasbahia360.com.br\/?cat=8\" rel=\"category\">Bahia<\/a> <a href=\"https:\/\/noticiasbahia360.com.br\/?cat=9\" rel=\"category\">Brasil<\/a> <a href=\"https:\/\/noticiasbahia360.com.br\/?cat=6\" rel=\"category\">Feira de Santana<\/a> <a href=\"https:\/\/noticiasbahia360.com.br\/?cat=57\" rel=\"category\">Mundo<\/a> <a href=\"https:\/\/noticiasbahia360.com.br\/?cat=56\" rel=\"category\">Pol\u00edcia<\/a> <a href=\"https:\/\/noticiasbahia360.com.br\/?cat=10\" rel=\"category\">Pol\u00edtica<\/a>","tag_info":"Pol\u00edtica","comment_count":"0","_links":{"self":[{"href":"https:\/\/noticiasbahia360.com.br\/index.php?rest_route=\/wp\/v2\/posts\/99061","targetHints":{"allow":["GET"]}}],"collection":[{"href":"https:\/\/noticiasbahia360.com.br\/index.php?rest_route=\/wp\/v2\/posts"}],"about":[{"href":"https:\/\/noticiasbahia360.com.br\/index.php?rest_route=\/wp\/v2\/types\/post"}],"author":[{"embeddable":true,"href":"https:\/\/noticiasbahia360.com.br\/index.php?rest_route=\/wp\/v2\/users\/1"}],"replies":[{"embeddable":true,"href":"https:\/\/noticiasbahia360.com.br\/index.php?rest_route=%2Fwp%2Fv2%2Fcomments&post=99061"}],"version-history":[{"count":0,"href":"https:\/\/noticiasbahia360.com.br\/index.php?rest_route=\/wp\/v2\/posts\/99061\/revisions"}],"wp:featuredmedia":[{"embeddable":true,"href":"https:\/\/noticiasbahia360.com.br\/index.php?rest_route=\/wp\/v2\/media\/99062"}],"wp:attachment":[{"href":"https:\/\/noticiasbahia360.com.br\/index.php?rest_route=%2Fwp%2Fv2%2Fmedia&parent=99061"}],"wp:term":[{"taxonomy":"category","embeddable":true,"href":"https:\/\/noticiasbahia360.com.br\/index.php?rest_route=%2Fwp%2Fv2%2Fcategories&post=99061"},{"taxonomy":"post_tag","embeddable":true,"href":"https:\/\/noticiasbahia360.com.br\/index.php?rest_route=%2Fwp%2Fv2%2Ftags&post=99061"}],"curies":[{"name":"wp","href":"https:\/\/api.w.org\/{rel}","templated":true}]}}