{"id":99071,"date":"2025-08-30T17:20:35","date_gmt":"2025-08-30T20:20:35","guid":{"rendered":"https:\/\/noticiasbahia360.com.br\/?p=99071"},"modified":"2025-08-30T17:20:35","modified_gmt":"2025-08-30T20:20:35","slug":"historias-de-quem-depende-do-bpc-marcam-mutirao-do-inss-em-feira-de-santana","status":"publish","type":"post","link":"https:\/\/noticiasbahia360.com.br\/?p=99071","title":{"rendered":"Hist\u00f3rias de quem depende do BPC marcam mutir\u00e3o do INSS em Feira de Santana"},"content":{"rendered":"<div>\n<div>\n<figure><img decoding=\"async\" src=\"http:\/\/noticiasbahia360.com.br\/wp-content\/uploads\/2025\/08\/Mutirao-do-INSS-em-Feira-de-Santana-para-solicitar-e-atualizar-BPC-ft-ney-silv-acorda-cidade-5.webp\" alt=\"Mutir\u00e3o do INSS em Feira de Santana para solicitar e atualizar BPC\"><figcaption>Foto: Ney Silva\/Acorda Cidade<\/figcaption><\/figure>\n<\/div>\n<p>Com objetivo de reduzir as filas de atendimento, o mutir\u00e3o do Instituto Nacional do Seguro Social (INSS) realizado neste fim de semana em Feira de Santana trouxe \u00e0 tona hist\u00f3rias de luta de quem depende do Benef\u00edcio de Presta\u00e7\u00e3o Continuada (BPC). Entre os atendidos, est\u00e3o pessoas que enfrentam sequelas graves de viol\u00eancia, doen\u00e7as incapacitantes e fam\u00edlias que buscam garantir tratamento digno para seus parentes.<\/p>\n<figure class=\"wp-block-image size-large\"><img fetchpriority=\"high\" fetchpriority=\"high\" decoding=\"async\" width=\"1024\" height=\"768\" src=\"http:\/\/noticiasbahia360.com.br\/wp-content\/uploads\/2025\/08\/Mutirao-do-INSS-em-Feira-de-Santana-para-solicitar-e-atualizar-BPC-ft-ney-silv-acorda-cidade-3-1024x768-1.webp\" alt=\"Mutir\u00e3o do INSS em Feira de Santana para solicitar e atualizar BPC\" class=\"wp-image-586522\" srcset=\"https:\/\/uploads.acordacidade.com.br\/2025\/08\/Mutirao-do-INSS-em-Feira-de-Santana-para-solicitar-e-atualizar-BPC-ft-ney-silv-acorda-cidade-3-487x365.webp 487w, http:\/\/noticiasbahia360.com.br\/wp-content\/uploads\/2025\/08\/Mutirao-do-INSS-em-Feira-de-Santana-para-solicitar-e-atualizar-BPC-ft-ney-silv-acorda-cidade-3-1024x768-1.webp 1024w, https:\/\/uploads.acordacidade.com.br\/2025\/08\/Mutirao-do-INSS-em-Feira-de-Santana-para-solicitar-e-atualizar-BPC-ft-ney-silv-acorda-cidade-3-737x553.webp 737w, https:\/\/uploads.acordacidade.com.br\/2025\/08\/Mutirao-do-INSS-em-Feira-de-Santana-para-solicitar-e-atualizar-BPC-ft-ney-silv-acorda-cidade-3-140x105.webp 140w, https:\/\/uploads.acordacidade.com.br\/2025\/08\/Mutirao-do-INSS-em-Feira-de-Santana-para-solicitar-e-atualizar-BPC-ft-ney-silv-acorda-cidade-3-316x237.webp 316w, https:\/\/uploads.acordacidade.com.br\/2025\/08\/Mutirao-do-INSS-em-Feira-de-Santana-para-solicitar-e-atualizar-BPC-ft-ney-silv-acorda-cidade-3-150x113.webp 150w, https:\/\/uploads.acordacidade.com.br\/2025\/08\/Mutirao-do-INSS-em-Feira-de-Santana-para-solicitar-e-atualizar-BPC-ft-ney-silv-acorda-cidade-3.webp 1200w\" sizes=\"(max-width: 1024px) 100vw, 1024px\"><figcaption class=\"wp-element-caption\">Foto: Ney Silva\/Acorda Cidade<\/figcaption><\/figure>\n<p>As reavalia\u00e7\u00f5es biopsicossociais foram agendadas previamente e faz parte de uma iniciativa do governo federal para realizar a verifica\u00e7\u00e3o peri\u00f3dica dos benef\u00edcios, para garantir assist\u00eancia \u00e0s pessoas que mais precisam.<\/p>\n<p>Segundo o gerente da ag\u00eancia do INSS, Erivaldo Brasileiro, o objetivo do mutir\u00e3o \u00e9 reduzir o tempo de espera dos benefici\u00e1rios, que em algumas cidades pode chegar a quatro meses. Na a\u00e7\u00e3o, est\u00e1 programado 210 atendimentos para per\u00edcia e 102 para avalia\u00e7\u00e3o social.<\/p>\n<figure class=\"wp-block-image size-large\"><img decoding=\"async\" width=\"1024\" height=\"768\" src=\"http:\/\/noticiasbahia360.com.br\/wp-content\/uploads\/2025\/08\/Mutirao-do-INSS-em-Feira-de-Santana-para-solicitar-e-atualizar-BPC-ft-ney-silv-acorda-cidade-4-1024x768-1.webp\" alt=\"Mutir\u00e3o do INSS em Feira de Santana para solicitar e atualizar BPC\" class=\"wp-image-586521\" srcset=\"https:\/\/uploads.acordacidade.com.br\/2025\/08\/Mutirao-do-INSS-em-Feira-de-Santana-para-solicitar-e-atualizar-BPC-ft-ney-silv-acorda-cidade-4-487x365.webp 487w, http:\/\/noticiasbahia360.com.br\/wp-content\/uploads\/2025\/08\/Mutirao-do-INSS-em-Feira-de-Santana-para-solicitar-e-atualizar-BPC-ft-ney-silv-acorda-cidade-4-1024x768-1.webp 1024w, https:\/\/uploads.acordacidade.com.br\/2025\/08\/Mutirao-do-INSS-em-Feira-de-Santana-para-solicitar-e-atualizar-BPC-ft-ney-silv-acorda-cidade-4-737x553.webp 737w, https:\/\/uploads.acordacidade.com.br\/2025\/08\/Mutirao-do-INSS-em-Feira-de-Santana-para-solicitar-e-atualizar-BPC-ft-ney-silv-acorda-cidade-4-140x105.webp 140w, https:\/\/uploads.acordacidade.com.br\/2025\/08\/Mutirao-do-INSS-em-Feira-de-Santana-para-solicitar-e-atualizar-BPC-ft-ney-silv-acorda-cidade-4-316x237.webp 316w, https:\/\/uploads.acordacidade.com.br\/2025\/08\/Mutirao-do-INSS-em-Feira-de-Santana-para-solicitar-e-atualizar-BPC-ft-ney-silv-acorda-cidade-4-150x113.webp 150w, https:\/\/uploads.acordacidade.com.br\/2025\/08\/Mutirao-do-INSS-em-Feira-de-Santana-para-solicitar-e-atualizar-BPC-ft-ney-silv-acorda-cidade-4.webp 1200w\" sizes=\"(max-width: 1024px) 100vw, 1024px\"><figcaption class=\"wp-element-caption\">Foto: Ney Silva\/Acorda Cidade<\/figcaption><\/figure>\n<p>Ao Acorda Cidade, Adriano Alves de Nascimento, de 43 anos, relembrou o epis\u00f3dio que mudou completamente sua vida. Na \u00e9poca, ele trabalhava como pedreiro.<\/p>\n<p>\u201cFoi um assalto que me deu uma cacetada e eu fui para o Jo\u00e3o Alves j\u00e1 dormindo e fiquei em coma um ano\u201d. Em consequ\u00eancia das sequelas, Adriano hoje depende do BPC para sobreviver. O benef\u00edcio havia sido suspenso, mas foi restabelecido, e neste s\u00e1bado ele compareceu para atualiza\u00e7\u00e3o cadastral. \u201cEstava suspenso. Voltou h\u00e1 pouco tempo agora. Esse benef\u00edcio significa muito para mim\u201d, disse.<\/p>\n<figure class=\"wp-block-image size-large\"><img decoding=\"async\" width=\"1082\" height=\"768\" src=\"http:\/\/noticiasbahia360.com.br\/wp-content\/uploads\/2025\/08\/Mutirao-do-INSS-em-Feira-de-Santana-para-solicitar-e-atualizar-BPC-ft-ney-silv-acorda-cidade-6-1082x768-1.webp\" alt=\"\" class=\"wp-image-586519\" srcset=\"https:\/\/uploads.acordacidade.com.br\/2025\/08\/Mutirao-do-INSS-em-Feira-de-Santana-para-solicitar-e-atualizar-BPC-ft-ney-silv-acorda-cidade-6-514x365.webp 514w, http:\/\/noticiasbahia360.com.br\/wp-content\/uploads\/2025\/08\/Mutirao-do-INSS-em-Feira-de-Santana-para-solicitar-e-atualizar-BPC-ft-ney-silv-acorda-cidade-6-1082x768-1.webp 1082w, https:\/\/uploads.acordacidade.com.br\/2025\/08\/Mutirao-do-INSS-em-Feira-de-Santana-para-solicitar-e-atualizar-BPC-ft-ney-silv-acorda-cidade-6-779x553.webp 779w, https:\/\/uploads.acordacidade.com.br\/2025\/08\/Mutirao-do-INSS-em-Feira-de-Santana-para-solicitar-e-atualizar-BPC-ft-ney-silv-acorda-cidade-6-140x99.webp 140w, https:\/\/uploads.acordacidade.com.br\/2025\/08\/Mutirao-do-INSS-em-Feira-de-Santana-para-solicitar-e-atualizar-BPC-ft-ney-silv-acorda-cidade-6-334x237.webp 334w, https:\/\/uploads.acordacidade.com.br\/2025\/08\/Mutirao-do-INSS-em-Feira-de-Santana-para-solicitar-e-atualizar-BPC-ft-ney-silv-acorda-cidade-6-150x107.webp 150w, https:\/\/uploads.acordacidade.com.br\/2025\/08\/Mutirao-do-INSS-em-Feira-de-Santana-para-solicitar-e-atualizar-BPC-ft-ney-silv-acorda-cidade-6.webp 1200w\" sizes=\"(max-width: 1082px) 100vw, 1082px\"><figcaption class=\"wp-element-caption\">Adriano Alves de Nascimento | Foto: Ney Silva\/Acorda Cidade<\/figcaption><\/figure>\n<p>Outra hist\u00f3ria \u00e9 a de Arlete da Cruz Souza Santos, moradora do distrito de Humildes, que busca o benef\u00edcio para a filha Helloisy, de 11 anos, diagnosticada com escoliose lombar. A condi\u00e7\u00e3o provoca dores, falta de ar e exige fisioterapia constante, al\u00e9m do uso de um colete ortop\u00e9dico que precisa ser trocado todos os anos.<\/p>\n<p>A fam\u00edlia que n\u00e3o tem condi\u00e7\u00f5es de custear o equipamento, est\u00e1 realizando uma <strong>vaquinha solid\u00e1ria<\/strong> para conseguir comprar o colete ortop\u00e9dico que chega a custar at\u00e9 R$ 5.000.<\/p>\n<figure class=\"wp-block-image size-large\"><img decoding=\"async\" width=\"1024\" height=\"768\" src=\"http:\/\/noticiasbahia360.com.br\/wp-content\/uploads\/2025\/08\/Mutirao-do-INSS-em-Feira-de-Santana-para-solicitar-e-atualizar-BPC-ft-ney-silv-acorda-cidade-1024x768-1.webp\" alt=\"Mutir\u00e3o do INSS em Feira de Santana para solicitar e atualizar BPC\" class=\"wp-image-586525\" srcset=\"https:\/\/uploads.acordacidade.com.br\/2025\/08\/Mutirao-do-INSS-em-Feira-de-Santana-para-solicitar-e-atualizar-BPC-ft-ney-silv-acorda-cidade--487x365.webp 487w, http:\/\/noticiasbahia360.com.br\/wp-content\/uploads\/2025\/08\/Mutirao-do-INSS-em-Feira-de-Santana-para-solicitar-e-atualizar-BPC-ft-ney-silv-acorda-cidade-1024x768-1.webp 1024w, https:\/\/uploads.acordacidade.com.br\/2025\/08\/Mutirao-do-INSS-em-Feira-de-Santana-para-solicitar-e-atualizar-BPC-ft-ney-silv-acorda-cidade--737x553.webp 737w, https:\/\/uploads.acordacidade.com.br\/2025\/08\/Mutirao-do-INSS-em-Feira-de-Santana-para-solicitar-e-atualizar-BPC-ft-ney-silv-acorda-cidade--140x105.webp 140w, https:\/\/uploads.acordacidade.com.br\/2025\/08\/Mutirao-do-INSS-em-Feira-de-Santana-para-solicitar-e-atualizar-BPC-ft-ney-silv-acorda-cidade--316x237.webp 316w, https:\/\/uploads.acordacidade.com.br\/2025\/08\/Mutirao-do-INSS-em-Feira-de-Santana-para-solicitar-e-atualizar-BPC-ft-ney-silv-acorda-cidade--150x113.webp 150w, https:\/\/uploads.acordacidade.com.br\/2025\/08\/Mutirao-do-INSS-em-Feira-de-Santana-para-solicitar-e-atualizar-BPC-ft-ney-silv-acorda-cidade-.webp 1200w\" sizes=\"(max-width: 1024px) 100vw, 1024px\"><figcaption class=\"wp-element-caption\">Helloisy e Arlete | Foto: Ney Silva\/Acorda Cidade<\/figcaption><\/figure>\n<p>\u201cA gente est\u00e1 correndo atr\u00e1s para ver se a gente consegue esse benef\u00edcio, porque o tratamento dela \u00e9 muito caro. Ela tem que ir fazendo fisioterapias continuadas, que o SUS n\u00e3o cobre. Inclusive os raios-x tamb\u00e9m, que ela precisa tirar para esse tipo de problema, n\u00e3o faz pelo SUS\u201d, contou ao Acorda Cidade.<\/p>\n<p>Para ajudar nas despesas m\u00e9dicas, a Arlete est\u00e1 tentando pela primeira vez solicitar o BPC.<\/p>\n<p>\u201cNem sab\u00edamos da exist\u00eancia desse benef\u00edcio. Pelas pessoas indicando, a gente est\u00e1 tentando para ver se a gente consegue, porque esse colete tamb\u00e9m que ela vai usar, ele tem que ser trocado de ano em ano, ou seja, todo ano vai ter que ter esse valor de R$ 5 mil para poder comprar novamente outro colete, porque conforme a coluna dela vai indo para o lugar, o colete antigo j\u00e1 n\u00e3o serve mais\u201d, explicou.<\/p>\n<h6 class=\"wp-block-heading\" id=\"h-quem-puder-colaborar-com-qualquer-valor-pode-doar-atraves-da-chave-pix-75992144120-em-nome-de-arlete-da-cruz-sousa-santos-banco-nubank\"><strong>Quem puder colaborar com qualquer valor, pode doar atrav\u00e9s da chave PIX 75992144120, em nome de Arlete da Cruz Sousa Santos (Banco: Nubank).<\/strong><\/h6>\n<figure class=\"wp-block-image size-large\"><img loading=\"lazy\" decoding=\"async\" width=\"1024\" height=\"768\" src=\"http:\/\/noticiasbahia360.com.br\/wp-content\/uploads\/2025\/08\/Mutirao-do-INSS-em-Feira-de-Santana-para-solicitar-e-atualizar-BPC-ft-ney-silv-acorda-cidade-1024x768-2.webp\" alt=\"Mutir\u00e3o do INSS em Feira de Santana para solicitar e atualizar BPC\" class=\"wp-image-586526\" srcset=\"https:\/\/uploads.acordacidade.com.br\/2025\/08\/Mutirao-do-INSS-em-Feira-de-Santana-para-solicitar-e-atualizar-BPC-ft-ney-silv-acorda-cidade-487x365.webp 487w, http:\/\/noticiasbahia360.com.br\/wp-content\/uploads\/2025\/08\/Mutirao-do-INSS-em-Feira-de-Santana-para-solicitar-e-atualizar-BPC-ft-ney-silv-acorda-cidade-1024x768-2.webp 1024w, https:\/\/uploads.acordacidade.com.br\/2025\/08\/Mutirao-do-INSS-em-Feira-de-Santana-para-solicitar-e-atualizar-BPC-ft-ney-silv-acorda-cidade-737x553.webp 737w, https:\/\/uploads.acordacidade.com.br\/2025\/08\/Mutirao-do-INSS-em-Feira-de-Santana-para-solicitar-e-atualizar-BPC-ft-ney-silv-acorda-cidade-140x105.webp 140w, https:\/\/uploads.acordacidade.com.br\/2025\/08\/Mutirao-do-INSS-em-Feira-de-Santana-para-solicitar-e-atualizar-BPC-ft-ney-silv-acorda-cidade-316x237.webp 316w, https:\/\/uploads.acordacidade.com.br\/2025\/08\/Mutirao-do-INSS-em-Feira-de-Santana-para-solicitar-e-atualizar-BPC-ft-ney-silv-acorda-cidade-150x113.webp 150w, https:\/\/uploads.acordacidade.com.br\/2025\/08\/Mutirao-do-INSS-em-Feira-de-Santana-para-solicitar-e-atualizar-BPC-ft-ney-silv-acorda-cidade.webp 1200w\" sizes=\"(max-width: 1024px) 100vw, 1024px\"><figcaption class=\"wp-element-caption\">Foto: Ney Silva\/Acorda Cidade<\/figcaption><\/figure>\n<h2 class=\"wp-block-heading\" id=\"h-reduzir-as-filas-e-assistir-familias\">Reduzir as filas e assistir fam\u00edlias<\/h2>\n<p>O gerente do INSS tamb\u00e9m explicou que os mutir\u00f5es nos fins de semana ocorrem por todo pa\u00eds nas cidades em que os funcion\u00e1rios das ag\u00eancias concordam em prestar o servi\u00e7o para enxugar a lista de espera de quem h\u00e1 aguarda h\u00e1 algum tempo pelo benef\u00edcio, mas tamb\u00e9m de quem est\u00e1 tentando pela primeira vez, como o caso de Arlete.<\/p>\n<p>\u201cFazendo esse tipo de atendimento, antecipa o atendimento das pessoas e reduz o tempo de espera na fila. Se tiver agendado aqui para o mutir\u00e3o, a gente atende a pessoa independentemente da localidade onde ela veio, desde que esteja agendada.\u201d<\/p>\n<figure class=\"wp-block-image size-large\"><img loading=\"lazy\" decoding=\"async\" width=\"1024\" height=\"768\" src=\"http:\/\/noticiasbahia360.com.br\/wp-content\/uploads\/2025\/08\/Mutirao-do-INSS-em-Feira-de-Santana-para-solicitar-e-atualizar-BPC-ft-ney-silv-acorda-cidade-2-1024x768-1.webp\" alt=\"Mutir\u00e3o do INSS em Feira de Santana para solicitar e atualizar BPC\" class=\"wp-image-586523\" srcset=\"https:\/\/uploads.acordacidade.com.br\/2025\/08\/Mutirao-do-INSS-em-Feira-de-Santana-para-solicitar-e-atualizar-BPC-ft-ney-silv-acorda-cidade-2-487x365.webp 487w, http:\/\/noticiasbahia360.com.br\/wp-content\/uploads\/2025\/08\/Mutirao-do-INSS-em-Feira-de-Santana-para-solicitar-e-atualizar-BPC-ft-ney-silv-acorda-cidade-2-1024x768-1.webp 1024w, https:\/\/uploads.acordacidade.com.br\/2025\/08\/Mutirao-do-INSS-em-Feira-de-Santana-para-solicitar-e-atualizar-BPC-ft-ney-silv-acorda-cidade-2-737x553.webp 737w, https:\/\/uploads.acordacidade.com.br\/2025\/08\/Mutirao-do-INSS-em-Feira-de-Santana-para-solicitar-e-atualizar-BPC-ft-ney-silv-acorda-cidade-2-140x105.webp 140w, https:\/\/uploads.acordacidade.com.br\/2025\/08\/Mutirao-do-INSS-em-Feira-de-Santana-para-solicitar-e-atualizar-BPC-ft-ney-silv-acorda-cidade-2-316x237.webp 316w, https:\/\/uploads.acordacidade.com.br\/2025\/08\/Mutirao-do-INSS-em-Feira-de-Santana-para-solicitar-e-atualizar-BPC-ft-ney-silv-acorda-cidade-2-150x113.webp 150w, https:\/\/uploads.acordacidade.com.br\/2025\/08\/Mutirao-do-INSS-em-Feira-de-Santana-para-solicitar-e-atualizar-BPC-ft-ney-silv-acorda-cidade-2.webp 1200w\" sizes=\"(max-width: 1024px) 100vw, 1024px\"><figcaption class=\"wp-element-caption\">Foto: Ney Silva\/Acorda Cidade<\/figcaption><\/figure>\n<p>Segundo Erivaldo, a a\u00e7\u00e3o contou com 11 profissionais do INSS, sendo cinco da per\u00edcia m\u00e9dica, cinco do servi\u00e7o social e ele na coordena\u00e7\u00e3o do servi\u00e7o.<\/p>\n<p>\u201cA fun\u00e7\u00e3o da per\u00edcia m\u00e9dica \u00e9 verificar as condi\u00e7\u00f5es de sa\u00fade da pessoa para ver se de fato ela se enquadra nos crit\u00e9rios de pessoa com defici\u00eancia, no caso do BPC e a fun\u00e7\u00e3o dos atendentes do servi\u00e7o social, que s\u00e3o as assistentes sociais, \u00e9 verificar as condi\u00e7\u00f5es sociais da fam\u00edlia para ver se ela tamb\u00e9m se enquadra nos crit\u00e9rios legalmente estabelecidos para ter direito ao chamado BPC, que \u00e9 o Benef\u00edcio de Presta\u00e7\u00e3o Continuada.\u201d<\/p>\n<figure class=\"wp-block-image size-large\"><img loading=\"lazy\" decoding=\"async\" width=\"1082\" height=\"768\" src=\"http:\/\/noticiasbahia360.com.br\/wp-content\/uploads\/2025\/08\/Mutirao-do-INSS-em-Feira-de-Santana-para-solicitar-e-atualizar-BPC-ft-ney-silv-acorda-cidade-1-1082x768-1.webp\" alt=\"Mutir\u00e3o do INSS em Feira de Santana para solicitar e atualizar BPC\" class=\"wp-image-586524\" srcset=\"https:\/\/uploads.acordacidade.com.br\/2025\/08\/Mutirao-do-INSS-em-Feira-de-Santana-para-solicitar-e-atualizar-BPC-ft-ney-silv-acorda-cidade-1-514x365.webp 514w, http:\/\/noticiasbahia360.com.br\/wp-content\/uploads\/2025\/08\/Mutirao-do-INSS-em-Feira-de-Santana-para-solicitar-e-atualizar-BPC-ft-ney-silv-acorda-cidade-1-1082x768-1.webp 1082w, https:\/\/uploads.acordacidade.com.br\/2025\/08\/Mutirao-do-INSS-em-Feira-de-Santana-para-solicitar-e-atualizar-BPC-ft-ney-silv-acorda-cidade-1-779x553.webp 779w, https:\/\/uploads.acordacidade.com.br\/2025\/08\/Mutirao-do-INSS-em-Feira-de-Santana-para-solicitar-e-atualizar-BPC-ft-ney-silv-acorda-cidade-1-140x99.webp 140w, https:\/\/uploads.acordacidade.com.br\/2025\/08\/Mutirao-do-INSS-em-Feira-de-Santana-para-solicitar-e-atualizar-BPC-ft-ney-silv-acorda-cidade-1-334x237.webp 334w, https:\/\/uploads.acordacidade.com.br\/2025\/08\/Mutirao-do-INSS-em-Feira-de-Santana-para-solicitar-e-atualizar-BPC-ft-ney-silv-acorda-cidade-1-150x107.webp 150w, https:\/\/uploads.acordacidade.com.br\/2025\/08\/Mutirao-do-INSS-em-Feira-de-Santana-para-solicitar-e-atualizar-BPC-ft-ney-silv-acorda-cidade-1.webp 1200w\" sizes=\"(max-width: 1082px) 100vw, 1082px\"><figcaption class=\"wp-element-caption\">Erivaldo Brasileiro | Foto: Ney Silva\/Acorda Cidade<\/figcaption><\/figure>\n<p>O mutir\u00e3o deste fim de semana foi exclusivo para a reavalia\u00e7\u00f5es do BPC, mas segundo o gerente, a iniciativa deve se repetir mensalmente e pode incluir outros tipos de benef\u00edcios, como aux\u00edlio-doen\u00e7a e pens\u00f5es. Ele refor\u00e7a ainda que, em caso de suspens\u00e3o, os benefici\u00e1rios t\u00eam direito de recorrer administrativamente em at\u00e9 30 dias ou buscar a via judicial.<\/p>\n<p>O mutir\u00e3o segue at\u00e9 domingo (31). <\/p>\n<p><em>Com informa\u00e7\u00f5es do rep\u00f3rter Ney Silva do Acorda Cidade<\/em><\/p>\n<p><strong>Leia tamb\u00e9m: <\/strong><\/p>\n<p><a href=\"https:\/\/www.acordacidade.com.br\/feira-de-santana\/inss-realiza-mutirao-de-pericias-e-avaliacao-social-em-feira-de-santana-agendamento-ja-esta-aberto-para-revisao-do-bpc\/\" target=\"_blank\" rel=\"noreferrer noopener\"><strong>INSS realiza mutir\u00e3o de per\u00edcias e avalia\u00e7\u00e3o social em Feira de Santana; agendamento j\u00e1 est\u00e1 aberto para revis\u00e3o do BPC<\/strong><\/a><\/p>\n<p><a href=\"https:\/\/www.acordacidade.com.br\/brasil\/bpc-para-pessoas-com-deficiencia-tera-reavaliacao-periodica-veja-quem-precisa-fazer\/\"><strong>BPC para pessoas com defici\u00eancia ter\u00e1 reava<\/strong><\/a><a href=\"https:\/\/www.acordacidade.com.br\/brasil\/bpc-para-pessoas-com-deficiencia-tera-reavaliacao-periodica-veja-quem-precisa-fazer\/\" target=\"_blank\" rel=\"noreferrer noopener\"><strong>l<\/strong><\/a><a href=\"https:\/\/www.acordacidade.com.br\/brasil\/bpc-para-pessoas-com-deficiencia-tera-reavaliacao-periodica-veja-quem-precisa-fazer\/\"><strong>ia\u00e7\u00e3o peri\u00f3dica; veja quem precisa fazer<\/strong><\/a><\/p>\n<p><strong><a href=\"https:\/\/www.acordacidade.com.br\/bahia\/ministerio-da-previdencia-anuncia-37-novos-peritos-do-inss-para-a-bahia-confira-as-cidades\/\" target=\"_blank\" rel=\"noreferrer noopener\">Minist\u00e9rio da Previd\u00eancia anuncia 37 novos peritos do INSS para a Bahia; confira as cidades<\/a><\/strong><\/p>\n<p><em>Siga o Acorda Cidade no<\/em><a href=\"https:\/\/news.google.com\/search?q=acorda%20cidade&amp;hl=pt-BR&amp;gl=BR&amp;ceid=BR%3Apt-419\"><strong><em>\u00a0Google Not\u00edcias<\/em><\/strong><\/a><em>\u00a0e receba os principais destaques do dia. Participe tamb\u00e9m dos nossos canais no\u00a0<\/em><a href=\"https:\/\/www.whatsapp.com\/channel\/0029Va6Rb4v3WHTNnsh8WI3N\"><strong><em>WhatsApp<\/em><\/strong><\/a><em>\u00a0e\u00a0<\/em><a href=\"https:\/\/www.youtube.com\/@acordacidadenoticias\/videos\"><strong>YouTube<\/strong><\/a><em>\u00a0e grupo de\u00a0<\/em><a href=\"https:\/\/t.me\/+sSz0khrgARA0ZmRh\"><strong><em>Telegram<\/em><\/strong><\/a><em>.<\/em><\/p>\n<\/div>\n","protected":false},"excerpt":{"rendered":"<div>\n<div>\n<figure><img decoding=\"async\" src=\"https:\/\/uploads.acordacidade.com.br\/2025\/08\/Mutirao-do-INSS-em-Feira-de-Santana-para-solicitar-e-atualizar-BPC-ft-ney-silv-acorda-cidade-5.webp\" alt=\"Mutir\u00e3o do INSS em Feira de Santana para solicitar e atualizar BPC\"><figcaption>Foto: Ney Silva\/Acorda Cidade<\/figcaption><\/figure>\n<\/div>\n<p>O objetivo do mutir\u00e3o \u00e9 reduzir o tempo de espera dos benefici\u00e1rios, que em algumas cidades pode chegar a quatro meses.<\/p><\/div>\n","protected":false},"author":1,"featured_media":99072,"comment_status":"closed","ping_status":"closed","sticky":false,"template":"","format":"gallery","meta":{"footnotes":""},"categories":[8,9,6,57,56,10],"tags":[],"class_list":["post-99071","post","type-post","status-publish","format-gallery","has-post-thumbnail","hentry","category-bahia","category-brasil","category-feira-de-santana","category-mundo","category-policia","category-politica","post_format-post-format-gallery"],"featured_image_urls":{"full":["https:\/\/noticiasbahia360.com.br\/wp-content\/uploads\/2025\/08\/Mutirao-do-INSS-em-Feira-de-Santana-para-solicitar-e-atualizar-BPC-ft-ney-silv-acorda-cidade-5.webp",1200,900,false],"thumbnail":["https:\/\/noticiasbahia360.com.br\/wp-content\/uploads\/2025\/08\/Mutirao-do-INSS-em-Feira-de-Santana-para-solicitar-e-atualizar-BPC-ft-ney-silv-acorda-cidade-5-150x150.webp",150,150,true],"medium":["https:\/\/noticiasbahia360.com.br\/wp-content\/uploads\/2025\/08\/Mutirao-do-INSS-em-Feira-de-Santana-para-solicitar-e-atualizar-BPC-ft-ney-silv-acorda-cidade-5-300x225.webp",300,225,true],"medium_large":["https:\/\/noticiasbahia360.com.br\/wp-content\/uploads\/2025\/08\/Mutirao-do-INSS-em-Feira-de-Santana-para-solicitar-e-atualizar-BPC-ft-ney-silv-acorda-cidade-5-768x576.webp",640,480,true],"large":["https:\/\/noticiasbahia360.com.br\/wp-content\/uploads\/2025\/08\/Mutirao-do-INSS-em-Feira-de-Santana-para-solicitar-e-atualizar-BPC-ft-ney-silv-acorda-cidade-5-1024x768.webp",640,480,true],"1536x1536":["https:\/\/noticiasbahia360.com.br\/wp-content\/uploads\/2025\/08\/Mutirao-do-INSS-em-Feira-de-Santana-para-solicitar-e-atualizar-BPC-ft-ney-silv-acorda-cidade-5.webp",1200,900,false],"2048x2048":["https:\/\/noticiasbahia360.com.br\/wp-content\/uploads\/2025\/08\/Mutirao-do-INSS-em-Feira-de-Santana-para-solicitar-e-atualizar-BPC-ft-ney-silv-acorda-cidade-5.webp",1200,900,false],"chromenews-featured":["https:\/\/noticiasbahia360.com.br\/wp-content\/uploads\/2025\/08\/Mutirao-do-INSS-em-Feira-de-Santana-para-solicitar-e-atualizar-BPC-ft-ney-silv-acorda-cidade-5-1024x768.webp",1024,768,true],"chromenews-large":["https:\/\/noticiasbahia360.com.br\/wp-content\/uploads\/2025\/08\/Mutirao-do-INSS-em-Feira-de-Santana-para-solicitar-e-atualizar-BPC-ft-ney-silv-acorda-cidade-5-825x575.webp",825,575,true],"chromenews-medium":["https:\/\/noticiasbahia360.com.br\/wp-content\/uploads\/2025\/08\/Mutirao-do-INSS-em-Feira-de-Santana-para-solicitar-e-atualizar-BPC-ft-ney-silv-acorda-cidade-5-590x410.webp",590,410,true]},"author_info":{"display_name":"noticiasbahia360.com.br","author_link":"https:\/\/noticiasbahia360.com.br\/?author=1"},"category_info":"<a href=\"https:\/\/noticiasbahia360.com.br\/?cat=8\" rel=\"category\">Bahia<\/a> <a href=\"https:\/\/noticiasbahia360.com.br\/?cat=9\" rel=\"category\">Brasil<\/a> <a href=\"https:\/\/noticiasbahia360.com.br\/?cat=6\" rel=\"category\">Feira de Santana<\/a> <a href=\"https:\/\/noticiasbahia360.com.br\/?cat=57\" rel=\"category\">Mundo<\/a> <a href=\"https:\/\/noticiasbahia360.com.br\/?cat=56\" rel=\"category\">Pol\u00edcia<\/a> <a href=\"https:\/\/noticiasbahia360.com.br\/?cat=10\" rel=\"category\">Pol\u00edtica<\/a>","tag_info":"Pol\u00edtica","comment_count":"0","_links":{"self":[{"href":"https:\/\/noticiasbahia360.com.br\/index.php?rest_route=\/wp\/v2\/posts\/99071","targetHints":{"allow":["GET"]}}],"collection":[{"href":"https:\/\/noticiasbahia360.com.br\/index.php?rest_route=\/wp\/v2\/posts"}],"about":[{"href":"https:\/\/noticiasbahia360.com.br\/index.php?rest_route=\/wp\/v2\/types\/post"}],"author":[{"embeddable":true,"href":"https:\/\/noticiasbahia360.com.br\/index.php?rest_route=\/wp\/v2\/users\/1"}],"replies":[{"embeddable":true,"href":"https:\/\/noticiasbahia360.com.br\/index.php?rest_route=%2Fwp%2Fv2%2Fcomments&post=99071"}],"version-history":[{"count":0,"href":"https:\/\/noticiasbahia360.com.br\/index.php?rest_route=\/wp\/v2\/posts\/99071\/revisions"}],"wp:featuredmedia":[{"embeddable":true,"href":"https:\/\/noticiasbahia360.com.br\/index.php?rest_route=\/wp\/v2\/media\/99072"}],"wp:attachment":[{"href":"https:\/\/noticiasbahia360.com.br\/index.php?rest_route=%2Fwp%2Fv2%2Fmedia&parent=99071"}],"wp:term":[{"taxonomy":"category","embeddable":true,"href":"https:\/\/noticiasbahia360.com.br\/index.php?rest_route=%2Fwp%2Fv2%2Fcategories&post=99071"},{"taxonomy":"post_tag","embeddable":true,"href":"https:\/\/noticiasbahia360.com.br\/index.php?rest_route=%2Fwp%2Fv2%2Ftags&post=99071"}],"curies":[{"name":"wp","href":"https:\/\/api.w.org\/{rel}","templated":true}]}}