{"id":99080,"date":"2025-08-30T17:55:15","date_gmt":"2025-08-30T20:55:15","guid":{"rendered":"https:\/\/noticiasbahia360.com.br\/?p=99080"},"modified":"2025-08-30T17:55:15","modified_gmt":"2025-08-30T20:55:15","slug":"escritores-e-personalidades-lamentam-morte-de-luis-fernando-verissimo-aos-88-anos","status":"publish","type":"post","link":"https:\/\/noticiasbahia360.com.br\/?p=99080","title":{"rendered":"Escritores e personalidades lamentam morte de Luis Fernando Verissimo aos 88 anos"},"content":{"rendered":"<div>\n<div>\n<figure><img decoding=\"async\" src=\"http:\/\/noticiasbahia360.com.br\/wp-content\/uploads\/2025\/08\/luis_fernando_verissimo.webp\" alt=\"Luis Fernando Verissimo\"><figcaption>Foto: Lindomar Cruz\/Ag\u00eancia Brasil<\/figcaption><\/figure>\n<\/div>\n<p>Ag\u00eancia Brasil \u2013 <strong>Artistas, escritores e pol\u00edticos manifestaram pesar pela morte de Luis Fernando Verissimo, aos 88 anos, um dos maiores nomes da literatura nacional.<\/strong><img decoding=\"async\" src=\"https:\/\/agenciabrasil.ebc.com.br\/ebc.png?id=1656496&amp;o=node\"><img decoding=\"async\" src=\"https:\/\/agenciabrasil.ebc.com.br\/ebc.gif?id=1656496&amp;o=node\"><\/p>\n<p>Verissimo morreu na madrugada deste s\u00e1bado (30),\u00a0<strong>em Porto Alegre, ap\u00f3s complica\u00e7\u00f5es causadas por um caso grave de pneumonia.<\/strong><\/p>\n<blockquote class=\"wp-block-quote is-layout-flow wp-block-quote-is-layout-flow\">\n<p>\u201cUma l\u00e1grima e muitas salvas, Mestre Luis Fernando Verissimo!\u201d, escreveu o escritor Itamar Vieira J\u00fanior, autor de\u00a0<em>Torto Arado<\/em>,\u00a0<a href=\"https:\/\/www.instagram.com\/p\/DN-karJDbdJ\/?utm_source=ig_embed&amp;ig_rid=4ff9af85-c497-4347-904d-c2ced72896c8\" target=\"_blank\" rel=\"noreferrer noopener\">em uma postagem nas redes sociais<\/a>.<\/p>\n<\/blockquote>\n<p>Tamb\u00e9m em uma postagem nas redes sociais, o\u00a0<strong>presidente Luiz In\u00e1cio Lula da Silva exaltou a relev\u00e2ncia do romancista, que trilhou uma trajet\u00f3ria como um dos maiores cronistas do pa\u00eds. \u00a0<\/strong><\/p>\n<blockquote class=\"wp-block-quote is-layout-flow wp-block-quote-is-layout-flow\">\n<p>\u201cDono de m\u00faltiplos talentos, cultivou in\u00fameros leitores em todo o Brasil com suas cr\u00f4nicas, contos, quadrinhos e romances. Criou personagens inesquec\u00edveis, a exemplo do\u00a0<em>Analista de Bag\u00e9<\/em>,\u00a0<em>As Cobras<\/em>\u00a0e\u00a0<em>Ed Mort<\/em>. Sua descri\u00e7\u00e3o bem-humorada da sociedade ganhou espa\u00e7o nas livrarias e na TV, com\u00a0<em>A\u00a0Com\u00e9dia da Vida Privada<\/em>. E, como poucos, soube usar a ironia para denunciar a ditadura e o autoritarismo; e defender a democracia. Eu e Janja deixamos o nosso carinho e solidariedade \u00e0 vi\u00fava L\u00facia Ver\u00edssimo \u2013 e a todos os seus familiares\u201d, afirmou o presidente.<\/p>\n<\/blockquote>\n<p>O dramaturgo e escritor Walcyr Carrasco tamb\u00e9m expressou admira\u00e7\u00e3o por Ver\u00edssimo.<\/p>\n<blockquote class=\"wp-block-quote is-layout-flow wp-block-quote-is-layout-flow\">\n<p>\u201cPerdemos um dos grandes da nossa literatura. Luis Fernando Verissimo foi o cronista da vida simples, das emo\u00e7\u00f5es humanas mais verdadeiras, do cotidiano que s\u00f3 ele sabia transformar em obra. Um gigante que fez da simplicidade a sua genialidade. Descanse em paz!!\u201d, destacou Carrasco.<\/p>\n<\/blockquote>\n<p><strong>O governador do Rio Grande do Sul, Eduardo Leite, decretou tr\u00eas dias de luto oficial no estado<\/strong>.<\/p>\n<blockquote class=\"wp-block-quote is-layout-flow wp-block-quote-is-layout-flow\">\n<p>\u201cRio Grande do Sul e o Brasil perdem um dos grandes nomes da literatura nacional, cuja obra marcou gera\u00e7\u00f5es de leitores com sacadas inteligentes e um humor peculiar para falar dos nossos desafios como brasileiros. Autor de cr\u00f4nicas inesquec\u00edveis e criador de personagens que se tornaram parte do imagin\u00e1rio brasileiro, Ver\u00edssimo deixa um legado que permanecer\u00e1 vivo em suas palavras, sempre atuais e cheias de sensibilidade e humor\u201d, afirmou o governador ga\u00facho.<\/p>\n<\/blockquote>\n<p>Nas redes sociais, o cartunista Angeli foi outro artista que prestou homenagem \u00e0 fam\u00edlia do escritor.<\/p>\n<blockquote class=\"wp-block-quote is-layout-flow wp-block-quote-is-layout-flow\">\n<p>\u201cTodo amor para L\u00facia, Fernanda, Mariana, Pedro e fam\u00edlia. Imensur\u00e1vel \u00e9 \u2018o pai&#8217;\u201d, escreveu.<\/p>\n<\/blockquote>\n<p>A escritora e colunista Martha Medeiros<a href=\"https:\/\/www.instagram.com\/p\/DN-e7A3juVh\/?img_index=1\" target=\"_blank\" rel=\"noreferrer noopener\">\u00a0tamb\u00e9m se manifestou em uma postagem<\/a>.<\/p>\n<blockquote class=\"wp-block-quote is-layout-flow wp-block-quote-is-layout-flow\">\n<p>\u201cO s\u00e1bado inicia com o reverso do humor. Luis Fernando Verissimo, que tantas alegrias nos deu atrav\u00e9s de personagens como\u00a0<em>Ed Mort<\/em>, o\u00a0<em>Analista de Bag\u00e9<\/em>, a<em>\u00a0Velhinha de Taubat\u00e9<\/em>,\u00a0<em>Dora Avante<\/em>\u00a0e tantos outros, infelizmente nos deixa. Por mais que a gente pense que est\u00e1 preparado, a morte \u00e9 sempre um baque, uma viol\u00eancia. Obrigada, mestre, por todas as linhas, reflex\u00f5es, epifanias, risadas, por toda a sua absoluta e inquestion\u00e1vel genialidade. \u00c0 Lucia, Fernanda, Mariana, Pedro e demais familiares e amigos, meus sentimentos mais profundos\u201d, escreveu.<\/p>\n<\/blockquote>\n<p>Em homenagem ao escritor, o\u00a0senador Paulo Paim (PT-RS) lembrou o gosto musical e o time do cora\u00e7\u00e3o de Verissimo.\u00a0<\/p>\n<blockquote class=\"wp-block-quote is-layout-flow wp-block-quote-is-layout-flow\">\n<p>\u201cSempre fui seu admirador. Tinha um belo texto, cronista, escrevia com paix\u00e3o, possu\u00eda um humor refinado e um senso pol\u00edtico inigual\u00e1vel. Gostava de jazz, tocava saxofone e era apaixonado pelo seu time de cora\u00e7\u00e3o, o Inter de Porto Alegre. Minha solidariedade e sentimentos aos familiares e amigos\u201d, disse.<\/p>\n<\/blockquote>\n<p><em>Siga o Acorda Cidade no<\/em><a href=\"https:\/\/news.google.com\/search?q=acorda%20cidade&amp;hl=pt-BR&amp;gl=BR&amp;ceid=BR%3Apt-419\"><strong><em>\u00a0Google Not\u00edcias<\/em><\/strong><\/a><em>\u00a0e receba os principais destaques do dia. Participe tamb\u00e9m dos nossos canais no\u00a0<\/em><a href=\"https:\/\/www.whatsapp.com\/channel\/0029Va6Rb4v3WHTNnsh8WI3N\"><strong><em>WhatsApp<\/em><\/strong><\/a><em>\u00a0e\u00a0<\/em><a href=\"https:\/\/www.youtube.com\/@acordacidadenoticias\/videos\"><strong>YouTube<\/strong><\/a><em>\u00a0e grupo de\u00a0<\/em><a href=\"https:\/\/t.me\/+sSz0khrgARA0ZmRh\"><strong><em>Telegram<\/em><\/strong><\/a><em>.<\/em><\/p>\n<\/div>\n","protected":false},"excerpt":{"rendered":"<div>\n<div>\n<figure><img decoding=\"async\" src=\"https:\/\/uploads.acordacidade.com.br\/2025\/08\/luis_fernando_verissimo.webp\" alt=\"Luis Fernando Verissimo\"><figcaption>Foto: Lindomar Cruz\/Ag\u00eancia Brasil<\/figcaption><\/figure>\n<\/div>\n<p>Verissimo morreu na madrugada deste s\u00e1bado (30),\u00a0em Porto Alegre, ap\u00f3s complica\u00e7\u00f5es causadas por um caso grave de pneumonia.<\/p><\/div>\n","protected":false},"author":1,"featured_media":99081,"comment_status":"closed","ping_status":"closed","sticky":false,"template":"","format":"gallery","meta":{"footnotes":""},"categories":[8,9,6,57,56,10],"tags":[],"class_list":["post-99080","post","type-post","status-publish","format-gallery","has-post-thumbnail","hentry","category-bahia","category-brasil","category-feira-de-santana","category-mundo","category-policia","category-politica","post_format-post-format-gallery"],"featured_image_urls":{"full":["https:\/\/noticiasbahia360.com.br\/wp-content\/uploads\/2025\/08\/luis_fernando_verissimo.webp",1200,718,false],"thumbnail":["https:\/\/noticiasbahia360.com.br\/wp-content\/uploads\/2025\/08\/luis_fernando_verissimo-150x150.webp",150,150,true],"medium":["https:\/\/noticiasbahia360.com.br\/wp-content\/uploads\/2025\/08\/luis_fernando_verissimo-300x180.webp",300,180,true],"medium_large":["https:\/\/noticiasbahia360.com.br\/wp-content\/uploads\/2025\/08\/luis_fernando_verissimo-768x460.webp",640,383,true],"large":["https:\/\/noticiasbahia360.com.br\/wp-content\/uploads\/2025\/08\/luis_fernando_verissimo-1024x613.webp",640,383,true],"1536x1536":["https:\/\/noticiasbahia360.com.br\/wp-content\/uploads\/2025\/08\/luis_fernando_verissimo.webp",1200,718,false],"2048x2048":["https:\/\/noticiasbahia360.com.br\/wp-content\/uploads\/2025\/08\/luis_fernando_verissimo.webp",1200,718,false],"chromenews-featured":["https:\/\/noticiasbahia360.com.br\/wp-content\/uploads\/2025\/08\/luis_fernando_verissimo-1024x613.webp",1024,613,true],"chromenews-large":["https:\/\/noticiasbahia360.com.br\/wp-content\/uploads\/2025\/08\/luis_fernando_verissimo-825x575.webp",825,575,true],"chromenews-medium":["https:\/\/noticiasbahia360.com.br\/wp-content\/uploads\/2025\/08\/luis_fernando_verissimo-590x410.webp",590,410,true]},"author_info":{"display_name":"noticiasbahia360.com.br","author_link":"https:\/\/noticiasbahia360.com.br\/?author=1"},"category_info":"<a href=\"https:\/\/noticiasbahia360.com.br\/?cat=8\" rel=\"category\">Bahia<\/a> <a href=\"https:\/\/noticiasbahia360.com.br\/?cat=9\" rel=\"category\">Brasil<\/a> <a href=\"https:\/\/noticiasbahia360.com.br\/?cat=6\" rel=\"category\">Feira de Santana<\/a> <a href=\"https:\/\/noticiasbahia360.com.br\/?cat=57\" rel=\"category\">Mundo<\/a> <a href=\"https:\/\/noticiasbahia360.com.br\/?cat=56\" rel=\"category\">Pol\u00edcia<\/a> <a href=\"https:\/\/noticiasbahia360.com.br\/?cat=10\" rel=\"category\">Pol\u00edtica<\/a>","tag_info":"Pol\u00edtica","comment_count":"0","_links":{"self":[{"href":"https:\/\/noticiasbahia360.com.br\/index.php?rest_route=\/wp\/v2\/posts\/99080","targetHints":{"allow":["GET"]}}],"collection":[{"href":"https:\/\/noticiasbahia360.com.br\/index.php?rest_route=\/wp\/v2\/posts"}],"about":[{"href":"https:\/\/noticiasbahia360.com.br\/index.php?rest_route=\/wp\/v2\/types\/post"}],"author":[{"embeddable":true,"href":"https:\/\/noticiasbahia360.com.br\/index.php?rest_route=\/wp\/v2\/users\/1"}],"replies":[{"embeddable":true,"href":"https:\/\/noticiasbahia360.com.br\/index.php?rest_route=%2Fwp%2Fv2%2Fcomments&post=99080"}],"version-history":[{"count":0,"href":"https:\/\/noticiasbahia360.com.br\/index.php?rest_route=\/wp\/v2\/posts\/99080\/revisions"}],"wp:featuredmedia":[{"embeddable":true,"href":"https:\/\/noticiasbahia360.com.br\/index.php?rest_route=\/wp\/v2\/media\/99081"}],"wp:attachment":[{"href":"https:\/\/noticiasbahia360.com.br\/index.php?rest_route=%2Fwp%2Fv2%2Fmedia&parent=99080"}],"wp:term":[{"taxonomy":"category","embeddable":true,"href":"https:\/\/noticiasbahia360.com.br\/index.php?rest_route=%2Fwp%2Fv2%2Fcategories&post=99080"},{"taxonomy":"post_tag","embeddable":true,"href":"https:\/\/noticiasbahia360.com.br\/index.php?rest_route=%2Fwp%2Fv2%2Ftags&post=99080"}],"curies":[{"name":"wp","href":"https:\/\/api.w.org\/{rel}","templated":true}]}}