{"id":99082,"date":"2025-08-30T18:00:14","date_gmt":"2025-08-30T21:00:14","guid":{"rendered":"https:\/\/noticiasbahia360.com.br\/?p=99082"},"modified":"2025-08-30T18:00:14","modified_gmt":"2025-08-30T21:00:14","slug":"presidente-lula-decreta-luto-oficial-por-morte-do-escritor-luis-fernando-verissimo","status":"publish","type":"post","link":"https:\/\/noticiasbahia360.com.br\/?p=99082","title":{"rendered":"Presidente Lula decreta luto oficial por morte do escritor Luis Fernando Verissimo"},"content":{"rendered":"<div>\n<div>\n<figure><img decoding=\"async\" src=\"http:\/\/noticiasbahia360.com.br\/wp-content\/uploads\/2025\/08\/luis-fernando-verissimo-conta-sua-trajetoria-pessoal-e-profissional-em-encontro-na-universidade-do-livro.webp\" alt=\"Luis Fernando Verissimo\"><figcaption>Foto: Unesp\/Divulga\u00e7\u00e3o<\/figcaption><\/figure>\n<\/div>\n<p>Ag\u00eancia Brasil \u2013 <strong>O presidente Luiz In\u00e1cio Lula da Silva declarou luto oficial de tr\u00eas dias em todo pa\u00eds em sinal de pesar pelo falecimento do escritor Luis Fernando Verissimo<\/strong>. O\u00a0<a href=\"https:\/\/pesquisa.in.gov.br\/imprensa\/jsp\/visualiza\/index.jsp?jornal=602&amp;pagina=1&amp;data=30\/08\/2025&amp;totalArquivos=1\" target=\"_blank\" rel=\"noreferrer noopener\">decreto foi publicado em edi\u00e7\u00e3o extra<\/a>\u00a0do Di\u00e1rio Oficial da Uni\u00e3o neste s\u00e1bado (30).<img decoding=\"async\" src=\"https:\/\/agenciabrasil.ebc.com.br\/ebc.png?id=1656523&amp;o=node\"><img decoding=\"async\" src=\"https:\/\/agenciabrasil.ebc.com.br\/ebc.gif?id=1656523&amp;o=node\"><\/p>\n<p>A morte de Verissimo, aos 88 anos, foi confirmada no in\u00edcio da manh\u00e3, em Porto Alegre, ap\u00f3s complica\u00e7\u00f5es causadas por um caso grave de pneumonia.<\/p>\n<p>Ele era um dos maiores nomes da literatura nacional. Ao todo, teve mais de 80 livros publicados e 5,6 milh\u00f5es de c\u00f3pias vendidas, entre cr\u00f4nicas, romances, contos e quadrinhos. O\u00a0vel\u00f3rio est\u00e1 ocorrendo na Assembleia Legislativa do Rio Grande do Sul.<\/p>\n<p>Em nota de pesar, Lula tamb\u00e9m destacou a relev\u00e2ncia do escritor como cronista da vida cotidiana brasileira.<\/p>\n<blockquote class=\"wp-block-quote is-layout-flow wp-block-quote-is-layout-flow\">\n<p>\u201cDono de m\u00faltiplos talentos, cultivou in\u00fameros leitores em todo o Brasil com suas cr\u00f4nicas, contos, quadrinhos e romances. Criou personagens inesquec\u00edveis, a exemplo do\u00a0<em>Analista de Bag\u00e9<\/em>,\u00a0<em>As Cobras<\/em>\u00a0e\u00a0<em>Ed Mort<\/em>. Sua descri\u00e7\u00e3o bem-humorada da sociedade ganhou espa\u00e7o nas livrarias e na TV, com\u00a0<em>A Com\u00e9dia da Vida Privada<\/em>. E, como poucos, soube usar a ironia para denunciar a ditadura e o autoritarismo; e defender a democracia. Eu e Janja deixamos o nosso carinho e solidariedade \u00e0 vi\u00fava L\u00facia Ver\u00edssimo \u2013 e a todos os seus familiares\u201d, afirmou o presidente.<\/p>\n<\/blockquote>\n<p><a href=\"https:\/\/www.acordacidade.com.br\/brasil\/escritores-e-personalidades-lamentam-morte-de-luis-fernando-verissimo-aos-88-anos\/\" target=\"_blank\" rel=\"noreferrer noopener\">Pol\u00edticos e artistas tamb\u00e9m lamentaram a morte e exaltaram o legado de Verissimo\u00a0para a cultura do pa\u00eds.<\/a><\/p>\n<h2 class=\"wp-block-heading\" id=\"h-trajetoria\">Trajet\u00f3ria<\/h2>\n<p>Verissimo deixa a esposa L\u00facia Helena Massa e tr\u00eas filhos: Pedro, Fernanda e Mariana Verissimo. Ele tinha mal de Parkinson, problemas card\u00edacos e sofreu um acidente vascular cerebral (AVC) em 2021. Um ano depois, recebeu um marca-passo.<\/p>\n<p>Filho do escritor \u00c9rico Verissimo, Luis Fernando publicou mais de 80 obras, entre elas\u00a0<em>As Mentiras que os Homens Contam<\/em>,\u00a0<em>O Popular: Cr\u00f4nicas ou Coisa Parecida<\/em>,\u00a0<em>A Grande Mulher Nua<\/em>\u00a0e\u00a0<em>Ed Mort e Outras Hist\u00f3rias<\/em>.<\/p>\n<p>Foram as cr\u00f4nicas e os contos que o tornaram um dos escritores contempor\u00e2neos mais populares no pa\u00eds. O<em>\u00a0Analista de Bag\u00e9<\/em>, lan\u00e7ado em 1981, teve a primeira edi\u00e7\u00e3o esgotada em uma semana.<\/p>\n<p>O escritor construiu uma trajet\u00f3ria profissional rica, com atua\u00e7\u00e3o em diferentes \u00e1reas e produ\u00e7\u00e3o em v\u00e1rios formatos. Trabalhou como cartunista, tradutor, roteirista, publicit\u00e1rio, revisor, dramaturgo e romancista.<\/p>\n<p>Sua obra \u00e9 marcada pelo bom humor, assertividade e cr\u00edtica. Al\u00e9m das palavras, foi um amante da m\u00fasica, dedicado ao saxofone.<\/p>\n<p><strong>Leia tamb\u00e9m: <\/strong><\/p>\n<p><a href=\"https:\/\/www.acordacidade.com.br\/brasil\/escritores-e-personalidades-lamentam-morte-de-luis-fernando-verissimo-aos-88-anos\/\" target=\"_blank\" rel=\"noreferrer noopener\">Escritores e personalidades lamentam morte de Luis Fernando Verissimo aos 88 anos<\/a><\/p>\n<p><a href=\"https:\/\/www.acordacidade.com.br\/brasil\/um-dos-maiores-escritores-do-brasil-luis-fernando-verissimo-morre-aos-88-anos\/\" target=\"_blank\" rel=\"noreferrer noopener\">Morre aos 88 anos, Luis Fernando Verissimo, um dos maiores escritores do Brasil<\/a><\/p>\n<p><em>Siga o Acorda Cidade no<\/em><a href=\"https:\/\/news.google.com\/search?q=acorda%20cidade&amp;hl=pt-BR&amp;gl=BR&amp;ceid=BR%3Apt-419\"><strong><em>\u00a0Google Not\u00edcias<\/em><\/strong><\/a><em>\u00a0e receba os principais destaques do dia. Participe tamb\u00e9m dos nossos canais no\u00a0<\/em><a href=\"https:\/\/www.whatsapp.com\/channel\/0029Va6Rb4v3WHTNnsh8WI3N\"><strong><em>WhatsApp<\/em><\/strong><\/a><em>\u00a0e\u00a0<\/em><a href=\"https:\/\/www.youtube.com\/@acordacidadenoticias\/videos\"><strong>YouTube<\/strong><\/a><em>\u00a0e grupo de\u00a0<\/em><a href=\"https:\/\/t.me\/+sSz0khrgARA0ZmRh\"><strong><em>Telegram<\/em><\/strong><\/a><em>.<\/em><\/p>\n<\/div>\n","protected":false},"excerpt":{"rendered":"<div>\n<div>\n<figure><img decoding=\"async\" src=\"https:\/\/uploads.acordacidade.com.br\/2025\/08\/luis-fernando-verissimo-conta-sua-trajetoria-pessoal-e-profissional-em-encontro-na-universidade-do-livro.webp\" alt=\"Luis Fernando Verissimo\"><figcaption>Foto: Unesp\/Divulga\u00e7\u00e3o<\/figcaption><\/figure>\n<\/div>\n<p>A morte de Verissimo, aos 88 anos, foi confirmada no in\u00edcio da manh\u00e3, em Porto Alegre, ap\u00f3s complica\u00e7\u00f5es causadas por um caso de pneumonia.<\/p><\/div>\n","protected":false},"author":1,"featured_media":99083,"comment_status":"closed","ping_status":"closed","sticky":false,"template":"","format":"gallery","meta":{"footnotes":""},"categories":[8,9,6,57,56,10],"tags":[],"class_list":["post-99082","post","type-post","status-publish","format-gallery","has-post-thumbnail","hentry","category-bahia","category-brasil","category-feira-de-santana","category-mundo","category-policia","category-politica","post_format-post-format-gallery"],"featured_image_urls":{"full":["https:\/\/noticiasbahia360.com.br\/wp-content\/uploads\/2025\/08\/luis-fernando-verissimo-conta-sua-trajetoria-pessoal-e-profissional-em-encontro-na-universidade-do-livro.webp",1200,718,false],"thumbnail":["https:\/\/noticiasbahia360.com.br\/wp-content\/uploads\/2025\/08\/luis-fernando-verissimo-conta-sua-trajetoria-pessoal-e-profissional-em-encontro-na-universidade-do-livro-150x150.webp",150,150,true],"medium":["https:\/\/noticiasbahia360.com.br\/wp-content\/uploads\/2025\/08\/luis-fernando-verissimo-conta-sua-trajetoria-pessoal-e-profissional-em-encontro-na-universidade-do-livro-300x180.webp",300,180,true],"medium_large":["https:\/\/noticiasbahia360.com.br\/wp-content\/uploads\/2025\/08\/luis-fernando-verissimo-conta-sua-trajetoria-pessoal-e-profissional-em-encontro-na-universidade-do-livro-768x460.webp",640,383,true],"large":["https:\/\/noticiasbahia360.com.br\/wp-content\/uploads\/2025\/08\/luis-fernando-verissimo-conta-sua-trajetoria-pessoal-e-profissional-em-encontro-na-universidade-do-livro-1024x613.webp",640,383,true],"1536x1536":["https:\/\/noticiasbahia360.com.br\/wp-content\/uploads\/2025\/08\/luis-fernando-verissimo-conta-sua-trajetoria-pessoal-e-profissional-em-encontro-na-universidade-do-livro.webp",1200,718,false],"2048x2048":["https:\/\/noticiasbahia360.com.br\/wp-content\/uploads\/2025\/08\/luis-fernando-verissimo-conta-sua-trajetoria-pessoal-e-profissional-em-encontro-na-universidade-do-livro.webp",1200,718,false],"chromenews-featured":["https:\/\/noticiasbahia360.com.br\/wp-content\/uploads\/2025\/08\/luis-fernando-verissimo-conta-sua-trajetoria-pessoal-e-profissional-em-encontro-na-universidade-do-livro-1024x613.webp",1024,613,true],"chromenews-large":["https:\/\/noticiasbahia360.com.br\/wp-content\/uploads\/2025\/08\/luis-fernando-verissimo-conta-sua-trajetoria-pessoal-e-profissional-em-encontro-na-universidade-do-livro-825x575.webp",825,575,true],"chromenews-medium":["https:\/\/noticiasbahia360.com.br\/wp-content\/uploads\/2025\/08\/luis-fernando-verissimo-conta-sua-trajetoria-pessoal-e-profissional-em-encontro-na-universidade-do-livro-590x410.webp",590,410,true]},"author_info":{"display_name":"noticiasbahia360.com.br","author_link":"https:\/\/noticiasbahia360.com.br\/?author=1"},"category_info":"<a href=\"https:\/\/noticiasbahia360.com.br\/?cat=8\" rel=\"category\">Bahia<\/a> <a href=\"https:\/\/noticiasbahia360.com.br\/?cat=9\" rel=\"category\">Brasil<\/a> <a href=\"https:\/\/noticiasbahia360.com.br\/?cat=6\" rel=\"category\">Feira de Santana<\/a> <a href=\"https:\/\/noticiasbahia360.com.br\/?cat=57\" rel=\"category\">Mundo<\/a> <a href=\"https:\/\/noticiasbahia360.com.br\/?cat=56\" rel=\"category\">Pol\u00edcia<\/a> <a href=\"https:\/\/noticiasbahia360.com.br\/?cat=10\" rel=\"category\">Pol\u00edtica<\/a>","tag_info":"Pol\u00edtica","comment_count":"0","_links":{"self":[{"href":"https:\/\/noticiasbahia360.com.br\/index.php?rest_route=\/wp\/v2\/posts\/99082","targetHints":{"allow":["GET"]}}],"collection":[{"href":"https:\/\/noticiasbahia360.com.br\/index.php?rest_route=\/wp\/v2\/posts"}],"about":[{"href":"https:\/\/noticiasbahia360.com.br\/index.php?rest_route=\/wp\/v2\/types\/post"}],"author":[{"embeddable":true,"href":"https:\/\/noticiasbahia360.com.br\/index.php?rest_route=\/wp\/v2\/users\/1"}],"replies":[{"embeddable":true,"href":"https:\/\/noticiasbahia360.com.br\/index.php?rest_route=%2Fwp%2Fv2%2Fcomments&post=99082"}],"version-history":[{"count":0,"href":"https:\/\/noticiasbahia360.com.br\/index.php?rest_route=\/wp\/v2\/posts\/99082\/revisions"}],"wp:featuredmedia":[{"embeddable":true,"href":"https:\/\/noticiasbahia360.com.br\/index.php?rest_route=\/wp\/v2\/media\/99083"}],"wp:attachment":[{"href":"https:\/\/noticiasbahia360.com.br\/index.php?rest_route=%2Fwp%2Fv2%2Fmedia&parent=99082"}],"wp:term":[{"taxonomy":"category","embeddable":true,"href":"https:\/\/noticiasbahia360.com.br\/index.php?rest_route=%2Fwp%2Fv2%2Fcategories&post=99082"},{"taxonomy":"post_tag","embeddable":true,"href":"https:\/\/noticiasbahia360.com.br\/index.php?rest_route=%2Fwp%2Fv2%2Ftags&post=99082"}],"curies":[{"name":"wp","href":"https:\/\/api.w.org\/{rel}","templated":true}]}}