{"id":99086,"date":"2025-08-30T18:15:18","date_gmt":"2025-08-30T21:15:18","guid":{"rendered":"https:\/\/noticiasbahia360.com.br\/?p=99086"},"modified":"2025-08-30T18:15:18","modified_gmt":"2025-08-30T21:15:18","slug":"aneel-mantem-bandeira-tarifaria-vermelha-em-setembro-veja-como-economizar-energia","status":"publish","type":"post","link":"https:\/\/noticiasbahia360.com.br\/?p=99086","title":{"rendered":"Aneel mant\u00e9m bandeira tarif\u00e1ria vermelha  em setembro; veja como economizar energia\u00a0"},"content":{"rendered":"<div>\n<div>\n<figure><img decoding=\"async\" src=\"http:\/\/noticiasbahia360.com.br\/wp-content\/uploads\/2025\/08\/conta-de-luz-bandeira-tarifaria-.jpg\" alt=\"conta de luz bandeira tarif\u00e1ria\"><figcaption>Foto: Fernando Fraz\u00e3o\/Ag\u00eancia Brasil<\/figcaption><\/figure>\n<\/div>\n<p>A Ag\u00eancia Nacional de Energia El\u00e9trica (Aneel) confirmou, na \u00faltima sexta-feira (29), que a bandeira tarif\u00e1ria para o m\u00eas de setembro continuar\u00e1 vermelha patamar dois. Com isso, as tarifas dos consumidores ser\u00e3o acrescidas em R$ 7,87 a cada 100 quilowatts-hora (kWh) consumidos. De acordo com a Aneel, continua\u00e7\u00e3o das chuvas abaixo das m\u00e9dias hist\u00f3ricas em todo o pa\u00eds, que reduziu a gera\u00e7\u00e3o por meio de hidrel\u00e9tricas.<\/p>\n<p>Diante da defini\u00e7\u00e3o da Aneel, a Neoenergia Coelba orienta os seus clientes a evitar o desperd\u00edcio de energia, por meio de a\u00e7\u00f5es simples no dia a dia, como manter l\u00e2mpadas desligadas quando n\u00e3o estiver no ambiente e retirar os aparelhos da tomada sempre que n\u00e3o estiver utilizando.<\/p>\n<p>Entre as orienta\u00e7\u00f5es est\u00e1 utilizar a luz natural nos c\u00f4modos sempre que poss\u00edvel, abrindo portas e janelas. Quando for escolher as l\u00e2mpadas, o consumidor deve preferir os modelos mais econ\u00f4micos, que s\u00e3o as de LED, capazes de proporcionar uma economia de at\u00e9 78% se comparada com as hal\u00f3genas, que substitu\u00edram as incandescentes, e 40% em rela\u00e7\u00e3o \u00e0s fluorescentes compactas.<\/p>\n<p>Ao comprar eletrodom\u00e9sticos, a orienta\u00e7\u00e3o \u00e9 optar pelos modelos mais eficientes, que apresentam o Selo Procel ou que tenham a classifica\u00e7\u00e3o de consumo de energia \u201cA\u201d estabelecida pelo Inmetro. \u00c9 importante comparar o consumo descrito na etiqueta, porque a varia\u00e7\u00e3o de uma marca para outra pode ser de at\u00e9 50% entre aparelhos com a mesma capacidade.<\/p>\n<p>No caso da geladeira, durante o uso, as principais dicas s\u00e3o: evitar deixar a porta aberta por mais tempo que o necess\u00e1rio, n\u00e3o colocar alimentos quentes dentro do refrigerador e a deixar afastada de fontes de calor, como fog\u00e3o ou raios solares. Lembrando que a capacidade do refrigerador impacta no consumo de energia el\u00e9trica.<\/p>\n<h2 class=\"wp-block-heading\" id=\"h-chuveiro-eletrico-e-ar-condicionado\">Chuveiro el\u00e9trico e ar-condicionado<\/h2>\n<p>Quando usarem ar-condicionado e chuveiro el\u00e9trico, os clientes devem ficar atentos \u00e0 temperatura. Para economizar no banho, podem passar menos tempo, desligar a torneira enquanto se ensaboam e deixar o chuveiro na posi\u00e7\u00e3o \u201cver\u00e3o\u201d, que consome at\u00e9 30% menos de energia. Isso vale tamb\u00e9m para o ar-condicionado: quanto mais alta a temperatura do termostato, menor o consumo.<\/p>\n<p>No banho, um minuto a menos no chuveiro el\u00e9trico de 5.500 W faz diferen\u00e7a no final do m\u00eas. Se a casa tiver quatro pessoas, a economia mensal ser\u00e1 de aproximadamente R$ 10.<\/p>\n<h2 class=\"wp-block-heading\" id=\"h-mais-dicas\"><strong>Mais dicas<\/strong><\/h2>\n<p>No ventilador de teto que tem tr\u00eas posi\u00e7\u00f5es de velocidade \u2013 baixa, m\u00e9dia e alta \u2013, a posi\u00e7\u00e3o m\u00e9dia em alguns modelos economiza metade da energia gasta na posi\u00e7\u00e3o alta. Esses equipamentos tamb\u00e9m t\u00eam o selo Procel e o ideal \u00e9 comprar os mais eficientes.<\/p>\n<p>Deve-se atentar para o uso de micro-ondas para descongelar alimentos: aumentando o tempo de uso, como a pot\u00eancia do forno \u00e9 alta, o consumo mensal \u00e9 impactado. Se for adquirir algum equipamento novo, prestar aten\u00e7\u00e3o no consumo na etiqueta do Inmetro, pois existem diferen\u00e7as de pot\u00eancia de at\u00e9 70% entre os modelos \u2013 quanto maior o volume, maior o consumo.<\/p>\n<p>Nas lavadoras de roupa, as que lavam e secam com abertura frontal, usando \u00e1gua quente, o consumo de energia pode triplicar em rela\u00e7\u00e3o as que apenas lavam apenas com \u00e1gua fria.<\/p>\n<p><em>Siga o Acorda Cidade no<\/em><a href=\"https:\/\/news.google.com\/search?q=acorda%20cidade&amp;hl=pt-BR&amp;gl=BR&amp;ceid=BR%3Apt-419\"><strong><em>\u00a0Google Not\u00edcias<\/em><\/strong><\/a><em>\u00a0e receba os principais destaques do dia. Participe tamb\u00e9m dos nossos canais no\u00a0<\/em><a href=\"https:\/\/www.whatsapp.com\/channel\/0029Va6Rb4v3WHTNnsh8WI3N\"><strong><em>WhatsApp<\/em><\/strong><\/a><em>\u00a0e\u00a0<\/em><a href=\"https:\/\/www.youtube.com\/@acordacidadenoticias\/videos\"><strong>YouTube<\/strong><\/a><em>\u00a0e grupo de\u00a0<\/em><a href=\"https:\/\/t.me\/+sSz0khrgARA0ZmRh\"><strong><em>Telegram<\/em><\/strong><\/a><em>.<\/em><\/p>\n<\/div>\n","protected":false},"excerpt":{"rendered":"<div>\n<div>\n<figure><img decoding=\"async\" src=\"https:\/\/uploads.acordacidade.com.br\/2025\/07\/conta-de-luz-bandeira-tarifaria-.jpg\" alt=\"conta de luz bandeira tarif\u00e1ria\"><figcaption>Foto: Fernando Fraz\u00e3o\/Ag\u00eancia Brasil<\/figcaption><\/figure>\n<\/div>\n<p>Aneel confirmou que as tarifas dos consumidores seguir\u00e3o com o acr\u00e9scimo de R$ 7,87 a cada 100 quilowatts-hora (kWh) consumidos.<\/p><\/div>\n","protected":false},"author":1,"featured_media":99087,"comment_status":"closed","ping_status":"closed","sticky":false,"template":"","format":"gallery","meta":{"footnotes":""},"categories":[8,9,6,57,56,10],"tags":[],"class_list":["post-99086","post","type-post","status-publish","format-gallery","has-post-thumbnail","hentry","category-bahia","category-brasil","category-feira-de-santana","category-mundo","category-policia","category-politica","post_format-post-format-gallery"],"featured_image_urls":{"full":["https:\/\/noticiasbahia360.com.br\/wp-content\/uploads\/2025\/08\/conta-de-luz-bandeira-tarifaria-.jpg",1200,718,false],"thumbnail":["https:\/\/noticiasbahia360.com.br\/wp-content\/uploads\/2025\/08\/conta-de-luz-bandeira-tarifaria--150x150.jpg",150,150,true],"medium":["https:\/\/noticiasbahia360.com.br\/wp-content\/uploads\/2025\/08\/conta-de-luz-bandeira-tarifaria--300x180.jpg",300,180,true],"medium_large":["https:\/\/noticiasbahia360.com.br\/wp-content\/uploads\/2025\/08\/conta-de-luz-bandeira-tarifaria--768x460.jpg",640,383,true],"large":["https:\/\/noticiasbahia360.com.br\/wp-content\/uploads\/2025\/08\/conta-de-luz-bandeira-tarifaria--1024x613.jpg",640,383,true],"1536x1536":["https:\/\/noticiasbahia360.com.br\/wp-content\/uploads\/2025\/08\/conta-de-luz-bandeira-tarifaria-.jpg",1200,718,false],"2048x2048":["https:\/\/noticiasbahia360.com.br\/wp-content\/uploads\/2025\/08\/conta-de-luz-bandeira-tarifaria-.jpg",1200,718,false],"chromenews-featured":["https:\/\/noticiasbahia360.com.br\/wp-content\/uploads\/2025\/08\/conta-de-luz-bandeira-tarifaria--1024x613.jpg",1024,613,true],"chromenews-large":["https:\/\/noticiasbahia360.com.br\/wp-content\/uploads\/2025\/08\/conta-de-luz-bandeira-tarifaria--825x575.jpg",825,575,true],"chromenews-medium":["https:\/\/noticiasbahia360.com.br\/wp-content\/uploads\/2025\/08\/conta-de-luz-bandeira-tarifaria--590x410.jpg",590,410,true]},"author_info":{"display_name":"noticiasbahia360.com.br","author_link":"https:\/\/noticiasbahia360.com.br\/?author=1"},"category_info":"<a href=\"https:\/\/noticiasbahia360.com.br\/?cat=8\" rel=\"category\">Bahia<\/a> <a href=\"https:\/\/noticiasbahia360.com.br\/?cat=9\" rel=\"category\">Brasil<\/a> <a href=\"https:\/\/noticiasbahia360.com.br\/?cat=6\" rel=\"category\">Feira de Santana<\/a> <a href=\"https:\/\/noticiasbahia360.com.br\/?cat=57\" rel=\"category\">Mundo<\/a> <a href=\"https:\/\/noticiasbahia360.com.br\/?cat=56\" rel=\"category\">Pol\u00edcia<\/a> <a href=\"https:\/\/noticiasbahia360.com.br\/?cat=10\" rel=\"category\">Pol\u00edtica<\/a>","tag_info":"Pol\u00edtica","comment_count":"0","_links":{"self":[{"href":"https:\/\/noticiasbahia360.com.br\/index.php?rest_route=\/wp\/v2\/posts\/99086","targetHints":{"allow":["GET"]}}],"collection":[{"href":"https:\/\/noticiasbahia360.com.br\/index.php?rest_route=\/wp\/v2\/posts"}],"about":[{"href":"https:\/\/noticiasbahia360.com.br\/index.php?rest_route=\/wp\/v2\/types\/post"}],"author":[{"embeddable":true,"href":"https:\/\/noticiasbahia360.com.br\/index.php?rest_route=\/wp\/v2\/users\/1"}],"replies":[{"embeddable":true,"href":"https:\/\/noticiasbahia360.com.br\/index.php?rest_route=%2Fwp%2Fv2%2Fcomments&post=99086"}],"version-history":[{"count":0,"href":"https:\/\/noticiasbahia360.com.br\/index.php?rest_route=\/wp\/v2\/posts\/99086\/revisions"}],"wp:featuredmedia":[{"embeddable":true,"href":"https:\/\/noticiasbahia360.com.br\/index.php?rest_route=\/wp\/v2\/media\/99087"}],"wp:attachment":[{"href":"https:\/\/noticiasbahia360.com.br\/index.php?rest_route=%2Fwp%2Fv2%2Fmedia&parent=99086"}],"wp:term":[{"taxonomy":"category","embeddable":true,"href":"https:\/\/noticiasbahia360.com.br\/index.php?rest_route=%2Fwp%2Fv2%2Fcategories&post=99086"},{"taxonomy":"post_tag","embeddable":true,"href":"https:\/\/noticiasbahia360.com.br\/index.php?rest_route=%2Fwp%2Fv2%2Ftags&post=99086"}],"curies":[{"name":"wp","href":"https:\/\/api.w.org\/{rel}","templated":true}]}}