{"id":99088,"date":"2025-08-30T18:20:02","date_gmt":"2025-08-30T21:20:02","guid":{"rendered":"https:\/\/noticiasbahia360.com.br\/?p=99088"},"modified":"2025-08-30T18:20:02","modified_gmt":"2025-08-30T21:20:02","slug":"todo-paciente-que-sofre-avc-precisa-de-reabilitacao-veja-o-que-diz-especialista","status":"publish","type":"post","link":"https:\/\/noticiasbahia360.com.br\/?p=99088","title":{"rendered":"Todo paciente que sofre AVC precisa de reabilita\u00e7\u00e3o? Veja o que diz especialista"},"content":{"rendered":"<div>\n<div>\n<figure><img decoding=\"async\" src=\"http:\/\/noticiasbahia360.com.br\/wp-content\/uploads\/2025\/08\/AVC-idoso-reabilitacao.webp\" alt=\"Todo paciente que sofre AVC precisa de reabilita\u00e7\u00e3o? Veja o que diz especialista\"><figcaption>Foto: Divulga\u00e7\u00e3o\/Comunica\u00e7\u00e3o Florence<\/figcaption><\/figure>\n<\/div>\n<p>Considerado uma das principais causas de incapacidade no Brasil e no mundo, o Acidente Vascular Cerebral (AVC) \u00e9 uma condi\u00e7\u00e3o m\u00e9dica que requer cuidados frequentes. A doen\u00e7a cerebrovascular pode ocorrer de duas formas: o tipo isqu\u00eamico, o mais comum, que ocorre pela obstru\u00e7\u00e3o de uma art\u00e9ria e impede a passagem de oxig\u00eanio para as c\u00e9lulas cerebrais; e o tipo hemorr\u00e1gico, caracterizado pelo rompimento de um vaso cerebral, que provoca hemorragia.<\/p>\n<p>Ap\u00f3s sofrer um AVC, muitas pessoas enfrentam sequelas f\u00edsicas e cognitivas que impactam diretamente a independ\u00eancia e o bem-estar. De acordo com a Sociedade Brasileira de Doen\u00e7as Cerebrovasculares, cerca de 70% das pessoas que passaram por um AVC n\u00e3o retornam ao trabalho e 50% dependem de outras pessoas para realizar suas atividades di\u00e1rias.<\/p>\n<p>Fisioterapeuta da Cl\u00ednica Florence Unidade Salvador, Wellington Santos destaca a import\u00e2ncia da reabilita\u00e7\u00e3o para todos os pacientes ap\u00f3s um AVC. Ele ressalta que, mesmo que o paciente n\u00e3o apresente sequelas de grande propor\u00e7\u00e3o, pode apresentar pequenas assimetrias, altera\u00e7\u00f5es sensoriais ou outras condi\u00e7\u00f5es que podem passar despercebidas pela maioria das pessoas, mas que s\u00e3o facilmente identificadas por um profissional especializado.<\/p>\n<p>\u201c\u00c9 durante o processo de reabilita\u00e7\u00e3o que realizamos um trabalho de preven\u00e7\u00e3o e orienta\u00e7\u00e3o para familiares e cuidadores, a fim de que fiquem atentos e saibam agir prontamente em caso de novos eventos. Se for um caso grave, trabalhamos para recuperar a fun\u00e7\u00e3o plena, com o m\u00e1ximo de independ\u00eancia e autonomia, seja na \u00e1rea cognitiva, comunicativa ou sensorial. J\u00e1 em casos menos complexos, o foco \u00e9 o fortalecimento e o equil\u00edbrio\u201d, explica.<\/p>\n<h2 class=\"wp-block-heading\" id=\"h-sequelas-que-podem-ser-evitadas\">Sequelas que podem ser evitadas<\/h2>\n<p>Wellington Santos refor\u00e7a que a reabilita\u00e7\u00e3o deve ser iniciada o quanto antes, a fim de reduzir as sequelas do AVC. \u201cAp\u00f3s a identifica\u00e7\u00e3o dos sinais, a constata\u00e7\u00e3o m\u00e9dica e a interven\u00e7\u00e3o medicamentosa, j\u00e1 entramos com a reabilita\u00e7\u00e3o, ainda nas primeiras 48 horas, se poss\u00edvel, analisando todo o processo de identifica\u00e7\u00e3o e interven\u00e7\u00e3o\u201d, aponta.<\/p>\n<p>O fisioterapeuta tamb\u00e9m enfatiza que, quanto antes a terapia for iniciada, melhor ser\u00e1 a janela de neuroplasticidade e maiores ser\u00e3o as chances de o paciente apresentar menos sequelas, como altera\u00e7\u00f5es sensoriais ou do t\u00f4nus muscular (hipotonia\/hipertonia). \u201cO paciente que n\u00e3o \u00e9 submetido ao processo de reabilita\u00e7\u00e3o pode apresentar agravamento por desuso articular, al\u00e9m de risco aumentado de quedas por d\u00e9ficit de equil\u00edbrio\u201d, alerta.<\/p>\n<h2 class=\"wp-block-heading\" id=\"h-tecnologia-e-equipe-multidisciplinar\">Tecnologia e equipe multidisciplinar<\/h2>\n<p>Contar com uma equipe multidisciplinar torna o processo de reabilita\u00e7\u00e3o mais eficaz. Entre os profissionais essenciais est\u00e3o fisioterapeutas, terapeutas ocupacionais, fonoaudi\u00f3logos, psic\u00f3logos, nutricionistas, m\u00e9dicos e enfermeiros.<\/p>\n<p>Aliada ao trabalho multidisciplinar est\u00e1 a tecnologia, pe\u00e7a fundamental na recupera\u00e7\u00e3o de pacientes que sofreram um acidente vascular cerebral. O fisioterapeuta da Florence, hospital refer\u00eancia em cuidados paliativos e reabilita\u00e7\u00e3o, destaca a eletroestimula\u00e7\u00e3o, a gameterapia \u2013 t\u00e9cnica que utiliza jogos virtuais para reabilitar pacientes \u2013 e a neuromodula\u00e7\u00e3o \u2013 que estimula \u00e1reas neurol\u00f3gicas espec\u00edficas \u2013 como t\u00e9cnicas essenciais, que t\u00eam apresentado bons resultados na reabilita\u00e7\u00e3o desse perfil de pacientes.<\/p>\n<p><em>Siga o Acorda Cidade no<\/em><a href=\"https:\/\/news.google.com\/search?q=acorda%20cidade&amp;hl=pt-BR&amp;gl=BR&amp;ceid=BR%3Apt-419\"><strong><em>\u00a0Google Not\u00edcias<\/em><\/strong><\/a><em>\u00a0e receba os principais destaques do dia. Participe tamb\u00e9m dos nossos canais no\u00a0<\/em><a href=\"https:\/\/www.whatsapp.com\/channel\/0029Va6Rb4v3WHTNnsh8WI3N\"><strong><em>WhatsApp<\/em><\/strong><\/a><em>\u00a0e\u00a0<\/em><a href=\"https:\/\/www.youtube.com\/@acordacidadenoticias\/videos\"><strong>YouTube<\/strong><\/a><em>\u00a0e grupo de\u00a0<\/em><a href=\"https:\/\/t.me\/+sSz0khrgARA0ZmRh\"><strong><em>Telegram<\/em><\/strong><\/a><em>.<\/em><\/p>\n<\/div>\n","protected":false},"excerpt":{"rendered":"<div>\n<div>\n<figure><img decoding=\"async\" src=\"https:\/\/uploads.acordacidade.com.br\/2025\/08\/AVC-idoso-reabilitacao.webp\" alt=\"Todo paciente que sofre AVC precisa de reabilita\u00e7\u00e3o? Veja o que diz especialista\"><figcaption>Foto: Divulga\u00e7\u00e3o\/Comunica\u00e7\u00e3o Florence<\/figcaption><\/figure>\n<\/div>\n<p>Ap\u00f3s sofrer um AVC, muitas pessoas enfrentam sequelas f\u00edsicas e cognitivas que impactam diretamente a independ\u00eancia e o bem-estar.<\/p><\/div>\n","protected":false},"author":1,"featured_media":99089,"comment_status":"closed","ping_status":"closed","sticky":false,"template":"","format":"gallery","meta":{"footnotes":""},"categories":[8,9,6,57,56,10],"tags":[],"class_list":["post-99088","post","type-post","status-publish","format-gallery","has-post-thumbnail","hentry","category-bahia","category-brasil","category-feira-de-santana","category-mundo","category-policia","category-politica","post_format-post-format-gallery"],"featured_image_urls":{"full":["https:\/\/noticiasbahia360.com.br\/wp-content\/uploads\/2025\/08\/AVC-idoso-reabilitacao.webp",1200,677,false],"thumbnail":["https:\/\/noticiasbahia360.com.br\/wp-content\/uploads\/2025\/08\/AVC-idoso-reabilitacao-150x150.webp",150,150,true],"medium":["https:\/\/noticiasbahia360.com.br\/wp-content\/uploads\/2025\/08\/AVC-idoso-reabilitacao-300x169.webp",300,169,true],"medium_large":["https:\/\/noticiasbahia360.com.br\/wp-content\/uploads\/2025\/08\/AVC-idoso-reabilitacao-768x433.webp",640,361,true],"large":["https:\/\/noticiasbahia360.com.br\/wp-content\/uploads\/2025\/08\/AVC-idoso-reabilitacao-1024x578.webp",640,361,true],"1536x1536":["https:\/\/noticiasbahia360.com.br\/wp-content\/uploads\/2025\/08\/AVC-idoso-reabilitacao.webp",1200,677,false],"2048x2048":["https:\/\/noticiasbahia360.com.br\/wp-content\/uploads\/2025\/08\/AVC-idoso-reabilitacao.webp",1200,677,false],"chromenews-featured":["https:\/\/noticiasbahia360.com.br\/wp-content\/uploads\/2025\/08\/AVC-idoso-reabilitacao-1024x578.webp",1024,578,true],"chromenews-large":["https:\/\/noticiasbahia360.com.br\/wp-content\/uploads\/2025\/08\/AVC-idoso-reabilitacao-825x575.webp",825,575,true],"chromenews-medium":["https:\/\/noticiasbahia360.com.br\/wp-content\/uploads\/2025\/08\/AVC-idoso-reabilitacao-590x410.webp",590,410,true]},"author_info":{"display_name":"noticiasbahia360.com.br","author_link":"https:\/\/noticiasbahia360.com.br\/?author=1"},"category_info":"<a href=\"https:\/\/noticiasbahia360.com.br\/?cat=8\" rel=\"category\">Bahia<\/a> <a href=\"https:\/\/noticiasbahia360.com.br\/?cat=9\" rel=\"category\">Brasil<\/a> <a href=\"https:\/\/noticiasbahia360.com.br\/?cat=6\" rel=\"category\">Feira de Santana<\/a> <a href=\"https:\/\/noticiasbahia360.com.br\/?cat=57\" rel=\"category\">Mundo<\/a> <a href=\"https:\/\/noticiasbahia360.com.br\/?cat=56\" rel=\"category\">Pol\u00edcia<\/a> <a href=\"https:\/\/noticiasbahia360.com.br\/?cat=10\" rel=\"category\">Pol\u00edtica<\/a>","tag_info":"Pol\u00edtica","comment_count":"0","_links":{"self":[{"href":"https:\/\/noticiasbahia360.com.br\/index.php?rest_route=\/wp\/v2\/posts\/99088","targetHints":{"allow":["GET"]}}],"collection":[{"href":"https:\/\/noticiasbahia360.com.br\/index.php?rest_route=\/wp\/v2\/posts"}],"about":[{"href":"https:\/\/noticiasbahia360.com.br\/index.php?rest_route=\/wp\/v2\/types\/post"}],"author":[{"embeddable":true,"href":"https:\/\/noticiasbahia360.com.br\/index.php?rest_route=\/wp\/v2\/users\/1"}],"replies":[{"embeddable":true,"href":"https:\/\/noticiasbahia360.com.br\/index.php?rest_route=%2Fwp%2Fv2%2Fcomments&post=99088"}],"version-history":[{"count":0,"href":"https:\/\/noticiasbahia360.com.br\/index.php?rest_route=\/wp\/v2\/posts\/99088\/revisions"}],"wp:featuredmedia":[{"embeddable":true,"href":"https:\/\/noticiasbahia360.com.br\/index.php?rest_route=\/wp\/v2\/media\/99089"}],"wp:attachment":[{"href":"https:\/\/noticiasbahia360.com.br\/index.php?rest_route=%2Fwp%2Fv2%2Fmedia&parent=99088"}],"wp:term":[{"taxonomy":"category","embeddable":true,"href":"https:\/\/noticiasbahia360.com.br\/index.php?rest_route=%2Fwp%2Fv2%2Fcategories&post=99088"},{"taxonomy":"post_tag","embeddable":true,"href":"https:\/\/noticiasbahia360.com.br\/index.php?rest_route=%2Fwp%2Fv2%2Ftags&post=99088"}],"curies":[{"name":"wp","href":"https:\/\/api.w.org\/{rel}","templated":true}]}}