{"id":99090,"date":"2025-08-30T18:25:07","date_gmt":"2025-08-30T21:25:07","guid":{"rendered":"https:\/\/noticiasbahia360.com.br\/?p=99090"},"modified":"2025-08-30T18:25:07","modified_gmt":"2025-08-30T21:25:07","slug":"sentiu-um-zumbido-no-ouvido-saiba-quando-se-preocupar-e-procurar-um-otorrino","status":"publish","type":"post","link":"https:\/\/noticiasbahia360.com.br\/?p=99090","title":{"rendered":"Sentiu um zumbido no ouvido? Saiba quando se preocupar e procurar um otorrino"},"content":{"rendered":"<div>\n<div>\n<figure><img decoding=\"async\" src=\"http:\/\/noticiasbahia360.com.br\/wp-content\/uploads\/2025\/08\/ouvido-otorrino.webp\" alt=\"ouvido otorrino\"><figcaption>Embora encarado como um inc\u00f4modo passageiro, o zumbido pode indicar problemas de sa\u00fade mais s\u00e9rios quando persistente ou acompanhado de outros sintomas |<br \/>\nFoto: Envato<\/figcaption><\/figure>\n<\/div>\n<p>Mais comum do que se imagina, o zumbido no ouvido, caracterizado por algum chiado, apito ou som constante, pode ser mais do que um simples inc\u00f4modo. Mais de 28 milh\u00f5es de brasileiros relatam sentir algum grau de zumbido no ouvido, segundo dados do Minist\u00e9rio da Sa\u00fade. E, embora muitas vezes encarado como um inc\u00f4modo passageiro, quando persistente ou acompanhado de outros sintomas, o zumbido pode indicar problemas de sa\u00fade mais s\u00e9rios, como tumores, altera\u00e7\u00f5es vasculares ou doen\u00e7as do ouvido interno.<\/p>\n<p>De acordo com Henrique Furlan, otorrinolaringologista dos hospitais S\u00e3o Marcelino Champagnat e Universit\u00e1rio Cajuru, o zumbido em si n\u00e3o \u00e9 uma doen\u00e7a, mas pode ser um alerta emitido pelo corpo para a identifica\u00e7\u00e3o de alguma condi\u00e7\u00e3o. \u201cO zumbido \u00e9 apenas um sintoma, n\u00e3o o problema. Pode ter causas simples, como ac\u00famulo de cera, mas tamb\u00e9m pode apontar condi\u00e7\u00f5es que exigem aten\u00e7\u00e3o m\u00e9dica imediata\u201d, refor\u00e7a.<\/p>\n<h2 class=\"wp-block-heading\" id=\"h-causas-e-fatores-de-risco\">Causas e fatores de risco<\/h2>\n<p>Entre os principais motivos do zumbido no ouvido est\u00e3o a perda auditiva relacionada \u00e0 idade, exposi\u00e7\u00e3o prolongada a ru\u00eddos intensos, infec\u00e7\u00f5es, disfun\u00e7\u00f5es da articula\u00e7\u00e3o temporomandibular (ATM) e problemas circulat\u00f3rios. Al\u00e9m disso, o estresse e a ansiedade tamb\u00e9m podem agravar o quadro, tornando o zumbido mais frequente ou inc\u00f4modo.<\/p>\n<p>O uso frequente de fones pode ser uma s\u00e9ria amea\u00e7a \u00e0 sa\u00fade auditiva, especialmente os modelos intra-auriculares, que direcionam o som diretamente ao t\u00edmpano e potencializam danos quando usados em volume alto ou por longos per\u00edodos. \u201cA exposi\u00e7\u00e3o prolongada a sons acima de 85 decib\u00e9is j\u00e1 \u00e9 suficiente para causar perda auditiva progressiva e irrevers\u00edvel\u201d, alerta Furlan. Para se proteger, ele indica optar por modelos externos com cancelamento de ru\u00eddo, que permitem ouvir em volumes mais baixos, e adotar a regra 60\/60: ouvir no m\u00e1ximo a 60% do volume por at\u00e9 60 minutos, fazendo pausas.<\/p>\n<h2 class=\"wp-block-heading\" id=\"h-quando-se-preocupar\">Quando se preocupar<\/h2>\n<p>De acordo com o especialista, \u00e9 importante procurar um otorrinolaringologista se o zumbido surgir de forma s\u00fabita, persistir por v\u00e1rios dias, estar presente apenas em um dos ouvidos, vir acompanhado de tontura, dor ou secre\u00e7\u00e3o, e ter ritmo puls\u00e1til, como se acompanhasse os batimentos card\u00edacos. \u201cEsses sinais podem indicar problemas mais s\u00e9rios, como a Doen\u00e7a de M\u00e9ni\u00e8re, surdez s\u00fabita ou at\u00e9 mesmo tumores benignos, como o schwannoma vestibular, tamb\u00e9m conhecido como neuroma ac\u00fastico, que, al\u00e9m da audi\u00e7\u00e3o, pode afetar tamb\u00e9m o equil\u00edbrio\u201d, alerta.<\/p>\n<p>Embora o zumbido nem sempre esteja associado a uma condi\u00e7\u00e3o grave, Furlan ressalta a import\u00e2ncia de investigar suas causas. Isso porque o sintoma pode afetar profundamente a qualidade de vida do paciente, desencadeando dist\u00farbios como ins\u00f4nia, irritabilidade, dificuldade de concentra\u00e7\u00e3o, ansiedade e at\u00e9 depress\u00e3o\u2014 fatores que, por sua vez, podem intensificar ainda mais a percep\u00e7\u00e3o do zumbido.<\/p>\n<h2 class=\"wp-block-heading\" id=\"h-principais-tratamentos\">Principais tratamentos<\/h2>\n<p>A boa not\u00edcia \u00e9 que, uma vez identificada a causa, o tratamento costuma apresentar bons resultados. Pode variar desde a limpeza de cera acumulada, uso de aparelhos auditivos, terapias sonoras e tratamento da ansiedade, at\u00e9 interven\u00e7\u00f5es mais espec\u00edficas, nos casos mais complexos. \u201cO mais importante \u00e9 n\u00e3o ignorar um zumbido quando ele persiste e interfere na qualidade de vida. Quanto antes for avaliado, melhores as chances de tratamento e recupera\u00e7\u00e3o\u201d, finaliza o especialista.<\/p>\n<p><em>Siga o Acorda Cidade no<\/em><a href=\"https:\/\/news.google.com\/search?q=acorda%20cidade&amp;hl=pt-BR&amp;gl=BR&amp;ceid=BR%3Apt-419\"><strong><em>\u00a0Google Not\u00edcias<\/em><\/strong><\/a><em>\u00a0e receba os principais destaques do dia. Participe tamb\u00e9m dos nossos canais no\u00a0<\/em><a href=\"https:\/\/www.whatsapp.com\/channel\/0029Va6Rb4v3WHTNnsh8WI3N\"><strong><em>WhatsApp<\/em><\/strong><\/a><em>\u00a0e\u00a0<\/em><a href=\"https:\/\/www.youtube.com\/@acordacidadenoticias\/videos\"><strong>YouTube<\/strong><\/a><em>\u00a0e grupo de\u00a0<\/em><a href=\"https:\/\/t.me\/+sSz0khrgARA0ZmRh\"><strong><em>Telegram<\/em><\/strong><\/a><em>.<\/em><\/p>\n<\/div>\n","protected":false},"excerpt":{"rendered":"<div>\n<div>\n<figure><img decoding=\"async\" src=\"https:\/\/uploads.acordacidade.com.br\/2025\/08\/ouvido-otorrino.webp\" alt=\"ouvido otorrino\"><figcaption>Embora encarado como um inc\u00f4modo passageiro, o zumbido pode indicar problemas de sa\u00fade mais s\u00e9rios quando persistente ou acompanhado de outros sintomas |<br \/>\nFoto: Envato<\/figcaption><\/figure>\n<\/div>\n<p>Zumbidos e chiados persistentes podem ser sinais de problemas auditivos, neurol\u00f3gicos ou emocionais. Entenda.<\/p><\/div>\n","protected":false},"author":1,"featured_media":99091,"comment_status":"closed","ping_status":"closed","sticky":false,"template":"","format":"gallery","meta":{"footnotes":""},"categories":[8,9,6,57,56,10],"tags":[],"class_list":["post-99090","post","type-post","status-publish","format-gallery","has-post-thumbnail","hentry","category-bahia","category-brasil","category-feira-de-santana","category-mundo","category-policia","category-politica","post_format-post-format-gallery"],"featured_image_urls":{"full":["https:\/\/noticiasbahia360.com.br\/wp-content\/uploads\/2025\/08\/ouvido-otorrino.webp",1200,800,false],"thumbnail":["https:\/\/noticiasbahia360.com.br\/wp-content\/uploads\/2025\/08\/ouvido-otorrino-150x150.webp",150,150,true],"medium":["https:\/\/noticiasbahia360.com.br\/wp-content\/uploads\/2025\/08\/ouvido-otorrino-300x200.webp",300,200,true],"medium_large":["https:\/\/noticiasbahia360.com.br\/wp-content\/uploads\/2025\/08\/ouvido-otorrino-768x512.webp",640,427,true],"large":["https:\/\/noticiasbahia360.com.br\/wp-content\/uploads\/2025\/08\/ouvido-otorrino-1024x683.webp",640,427,true],"1536x1536":["https:\/\/noticiasbahia360.com.br\/wp-content\/uploads\/2025\/08\/ouvido-otorrino.webp",1200,800,false],"2048x2048":["https:\/\/noticiasbahia360.com.br\/wp-content\/uploads\/2025\/08\/ouvido-otorrino.webp",1200,800,false],"chromenews-featured":["https:\/\/noticiasbahia360.com.br\/wp-content\/uploads\/2025\/08\/ouvido-otorrino-1024x683.webp",1024,683,true],"chromenews-large":["https:\/\/noticiasbahia360.com.br\/wp-content\/uploads\/2025\/08\/ouvido-otorrino-825x575.webp",825,575,true],"chromenews-medium":["https:\/\/noticiasbahia360.com.br\/wp-content\/uploads\/2025\/08\/ouvido-otorrino-590x410.webp",590,410,true]},"author_info":{"display_name":"noticiasbahia360.com.br","author_link":"https:\/\/noticiasbahia360.com.br\/?author=1"},"category_info":"<a href=\"https:\/\/noticiasbahia360.com.br\/?cat=8\" rel=\"category\">Bahia<\/a> <a href=\"https:\/\/noticiasbahia360.com.br\/?cat=9\" rel=\"category\">Brasil<\/a> <a href=\"https:\/\/noticiasbahia360.com.br\/?cat=6\" rel=\"category\">Feira de Santana<\/a> <a href=\"https:\/\/noticiasbahia360.com.br\/?cat=57\" rel=\"category\">Mundo<\/a> <a href=\"https:\/\/noticiasbahia360.com.br\/?cat=56\" rel=\"category\">Pol\u00edcia<\/a> <a href=\"https:\/\/noticiasbahia360.com.br\/?cat=10\" rel=\"category\">Pol\u00edtica<\/a>","tag_info":"Pol\u00edtica","comment_count":"0","_links":{"self":[{"href":"https:\/\/noticiasbahia360.com.br\/index.php?rest_route=\/wp\/v2\/posts\/99090","targetHints":{"allow":["GET"]}}],"collection":[{"href":"https:\/\/noticiasbahia360.com.br\/index.php?rest_route=\/wp\/v2\/posts"}],"about":[{"href":"https:\/\/noticiasbahia360.com.br\/index.php?rest_route=\/wp\/v2\/types\/post"}],"author":[{"embeddable":true,"href":"https:\/\/noticiasbahia360.com.br\/index.php?rest_route=\/wp\/v2\/users\/1"}],"replies":[{"embeddable":true,"href":"https:\/\/noticiasbahia360.com.br\/index.php?rest_route=%2Fwp%2Fv2%2Fcomments&post=99090"}],"version-history":[{"count":0,"href":"https:\/\/noticiasbahia360.com.br\/index.php?rest_route=\/wp\/v2\/posts\/99090\/revisions"}],"wp:featuredmedia":[{"embeddable":true,"href":"https:\/\/noticiasbahia360.com.br\/index.php?rest_route=\/wp\/v2\/media\/99091"}],"wp:attachment":[{"href":"https:\/\/noticiasbahia360.com.br\/index.php?rest_route=%2Fwp%2Fv2%2Fmedia&parent=99090"}],"wp:term":[{"taxonomy":"category","embeddable":true,"href":"https:\/\/noticiasbahia360.com.br\/index.php?rest_route=%2Fwp%2Fv2%2Fcategories&post=99090"},{"taxonomy":"post_tag","embeddable":true,"href":"https:\/\/noticiasbahia360.com.br\/index.php?rest_route=%2Fwp%2Fv2%2Ftags&post=99090"}],"curies":[{"name":"wp","href":"https:\/\/api.w.org\/{rel}","templated":true}]}}