{"id":99092,"date":"2025-08-30T19:15:51","date_gmt":"2025-08-30T22:15:51","guid":{"rendered":"https:\/\/noticiasbahia360.com.br\/?p=99092"},"modified":"2025-08-30T19:15:51","modified_gmt":"2025-08-30T22:15:51","slug":"advogada-de-27-anos-morre-apos-acidente-entre-moto-e-caminhao-de-lixo-em-itabuna","status":"publish","type":"post","link":"https:\/\/noticiasbahia360.com.br\/?p=99092","title":{"rendered":"Advogada de 27 anos morre ap\u00f3s acidente entre moto e caminh\u00e3o de lixo em Itabuna"},"content":{"rendered":"<div>\n<div>\n<figure><img decoding=\"async\" src=\"http:\/\/noticiasbahia360.com.br\/wp-content\/uploads\/2025\/08\/acidente-advogada2.webp\" alt=\"Advogada de 27 anos morre ap\u00f3s acidente entre moto e caminh\u00e3o de lixo em Itabuna\"><figcaption>Foto: Reprodu\u00e7\u00e3o\/Redes Sociais<\/figcaption><\/figure>\n<\/div>\n<p>Uma advogada morreu ap\u00f3s um acidente de tr\u00e2nsito em Itabuna, no sul da Bahia. Julie Evelyn Reis Dias Santos, de 27 anos, estava internada no Hospital de Base desde a noite de sexta-feira (29), mas n\u00e3o resistiu aos ferimentos e faleceu neste s\u00e1bado (30).<\/p>\n<p>Segundo a Secretaria de Transporte e Tr\u00e2nsito (Setran), o acidente ocorreu no bairro Jardim Primavera. A advogada descia uma ladeira de moto quando se deparou com um caminh\u00e3o de coleta de lixo que manobrava para entrar em uma rua. Ao tentar frear, a motocicleta derrapou e foi parar debaixo do ve\u00edculo.<\/p>\n<p>A Pol\u00edcia Civil informou ao portal g1 que a 6\u00aa Coordenadoria Regional de Pol\u00edcia do Interior (Coorpin) de Itabuna investiga o caso. Um familiar da v\u00edtima esteve na unidade policial para registrar a ocorr\u00eancia neste s\u00e1bado (30).<\/p>\n<p>A subse\u00e7\u00e3o da Ordem dos Advogados do Brasil (OAB) em Itabuna emitiu nota confirmando a morte da jovem profissional e se solidarizando com familiares e amigos.<\/p>\n<p>At\u00e9 o momento, n\u00e3o h\u00e1 informa\u00e7\u00f5es sobre vel\u00f3rio e sepultamento.<\/p>\n<p><em>Siga o Acorda Cidade no<\/em><a href=\"https:\/\/news.google.com\/search?q=acorda%20cidade&amp;hl=pt-BR&amp;gl=BR&amp;ceid=BR%3Apt-419\"><strong><em>\u00a0Google Not\u00edcias<\/em><\/strong><\/a><em>\u00a0e receba os principais destaques do dia. Participe tamb\u00e9m dos nossos canais no\u00a0<\/em><a href=\"https:\/\/www.whatsapp.com\/channel\/0029Va6Rb4v3WHTNnsh8WI3N\"><strong><em>WhatsApp<\/em><\/strong><\/a><em>\u00a0e\u00a0<\/em><a href=\"https:\/\/www.youtube.com\/@acordacidadenoticias\/videos\"><strong>YouTube<\/strong><\/a><em>\u00a0e grupo de\u00a0<\/em><a href=\"https:\/\/t.me\/+sSz0khrgARA0ZmRh\"><strong><em>Telegram<\/em><\/strong><\/a><em>.<\/em><\/p>\n<\/div>\n","protected":false},"excerpt":{"rendered":"<div>\n<div>\n<figure><img decoding=\"async\" src=\"https:\/\/uploads.acordacidade.com.br\/2025\/08\/acidente-advogada2.webp\" alt=\"Advogada de 27 anos morre ap\u00f3s acidente entre moto e caminh\u00e3o de lixo em Itabuna\"><figcaption>Foto: Reprodu\u00e7\u00e3o\/Redes Sociais<\/figcaption><\/figure>\n<\/div>\n<p>A advogada descia uma ladeira de moto quando se deparou com um caminh\u00e3o de coleta de lixo que manobrava para entrar em uma rua.<\/p><\/div>\n","protected":false},"author":1,"featured_media":99093,"comment_status":"closed","ping_status":"closed","sticky":false,"template":"","format":"gallery","meta":{"footnotes":""},"categories":[8,9,6,57,56,10],"tags":[],"class_list":["post-99092","post","type-post","status-publish","format-gallery","has-post-thumbnail","hentry","category-bahia","category-brasil","category-feira-de-santana","category-mundo","category-policia","category-politica","post_format-post-format-gallery"],"featured_image_urls":{"full":["https:\/\/noticiasbahia360.com.br\/wp-content\/uploads\/2025\/08\/acidente-advogada2.webp",1200,873,false],"thumbnail":["https:\/\/noticiasbahia360.com.br\/wp-content\/uploads\/2025\/08\/acidente-advogada2-150x150.webp",150,150,true],"medium":["https:\/\/noticiasbahia360.com.br\/wp-content\/uploads\/2025\/08\/acidente-advogada2-300x218.webp",300,218,true],"medium_large":["https:\/\/noticiasbahia360.com.br\/wp-content\/uploads\/2025\/08\/acidente-advogada2-768x559.webp",640,466,true],"large":["https:\/\/noticiasbahia360.com.br\/wp-content\/uploads\/2025\/08\/acidente-advogada2-1024x745.webp",640,466,true],"1536x1536":["https:\/\/noticiasbahia360.com.br\/wp-content\/uploads\/2025\/08\/acidente-advogada2.webp",1200,873,false],"2048x2048":["https:\/\/noticiasbahia360.com.br\/wp-content\/uploads\/2025\/08\/acidente-advogada2.webp",1200,873,false],"chromenews-featured":["https:\/\/noticiasbahia360.com.br\/wp-content\/uploads\/2025\/08\/acidente-advogada2-1024x745.webp",1024,745,true],"chromenews-large":["https:\/\/noticiasbahia360.com.br\/wp-content\/uploads\/2025\/08\/acidente-advogada2-825x575.webp",825,575,true],"chromenews-medium":["https:\/\/noticiasbahia360.com.br\/wp-content\/uploads\/2025\/08\/acidente-advogada2-590x410.webp",590,410,true]},"author_info":{"display_name":"noticiasbahia360.com.br","author_link":"https:\/\/noticiasbahia360.com.br\/?author=1"},"category_info":"<a href=\"https:\/\/noticiasbahia360.com.br\/?cat=8\" rel=\"category\">Bahia<\/a> <a href=\"https:\/\/noticiasbahia360.com.br\/?cat=9\" rel=\"category\">Brasil<\/a> <a href=\"https:\/\/noticiasbahia360.com.br\/?cat=6\" rel=\"category\">Feira de Santana<\/a> <a href=\"https:\/\/noticiasbahia360.com.br\/?cat=57\" rel=\"category\">Mundo<\/a> <a href=\"https:\/\/noticiasbahia360.com.br\/?cat=56\" rel=\"category\">Pol\u00edcia<\/a> <a href=\"https:\/\/noticiasbahia360.com.br\/?cat=10\" rel=\"category\">Pol\u00edtica<\/a>","tag_info":"Pol\u00edtica","comment_count":"0","_links":{"self":[{"href":"https:\/\/noticiasbahia360.com.br\/index.php?rest_route=\/wp\/v2\/posts\/99092","targetHints":{"allow":["GET"]}}],"collection":[{"href":"https:\/\/noticiasbahia360.com.br\/index.php?rest_route=\/wp\/v2\/posts"}],"about":[{"href":"https:\/\/noticiasbahia360.com.br\/index.php?rest_route=\/wp\/v2\/types\/post"}],"author":[{"embeddable":true,"href":"https:\/\/noticiasbahia360.com.br\/index.php?rest_route=\/wp\/v2\/users\/1"}],"replies":[{"embeddable":true,"href":"https:\/\/noticiasbahia360.com.br\/index.php?rest_route=%2Fwp%2Fv2%2Fcomments&post=99092"}],"version-history":[{"count":0,"href":"https:\/\/noticiasbahia360.com.br\/index.php?rest_route=\/wp\/v2\/posts\/99092\/revisions"}],"wp:featuredmedia":[{"embeddable":true,"href":"https:\/\/noticiasbahia360.com.br\/index.php?rest_route=\/wp\/v2\/media\/99093"}],"wp:attachment":[{"href":"https:\/\/noticiasbahia360.com.br\/index.php?rest_route=%2Fwp%2Fv2%2Fmedia&parent=99092"}],"wp:term":[{"taxonomy":"category","embeddable":true,"href":"https:\/\/noticiasbahia360.com.br\/index.php?rest_route=%2Fwp%2Fv2%2Fcategories&post=99092"},{"taxonomy":"post_tag","embeddable":true,"href":"https:\/\/noticiasbahia360.com.br\/index.php?rest_route=%2Fwp%2Fv2%2Ftags&post=99092"}],"curies":[{"name":"wp","href":"https:\/\/api.w.org\/{rel}","templated":true}]}}