{"id":99094,"date":"2025-08-30T20:25:39","date_gmt":"2025-08-30T23:25:39","guid":{"rendered":"https:\/\/noticiasbahia360.com.br\/?p=99094"},"modified":"2025-08-30T20:25:39","modified_gmt":"2025-08-30T23:25:39","slug":"apos-12-anos-escola-municipal-vai-retomar-desfile-civico-em-bonfim-de-feira","status":"publish","type":"post","link":"https:\/\/noticiasbahia360.com.br\/?p=99094","title":{"rendered":"Ap\u00f3s 12 anos, Escola Municipal vai retomar Desfile C\u00edvico em Bonfim de Feira"},"content":{"rendered":"<div>\n<div>\n<figure><img decoding=\"async\" src=\"http:\/\/noticiasbahia360.com.br\/wp-content\/uploads\/2025\/08\/Escola-Municipal-Alvaro-Boaventura-desfile-civico.webp\" alt=\"Escola Municipal \u00c1lvaro Boaventura - desfile c\u00edvico\"><figcaption>Foto: Divulga\u00e7\u00e3o<\/figcaption><\/figure>\n<\/div>\n<p>Ap\u00f3s um hiato de 12 anos, a Escola \u00c1lvaro Pereira Boaventura, no distrito de Bonfim de Feira, prepara-se para um evento que promete emocionar a comunidade: o retorno ao desfile c\u00edvico de 7 de setembro. A \u00faltima vez que as ruas do distrito viram essa celebra\u00e7\u00e3o da escola foi em 2013, e agora, por iniciativa de um grupo de professores e amigos, a tradi\u00e7\u00e3o ser\u00e1 revivida com um enfoque na hist\u00f3ria e nas personalidades que moldaram o distrito. O evento est\u00e1 marcado para o pr\u00f3ximo s\u00e1bado (6), \u00e0s 15h30, com concentra\u00e7\u00e3o em frente \u00e0 escola.<\/p>\n<figure class=\"wp-block-image size-full\"><img fetchpriority=\"high\" fetchpriority=\"high\" decoding=\"async\" width=\"1200\" height=\"673\" src=\"http:\/\/noticiasbahia360.com.br\/wp-content\/uploads\/2025\/08\/Escola-Municipal-Alvaro-Boaventura-.webp\" alt=\"Escola Municipal \u00c1lvaro Boaventura - desfile c\u00edvico\" class=\"wp-image-586557\" srcset=\"https:\/\/uploads.acordacidade.com.br\/2025\/08\/Escola-Municipal-Alvaro-Boaventura--648x363.webp 648w, https:\/\/uploads.acordacidade.com.br\/2025\/08\/Escola-Municipal-Alvaro-Boaventura--984x553.webp 984w, https:\/\/uploads.acordacidade.com.br\/2025\/08\/Escola-Municipal-Alvaro-Boaventura--140x79.webp 140w, https:\/\/uploads.acordacidade.com.br\/2025\/08\/Escola-Municipal-Alvaro-Boaventura--150x84.webp 150w, http:\/\/noticiasbahia360.com.br\/wp-content\/uploads\/2025\/08\/Escola-Municipal-Alvaro-Boaventura-.webp 1200w\" sizes=\"(max-width: 1200px) 100vw, 1200px\"><figcaption class=\"wp-element-caption\">Foto: Divulga\u00e7\u00e3o<\/figcaption><\/figure>\n<p>O desfile, que ser\u00e1 um verdadeiro mergulho na hist\u00f3ria e mem\u00f3ria de Bonfim de Feira, contar\u00e1, segundo a diretora Janivalda Medeiros dos Santos, com 11 alas tem\u00e1ticas, cada uma dedicada a um aspecto fundamental da comunidade.<\/p>\n<p>\u201cSer\u00e3o homenageadas as diversas express\u00f5es religiosas do distrito (cat\u00f3lica, evang\u00e9lica e de matriz africana), os comerciantes que impulsionaram a economia local, os funcion\u00e1rios p\u00fablicos que deixaram um legado, e os apaixonados pelo futebol do passado, que inspiraram gera\u00e7\u00f5es\u201d, afirmou ela acrescentando que \u201co prop\u00f3sito \u00e9 honrar cada bonfinense que teve participa\u00e7\u00e3o na constru\u00edda hist\u00f3ria do nosso distrito.\u201d<\/p>\n<p>A m\u00fasica, sempre presente na cultura local, ganhar\u00e1 um destaque especial e homenagens com a lembran\u00e7a do Terno Uni\u00e3o Santa Cruz, ber\u00e7o de grandes artistas. Ex-administradores distritais, os her\u00f3is da limpeza p\u00fablica e as diversas comunidades que acolhem os alunos da escola tamb\u00e9m ser\u00e3o homenageados.<\/p>\n<p>\u201cUm momento de grande emo\u00e7\u00e3o ser\u00e1 a homenagem a uma baluarte bonfinense que, com o trabalho de suas m\u00e3os, ajudou a trazer muitos ao mundo, e tamb\u00e9m aos ex-funcion\u00e1rios da Escola \u00c1lvaro Pereira, em reconhecimento \u00e0 dedica\u00e7\u00e3o de cada um, independente da fun\u00e7\u00e3o\u201d, afirmou Janivalda.<\/p>\n<p>Quem tamb\u00e9m est\u00e1 entusiasmado com o desfile deste ano \u00e9 Gilson Reis, coordenador de M\u00fasica na Escola e da fanfarra \u201cAmor por Bonfim\u201d (Famab). Ele expressou seu entusiasmo com o retorno da unidade de ensino.<\/p>\n<p>\u201cEu me sinto lisonjeado com o retorno da Escola ao desfile C\u00edvico de Bonfim de Feira depois de 12 anos sem acontecer. Tenho certeza que a comunidade vai ficar surpresa com as homenagens que ser\u00e3o realizadas\u201d, afirmou. A equipe de Gilson, respons\u00e1vel por dar ritmo e melodia \u00e0 celebra\u00e7\u00e3o, \u00e9 composta pelo regente, William Oliveira, pelo vice-regente, Antonio Paulo, e pela professora de dan\u00e7a Layane Figueiredo.<\/p>\n<p>A expectativa tanto da diretora quanto do coordenador de m\u00fasica bem como de alunos, professores e membros da comunidade \u00e9 que o desfile seja um momento de uni\u00e3o, celebra\u00e7\u00e3o e reconhecimento da rica hist\u00f3ria de Bonfim de Feira, fortalecendo o senso de pertencimento e orgulho da comunidade.<\/p>\n<p><em>Siga o Acorda Cidade no<\/em><a href=\"https:\/\/news.google.com\/search?q=acorda%20cidade&amp;hl=pt-BR&amp;gl=BR&amp;ceid=BR%3Apt-419\"><strong><em>\u00a0Google Not\u00edcias<\/em><\/strong><\/a><em>\u00a0e receba os principais destaques do dia. Participe tamb\u00e9m dos nossos canais no\u00a0<\/em><a href=\"https:\/\/www.whatsapp.com\/channel\/0029Va6Rb4v3WHTNnsh8WI3N\"><strong><em>WhatsApp<\/em><\/strong><\/a><em>\u00a0e\u00a0<\/em><a href=\"https:\/\/www.youtube.com\/@acordacidadenoticias\/videos\"><strong>YouTube<\/strong><\/a><em>\u00a0e grupo de\u00a0<\/em><a href=\"https:\/\/t.me\/+sSz0khrgARA0ZmRh\"><strong><em>Telegram<\/em><\/strong><\/a><em>.<\/em><\/p>\n<\/div>\n","protected":false},"excerpt":{"rendered":"<div>\n<div>\n<figure><img decoding=\"async\" src=\"https:\/\/uploads.acordacidade.com.br\/2025\/08\/Escola-Municipal-Alvaro-Boaventura-desfile-civico.webp\" alt=\"Escola Municipal \u00c1lvaro Boaventura - desfile c\u00edvico\"><figcaption>Foto: Divulga\u00e7\u00e3o<\/figcaption><\/figure>\n<\/div>\n<p>O evento ser\u00e1 realizado pela Escola Municipal \u00c1lvaro Pereira Boaventura, no pr\u00f3ximo dia 06\/09, \u00e0s 15h30, com participa\u00e7\u00e3o de fanfarra.<\/p><\/div>\n","protected":false},"author":1,"featured_media":99095,"comment_status":"closed","ping_status":"closed","sticky":false,"template":"","format":"gallery","meta":{"footnotes":""},"categories":[8,9,6,57,56,10],"tags":[],"class_list":["post-99094","post","type-post","status-publish","format-gallery","has-post-thumbnail","hentry","category-bahia","category-brasil","category-feira-de-santana","category-mundo","category-policia","category-politica","post_format-post-format-gallery"],"featured_image_urls":{"full":["https:\/\/noticiasbahia360.com.br\/wp-content\/uploads\/2025\/08\/Escola-Municipal-Alvaro-Boaventura-desfile-civico.webp",1200,798,false],"thumbnail":["https:\/\/noticiasbahia360.com.br\/wp-content\/uploads\/2025\/08\/Escola-Municipal-Alvaro-Boaventura-desfile-civico-150x150.webp",150,150,true],"medium":["https:\/\/noticiasbahia360.com.br\/wp-content\/uploads\/2025\/08\/Escola-Municipal-Alvaro-Boaventura-desfile-civico-300x200.webp",300,200,true],"medium_large":["https:\/\/noticiasbahia360.com.br\/wp-content\/uploads\/2025\/08\/Escola-Municipal-Alvaro-Boaventura-desfile-civico-768x511.webp",640,426,true],"large":["https:\/\/noticiasbahia360.com.br\/wp-content\/uploads\/2025\/08\/Escola-Municipal-Alvaro-Boaventura-desfile-civico-1024x681.webp",640,426,true],"1536x1536":["https:\/\/noticiasbahia360.com.br\/wp-content\/uploads\/2025\/08\/Escola-Municipal-Alvaro-Boaventura-desfile-civico.webp",1200,798,false],"2048x2048":["https:\/\/noticiasbahia360.com.br\/wp-content\/uploads\/2025\/08\/Escola-Municipal-Alvaro-Boaventura-desfile-civico.webp",1200,798,false],"chromenews-featured":["https:\/\/noticiasbahia360.com.br\/wp-content\/uploads\/2025\/08\/Escola-Municipal-Alvaro-Boaventura-desfile-civico-1024x681.webp",1024,681,true],"chromenews-large":["https:\/\/noticiasbahia360.com.br\/wp-content\/uploads\/2025\/08\/Escola-Municipal-Alvaro-Boaventura-desfile-civico-825x575.webp",825,575,true],"chromenews-medium":["https:\/\/noticiasbahia360.com.br\/wp-content\/uploads\/2025\/08\/Escola-Municipal-Alvaro-Boaventura-desfile-civico-590x410.webp",590,410,true]},"author_info":{"display_name":"noticiasbahia360.com.br","author_link":"https:\/\/noticiasbahia360.com.br\/?author=1"},"category_info":"<a href=\"https:\/\/noticiasbahia360.com.br\/?cat=8\" rel=\"category\">Bahia<\/a> <a href=\"https:\/\/noticiasbahia360.com.br\/?cat=9\" rel=\"category\">Brasil<\/a> <a href=\"https:\/\/noticiasbahia360.com.br\/?cat=6\" rel=\"category\">Feira de Santana<\/a> <a href=\"https:\/\/noticiasbahia360.com.br\/?cat=57\" rel=\"category\">Mundo<\/a> <a href=\"https:\/\/noticiasbahia360.com.br\/?cat=56\" rel=\"category\">Pol\u00edcia<\/a> <a href=\"https:\/\/noticiasbahia360.com.br\/?cat=10\" rel=\"category\">Pol\u00edtica<\/a>","tag_info":"Pol\u00edtica","comment_count":"0","_links":{"self":[{"href":"https:\/\/noticiasbahia360.com.br\/index.php?rest_route=\/wp\/v2\/posts\/99094","targetHints":{"allow":["GET"]}}],"collection":[{"href":"https:\/\/noticiasbahia360.com.br\/index.php?rest_route=\/wp\/v2\/posts"}],"about":[{"href":"https:\/\/noticiasbahia360.com.br\/index.php?rest_route=\/wp\/v2\/types\/post"}],"author":[{"embeddable":true,"href":"https:\/\/noticiasbahia360.com.br\/index.php?rest_route=\/wp\/v2\/users\/1"}],"replies":[{"embeddable":true,"href":"https:\/\/noticiasbahia360.com.br\/index.php?rest_route=%2Fwp%2Fv2%2Fcomments&post=99094"}],"version-history":[{"count":0,"href":"https:\/\/noticiasbahia360.com.br\/index.php?rest_route=\/wp\/v2\/posts\/99094\/revisions"}],"wp:featuredmedia":[{"embeddable":true,"href":"https:\/\/noticiasbahia360.com.br\/index.php?rest_route=\/wp\/v2\/media\/99095"}],"wp:attachment":[{"href":"https:\/\/noticiasbahia360.com.br\/index.php?rest_route=%2Fwp%2Fv2%2Fmedia&parent=99094"}],"wp:term":[{"taxonomy":"category","embeddable":true,"href":"https:\/\/noticiasbahia360.com.br\/index.php?rest_route=%2Fwp%2Fv2%2Fcategories&post=99094"},{"taxonomy":"post_tag","embeddable":true,"href":"https:\/\/noticiasbahia360.com.br\/index.php?rest_route=%2Fwp%2Fv2%2Ftags&post=99094"}],"curies":[{"name":"wp","href":"https:\/\/api.w.org\/{rel}","templated":true}]}}