{"id":99097,"date":"2025-08-30T20:35:10","date_gmt":"2025-08-30T23:35:10","guid":{"rendered":"https:\/\/noticiasbahia360.com.br\/?p=99097"},"modified":"2025-08-30T20:35:10","modified_gmt":"2025-08-30T23:35:10","slug":"cpm-diva-portela-desenvolve-projeto-redescobrindo-feira-a-princesa-do-agreste","status":"publish","type":"post","link":"https:\/\/noticiasbahia360.com.br\/?p=99097","title":{"rendered":"CPM Diva Portela desenvolve projeto \u201cRedescobrindo Feira: A Princesa do Agreste\u201d"},"content":{"rendered":"<div>\n<div>\n<figure><img decoding=\"async\" src=\"http:\/\/noticiasbahia360.com.br\/wp-content\/uploads\/2025\/08\/CPM-Diva-Portela.webp\" alt=\"CPM Diva Portela\"><figcaption>Foto: Divulga\u00e7\u00e3o\/CPM Diva Portela<\/figcaption><\/figure>\n<\/div>\n<p>Alunos do Col\u00e9gio da Pol\u00edcia Militar Diva Portela, localizado no bairro Campo Limpo, participaram na \u00faltima ter\u00e7a-feira (26) de uma visita ao Pa\u00e7o Municipal Maria Quit\u00e9ria, sede da Prefeitura de Feira de Santana. A atividade integra o projeto \u201cRedescobrindo Feira: A Princesa do Agreste\u201d, que tem como proposta inserir a cidade como eixo central das pr\u00e1ticas pedag\u00f3gicas da institui\u00e7\u00e3o.<\/p>\n<figure class=\"wp-block-image size-large\"><img fetchpriority=\"high\" fetchpriority=\"high\" decoding=\"async\" width=\"1046\" height=\"768\" src=\"http:\/\/noticiasbahia360.com.br\/wp-content\/uploads\/2025\/08\/CPM-Diva-Portela-1046x768-1.webp\" alt=\"CPM Diva Portela\" class=\"wp-image-586563\" srcset=\"https:\/\/uploads.acordacidade.com.br\/2025\/08\/CPM-Diva-Portela--497x365.webp 497w, http:\/\/noticiasbahia360.com.br\/wp-content\/uploads\/2025\/08\/CPM-Diva-Portela-1046x768-1.webp 1046w, https:\/\/uploads.acordacidade.com.br\/2025\/08\/CPM-Diva-Portela--753x553.webp 753w, https:\/\/uploads.acordacidade.com.br\/2025\/08\/CPM-Diva-Portela--140x103.webp 140w, https:\/\/uploads.acordacidade.com.br\/2025\/08\/CPM-Diva-Portela--323x237.webp 323w, https:\/\/uploads.acordacidade.com.br\/2025\/08\/CPM-Diva-Portela--150x110.webp 150w, https:\/\/uploads.acordacidade.com.br\/2025\/08\/CPM-Diva-Portela-.webp 1200w\" sizes=\"(max-width: 1046px) 100vw, 1046px\"><figcaption class=\"wp-element-caption\">Foto: Divulga\u00e7\u00e3o\/CPM Diva Portela<\/figcaption><\/figure>\n<p>A iniciativa envolve estudantes do Ensino Fundamental e busca promover o conhecimento sobre a hist\u00f3ria, a cultura e o patrim\u00f4nio material e imaterial de Feira de Santana. Na primeira etapa, os alunos percorreram locais como o Casar\u00e3o Fr\u00f3es da Motta, o Mercado de Arte Popular, com \u00eanfase nas express\u00f5es ligadas ao couro e aos pain\u00e9is que retratam o folclore local, al\u00e9m do Pa\u00e7o Municipal e da Igreja dos Rem\u00e9dios.<\/p>\n<figure class=\"wp-block-image size-large\"><img decoding=\"async\" width=\"1141\" height=\"768\" src=\"http:\/\/noticiasbahia360.com.br\/wp-content\/uploads\/2025\/08\/CPM-Diva-Portela-1-1141x768-1.webp\" alt=\"CPM Diva Portela\" class=\"wp-image-586562\" srcset=\"https:\/\/uploads.acordacidade.com.br\/2025\/08\/CPM-Diva-Portela-1-542x365.webp 542w, http:\/\/noticiasbahia360.com.br\/wp-content\/uploads\/2025\/08\/CPM-Diva-Portela-1-1141x768-1.webp 1141w, https:\/\/uploads.acordacidade.com.br\/2025\/08\/CPM-Diva-Portela-1-821x553.webp 821w, https:\/\/uploads.acordacidade.com.br\/2025\/08\/CPM-Diva-Portela-1-140x94.webp 140w, https:\/\/uploads.acordacidade.com.br\/2025\/08\/CPM-Diva-Portela-1-352x237.webp 352w, https:\/\/uploads.acordacidade.com.br\/2025\/08\/CPM-Diva-Portela-1-150x101.webp 150w, https:\/\/uploads.acordacidade.com.br\/2025\/08\/CPM-Diva-Portela-1.webp 1200w\" sizes=\"(max-width: 1141px) 100vw, 1141px\"><figcaption class=\"wp-element-caption\">Foto: Divulga\u00e7\u00e3o\/CPM Diva Portela<\/figcaption><\/figure>\n<p>De acordo com a dire\u00e7\u00e3o do col\u00e9gio, o projeto pretende ir al\u00e9m da visita\u00e7\u00e3o, propondo uma experi\u00eancia formativa voltada ao fortalecimento do v\u00ednculo dos estudantes com a cidade. O CPM acredita que, ao conhecer e valorizar a pr\u00f3pria hist\u00f3ria, os jovens constroem um futuro com mais consci\u00eancia, orgulho e pertencimento territorial ao nosso munic\u00edpio.<\/p>\n<p>Durante a visita ao Pa\u00e7o Municipal, os alunos foram recebidos pelo prefeito Jos\u00e9 Ronaldo de Carvalho e pelo secret\u00e1rio de Comunica\u00e7\u00e3o, Joilton Freitas. A atividade teve acompanhamento da coordenadora pedag\u00f3gica Renata Fraga.<\/p>\n<p><em>Siga o Acorda Cidade no<\/em><a href=\"https:\/\/news.google.com\/search?q=acorda%20cidade&amp;hl=pt-BR&amp;gl=BR&amp;ceid=BR%3Apt-419\"><strong><em>\u00a0Google Not\u00edcias<\/em><\/strong><\/a><em>\u00a0e receba os principais destaques do dia. Participe tamb\u00e9m dos nossos canais no\u00a0<\/em><a href=\"https:\/\/www.whatsapp.com\/channel\/0029Va6Rb4v3WHTNnsh8WI3N\"><strong><em>WhatsApp<\/em><\/strong><\/a><em>\u00a0e\u00a0<\/em><a href=\"https:\/\/www.youtube.com\/@acordacidadenoticias\/videos\"><strong>YouTube<\/strong><\/a><em>\u00a0e grupo de\u00a0<\/em><a href=\"https:\/\/t.me\/+sSz0khrgARA0ZmRh\"><strong><em>Telegram<\/em><\/strong><\/a><em>.<\/em><\/p>\n<\/div>\n","protected":false},"excerpt":{"rendered":"<div>\n<div>\n<figure><img decoding=\"async\" src=\"https:\/\/uploads.acordacidade.com.br\/2025\/08\/CPM-Diva-Portela.webp\" alt=\"CPM Diva Portela\"><figcaption>Foto: Divulga\u00e7\u00e3o\/CPM Diva Portela<\/figcaption><\/figure>\n<\/div>\n<p>A atividade tem como proposta inserir a cidade de Feira de Santana como eixo central das pr\u00e1ticas pedag\u00f3gicas da institui\u00e7\u00e3o.<\/p><\/div>\n","protected":false},"author":1,"featured_media":99098,"comment_status":"closed","ping_status":"closed","sticky":false,"template":"","format":"gallery","meta":{"footnotes":""},"categories":[8,9,6,57,56,10],"tags":[],"class_list":["post-99097","post","type-post","status-publish","format-gallery","has-post-thumbnail","hentry","category-bahia","category-brasil","category-feira-de-santana","category-mundo","category-policia","category-politica","post_format-post-format-gallery"],"featured_image_urls":{"full":["https:\/\/noticiasbahia360.com.br\/wp-content\/uploads\/2025\/08\/CPM-Diva-Portela.webp",1200,788,false],"thumbnail":["https:\/\/noticiasbahia360.com.br\/wp-content\/uploads\/2025\/08\/CPM-Diva-Portela-150x150.webp",150,150,true],"medium":["https:\/\/noticiasbahia360.com.br\/wp-content\/uploads\/2025\/08\/CPM-Diva-Portela-300x197.webp",300,197,true],"medium_large":["https:\/\/noticiasbahia360.com.br\/wp-content\/uploads\/2025\/08\/CPM-Diva-Portela-768x504.webp",640,420,true],"large":["https:\/\/noticiasbahia360.com.br\/wp-content\/uploads\/2025\/08\/CPM-Diva-Portela-1024x672.webp",640,420,true],"1536x1536":["https:\/\/noticiasbahia360.com.br\/wp-content\/uploads\/2025\/08\/CPM-Diva-Portela.webp",1200,788,false],"2048x2048":["https:\/\/noticiasbahia360.com.br\/wp-content\/uploads\/2025\/08\/CPM-Diva-Portela.webp",1200,788,false],"chromenews-featured":["https:\/\/noticiasbahia360.com.br\/wp-content\/uploads\/2025\/08\/CPM-Diva-Portela-1024x672.webp",1024,672,true],"chromenews-large":["https:\/\/noticiasbahia360.com.br\/wp-content\/uploads\/2025\/08\/CPM-Diva-Portela-825x575.webp",825,575,true],"chromenews-medium":["https:\/\/noticiasbahia360.com.br\/wp-content\/uploads\/2025\/08\/CPM-Diva-Portela-590x410.webp",590,410,true]},"author_info":{"display_name":"noticiasbahia360.com.br","author_link":"https:\/\/noticiasbahia360.com.br\/?author=1"},"category_info":"<a href=\"https:\/\/noticiasbahia360.com.br\/?cat=8\" rel=\"category\">Bahia<\/a> <a href=\"https:\/\/noticiasbahia360.com.br\/?cat=9\" rel=\"category\">Brasil<\/a> <a href=\"https:\/\/noticiasbahia360.com.br\/?cat=6\" rel=\"category\">Feira de Santana<\/a> <a href=\"https:\/\/noticiasbahia360.com.br\/?cat=57\" rel=\"category\">Mundo<\/a> <a href=\"https:\/\/noticiasbahia360.com.br\/?cat=56\" rel=\"category\">Pol\u00edcia<\/a> <a href=\"https:\/\/noticiasbahia360.com.br\/?cat=10\" rel=\"category\">Pol\u00edtica<\/a>","tag_info":"Pol\u00edtica","comment_count":"0","_links":{"self":[{"href":"https:\/\/noticiasbahia360.com.br\/index.php?rest_route=\/wp\/v2\/posts\/99097","targetHints":{"allow":["GET"]}}],"collection":[{"href":"https:\/\/noticiasbahia360.com.br\/index.php?rest_route=\/wp\/v2\/posts"}],"about":[{"href":"https:\/\/noticiasbahia360.com.br\/index.php?rest_route=\/wp\/v2\/types\/post"}],"author":[{"embeddable":true,"href":"https:\/\/noticiasbahia360.com.br\/index.php?rest_route=\/wp\/v2\/users\/1"}],"replies":[{"embeddable":true,"href":"https:\/\/noticiasbahia360.com.br\/index.php?rest_route=%2Fwp%2Fv2%2Fcomments&post=99097"}],"version-history":[{"count":0,"href":"https:\/\/noticiasbahia360.com.br\/index.php?rest_route=\/wp\/v2\/posts\/99097\/revisions"}],"wp:featuredmedia":[{"embeddable":true,"href":"https:\/\/noticiasbahia360.com.br\/index.php?rest_route=\/wp\/v2\/media\/99098"}],"wp:attachment":[{"href":"https:\/\/noticiasbahia360.com.br\/index.php?rest_route=%2Fwp%2Fv2%2Fmedia&parent=99097"}],"wp:term":[{"taxonomy":"category","embeddable":true,"href":"https:\/\/noticiasbahia360.com.br\/index.php?rest_route=%2Fwp%2Fv2%2Fcategories&post=99097"},{"taxonomy":"post_tag","embeddable":true,"href":"https:\/\/noticiasbahia360.com.br\/index.php?rest_route=%2Fwp%2Fv2%2Ftags&post=99097"}],"curies":[{"name":"wp","href":"https:\/\/api.w.org\/{rel}","templated":true}]}}