{"id":99101,"date":"2025-08-30T20:40:41","date_gmt":"2025-08-30T23:40:41","guid":{"rendered":"https:\/\/noticiasbahia360.com.br\/?p=99101"},"modified":"2025-08-30T20:40:41","modified_gmt":"2025-08-30T23:40:41","slug":"vereador-vai-levar-a-brasilia-proposta-de-mao-unica-no-acesso-ao-distrito-de-humildes-em-feira-de-santana","status":"publish","type":"post","link":"https:\/\/noticiasbahia360.com.br\/?p=99101","title":{"rendered":"Vereador vai levar a Bras\u00edlia proposta de m\u00e3o \u00fanica no acesso ao distrito de Humildes, em Feira de Santana"},"content":{"rendered":"<div>\n<div>\n<figure><img decoding=\"async\" src=\"http:\/\/noticiasbahia360.com.br\/wp-content\/uploads\/2025\/08\/ze-curuca-vereador-feira-de-santana-foto-divulgacao-1-1.jpg\" alt=\"vereador Z\u00e9 Curuca\"><figcaption>Z\u00e9 Curuca, vereador de Feira de Santana | Foto: Divulga\u00e7\u00e3o <\/figcaption><\/figure>\n<\/div>\n<p>O vereador Jos\u00e9 Marques de Messias (Z\u00e9 Curuca -Uni\u00e3o Brasil), vai levar a Bras\u00edlia, no pr\u00f3ximo m\u00eas, a proposta de implanta\u00e7\u00e3o de m\u00e3o \u00fanica no trecho da BA-513, que d\u00e1 acesso ao distrito de Humildes pela BR-324. O objetivo \u00e9 reduzir o n\u00famero de acidentes e garantir mais seguran\u00e7a para a popula\u00e7\u00e3o.<\/p>\n<p>Segundo o parlamentar, o trecho em m\u00e3o dupla tem causado acidentes frequentes, alguns de grave propor\u00e7\u00e3o, envolvendo inclusive ve\u00edculos escolares. A proposta prev\u00ea transformar a entrada do distrito em m\u00e3o \u00fanica, enquanto a sa\u00edda, no sentido Limoeiro, receber\u00e1 pavimenta\u00e7\u00e3o asf\u00e1ltica.<\/p>\n<p>\u201c\u00c9 uma reivindica\u00e7\u00e3o urgente da comunidade. O fluxo de carros, \u00f4nibus e vans escolares em hor\u00e1rios de pico aumenta o perigo de colis\u00f5es. Nossa proposta \u00e9 organizar o tr\u00e2nsito para garantir mais seguran\u00e7a aos moradores e condutores\u201d, destacou Z\u00e9 Curuca.<\/p>\n<p>Al\u00e9m da m\u00e3o \u00fanica, o vereador tamb\u00e9m apresentar\u00e1 ao Departamento Nacional de Infraestrutura de Transportes (Dnit) a solicita\u00e7\u00e3o de pavimenta\u00e7\u00e3o de um quil\u00f4metro da sa\u00edda de Humildes, ligando o distrito \u00e0s comunidades da On\u00e7a e do Limoeiro.<\/p>\n<p>\u201cO objetivo \u00e9 unir esfor\u00e7os para reduzir os acidentes e trazer mais infraestrutura vi\u00e1ria para Humildes. Estamos otimistas de que a pauta ter\u00e1 a devida aten\u00e7\u00e3o em Bras\u00edlia\u201d, concluiu Z\u00e9 Curuca.<\/p>\n<p><em>Siga o Acorda Cidade no<\/em><a href=\"https:\/\/news.google.com\/search?q=acorda%20cidade&amp;hl=pt-BR&amp;gl=BR&amp;ceid=BR%3Apt-419\"><strong><em>\u00a0Google Not\u00edcias<\/em><\/strong><\/a><em>\u00a0e receba os principais destaques do dia. Participe tamb\u00e9m dos nossos canais no\u00a0<\/em><a href=\"https:\/\/www.whatsapp.com\/channel\/0029Va6Rb4v3WHTNnsh8WI3N\"><strong><em>WhatsApp<\/em><\/strong><\/a><em>\u00a0e\u00a0<\/em><a href=\"https:\/\/www.youtube.com\/@acordacidadenoticias\/videos\"><strong>YouTube<\/strong><\/a><em>\u00a0e grupo de\u00a0<\/em><a href=\"https:\/\/t.me\/+sSz0khrgARA0ZmRh\"><strong><em>Telegram<\/em><\/strong><\/a><em>.<\/em><\/p>\n<\/div>\n","protected":false},"excerpt":{"rendered":"<div>\n<div>\n<figure><img decoding=\"async\" src=\"https:\/\/uploads.acordacidade.com.br\/2025\/06\/ze-curuca-vereador-feira-de-santana-foto-divulgacao-.jpg\" alt=\"vereador Z\u00e9 Curuca\"><figcaption>Z\u00e9 Curuca, vereador de Feira de Santana | Foto: Divulga\u00e7\u00e3o <\/figcaption><\/figure>\n<\/div>\n<p>Segundo o vereador, Z\u00e9 Curuca, o trecho em m\u00e3o dupla tem causado acidentes frequentes, alguns de grave propor\u00e7\u00e3o.<\/p><\/div>\n","protected":false},"author":1,"featured_media":99102,"comment_status":"closed","ping_status":"closed","sticky":false,"template":"","format":"gallery","meta":{"footnotes":""},"categories":[8,9,6,57,56,10],"tags":[],"class_list":["post-99101","post","type-post","status-publish","format-gallery","has-post-thumbnail","hentry","category-bahia","category-brasil","category-feira-de-santana","category-mundo","category-policia","category-politica","post_format-post-format-gallery"],"featured_image_urls":{"full":["https:\/\/noticiasbahia360.com.br\/wp-content\/uploads\/2025\/08\/ze-curuca-vereador-feira-de-santana-foto-divulgacao-1-1.jpg",1200,900,false],"thumbnail":["https:\/\/noticiasbahia360.com.br\/wp-content\/uploads\/2025\/08\/ze-curuca-vereador-feira-de-santana-foto-divulgacao-1-1-150x150.jpg",150,150,true],"medium":["https:\/\/noticiasbahia360.com.br\/wp-content\/uploads\/2025\/08\/ze-curuca-vereador-feira-de-santana-foto-divulgacao-1-1-300x225.jpg",300,225,true],"medium_large":["https:\/\/noticiasbahia360.com.br\/wp-content\/uploads\/2025\/08\/ze-curuca-vereador-feira-de-santana-foto-divulgacao-1-1-768x576.jpg",640,480,true],"large":["https:\/\/noticiasbahia360.com.br\/wp-content\/uploads\/2025\/08\/ze-curuca-vereador-feira-de-santana-foto-divulgacao-1-1-1024x768.jpg",640,480,true],"1536x1536":["https:\/\/noticiasbahia360.com.br\/wp-content\/uploads\/2025\/08\/ze-curuca-vereador-feira-de-santana-foto-divulgacao-1-1.jpg",1200,900,false],"2048x2048":["https:\/\/noticiasbahia360.com.br\/wp-content\/uploads\/2025\/08\/ze-curuca-vereador-feira-de-santana-foto-divulgacao-1-1.jpg",1200,900,false],"chromenews-featured":["https:\/\/noticiasbahia360.com.br\/wp-content\/uploads\/2025\/08\/ze-curuca-vereador-feira-de-santana-foto-divulgacao-1-1-1024x768.jpg",1024,768,true],"chromenews-large":["https:\/\/noticiasbahia360.com.br\/wp-content\/uploads\/2025\/08\/ze-curuca-vereador-feira-de-santana-foto-divulgacao-1-1-825x575.jpg",825,575,true],"chromenews-medium":["https:\/\/noticiasbahia360.com.br\/wp-content\/uploads\/2025\/08\/ze-curuca-vereador-feira-de-santana-foto-divulgacao-1-1-590x410.jpg",590,410,true]},"author_info":{"display_name":"noticiasbahia360.com.br","author_link":"https:\/\/noticiasbahia360.com.br\/?author=1"},"category_info":"<a href=\"https:\/\/noticiasbahia360.com.br\/?cat=8\" rel=\"category\">Bahia<\/a> <a href=\"https:\/\/noticiasbahia360.com.br\/?cat=9\" rel=\"category\">Brasil<\/a> <a href=\"https:\/\/noticiasbahia360.com.br\/?cat=6\" rel=\"category\">Feira de Santana<\/a> <a href=\"https:\/\/noticiasbahia360.com.br\/?cat=57\" rel=\"category\">Mundo<\/a> <a href=\"https:\/\/noticiasbahia360.com.br\/?cat=56\" rel=\"category\">Pol\u00edcia<\/a> <a href=\"https:\/\/noticiasbahia360.com.br\/?cat=10\" rel=\"category\">Pol\u00edtica<\/a>","tag_info":"Pol\u00edtica","comment_count":"0","_links":{"self":[{"href":"https:\/\/noticiasbahia360.com.br\/index.php?rest_route=\/wp\/v2\/posts\/99101","targetHints":{"allow":["GET"]}}],"collection":[{"href":"https:\/\/noticiasbahia360.com.br\/index.php?rest_route=\/wp\/v2\/posts"}],"about":[{"href":"https:\/\/noticiasbahia360.com.br\/index.php?rest_route=\/wp\/v2\/types\/post"}],"author":[{"embeddable":true,"href":"https:\/\/noticiasbahia360.com.br\/index.php?rest_route=\/wp\/v2\/users\/1"}],"replies":[{"embeddable":true,"href":"https:\/\/noticiasbahia360.com.br\/index.php?rest_route=%2Fwp%2Fv2%2Fcomments&post=99101"}],"version-history":[{"count":0,"href":"https:\/\/noticiasbahia360.com.br\/index.php?rest_route=\/wp\/v2\/posts\/99101\/revisions"}],"wp:featuredmedia":[{"embeddable":true,"href":"https:\/\/noticiasbahia360.com.br\/index.php?rest_route=\/wp\/v2\/media\/99102"}],"wp:attachment":[{"href":"https:\/\/noticiasbahia360.com.br\/index.php?rest_route=%2Fwp%2Fv2%2Fmedia&parent=99101"}],"wp:term":[{"taxonomy":"category","embeddable":true,"href":"https:\/\/noticiasbahia360.com.br\/index.php?rest_route=%2Fwp%2Fv2%2Fcategories&post=99101"},{"taxonomy":"post_tag","embeddable":true,"href":"https:\/\/noticiasbahia360.com.br\/index.php?rest_route=%2Fwp%2Fv2%2Ftags&post=99101"}],"curies":[{"name":"wp","href":"https:\/\/api.w.org\/{rel}","templated":true}]}}