{"id":99103,"date":"2025-08-30T20:50:06","date_gmt":"2025-08-30T23:50:06","guid":{"rendered":"https:\/\/noticiasbahia360.com.br\/?p=99103"},"modified":"2025-08-30T20:50:06","modified_gmt":"2025-08-30T23:50:06","slug":"prolongamento-da-fraga-maia-deve-transformar-via-na-maior-avenida-de-feira-de-santana-diz-secretario","status":"publish","type":"post","link":"https:\/\/noticiasbahia360.com.br\/?p=99103","title":{"rendered":"Prolongamento da Fraga Maia deve transformar via na maior avenida de Feira de Santana, diz secret\u00e1rio"},"content":{"rendered":"<div>\n<div>\n<figure><img decoding=\"async\" src=\"http:\/\/noticiasbahia360.com.br\/wp-content\/uploads\/2025\/08\/Obras-da-Av-Fraga-Maia-foto-Jorge-Magalhaes-31-publicada-em-acorda-cidade.jpg\" alt=\"Avenida Fraga Maia\"><figcaption>Foto: ACM\/Secom PMFS<\/figcaption><\/figure>\n<\/div>\n<p>Com o <a href=\"https:\/\/www.acordacidade.com.br\/feira-de-santana\/agora-e-oficial-avenida-fraga-maia-sera-prolongada-em-mais-46-km\/\">decreto que autoriza a extens\u00e3o da Avenida Fraga Maia at\u00e9 a Estrada da Matinha<\/a>, Feira de Santana ganhar\u00e1 a maior avenida da cidade, com cerca de 11 quil\u00f4metros de extens\u00e3o ao somar-se \u00e0 Avenida Maria Quit\u00e9ria. A informa\u00e7\u00e3o foi confirmada pelo secret\u00e1rio municipal de Planejamento, Carlos Brito, em entrevista ao Acorda Cidade.<\/p>\n<p>Segundo o gestor, o projeto prev\u00ea uma avenida com 32 metros de largura, ciclovias e padr\u00e3o de mobilidade considerado de \u201calto n\u00edvel\u201d, conectando o Anel de Contorno ao CIS Norte e \u00e0 BR-116 Norte, desafogando o tr\u00e2nsito nos trechos da Cidade Nova at\u00e9 a entrada da Matinha, tradicionalmente congestionados.<\/p>\n<figure class=\"wp-block-image size-full\"><img fetchpriority=\"high\" fetchpriority=\"high\" decoding=\"async\" width=\"1200\" height=\"554\" src=\"http:\/\/noticiasbahia360.com.br\/wp-content\/uploads\/2025\/08\/carlos-brito-foto-pj-acorda-cidade.jpg\" alt=\"Carlos Brito\" class=\"wp-image-586361\" srcset=\"https:\/\/uploads.acordacidade.com.br\/2025\/08\/carlos-brito-foto-pj-acorda-cidade-648x299.jpg 648w, https:\/\/uploads.acordacidade.com.br\/2025\/08\/carlos-brito-foto-pj-acorda-cidade-984x454.jpg 984w, https:\/\/uploads.acordacidade.com.br\/2025\/08\/carlos-brito-foto-pj-acorda-cidade-140x65.jpg 140w, https:\/\/uploads.acordacidade.com.br\/2025\/08\/carlos-brito-foto-pj-acorda-cidade-424x196.jpg 424w, https:\/\/uploads.acordacidade.com.br\/2025\/08\/carlos-brito-foto-pj-acorda-cidade-150x69.jpg 150w, http:\/\/noticiasbahia360.com.br\/wp-content\/uploads\/2025\/08\/carlos-brito-foto-pj-acorda-cidade.jpg 1200w\" sizes=\"(max-width: 1200px) 100vw, 1200px\"><figcaption class=\"wp-element-caption\">Foto: Paulo Jos\u00e9\/Acorda Cidade<\/figcaption><\/figure>\n<p>Al\u00e9m da melhoria vi\u00e1ria, a obra est\u00e1 alinhada ao processo de verticaliza\u00e7\u00e3o em andamento na cidade. Brito destacou que novos empreendimentos imobili\u00e1rios devem surgir na regi\u00e3o, o que deve impulsionar o desenvolvimento econ\u00f4mico local.<\/p>\n<p>O secret\u00e1rio explicou ainda que a obra ser\u00e1 viabilizada por meio de recursos de financiamento do Finisa e do Fonplata, uma vez que a prefeitura n\u00e3o teria capacidade de realizar o investimento apenas com recursos pr\u00f3prios.<\/p>\n<p>\u201cEssa via ser\u00e1 um vetor de desenvolvimento, atraindo novas empresas para Feira e garantindo gera\u00e7\u00e3o de emprego e renda para os jovens que est\u00e3o chegando ao mercado de trabalho\u201d, afirmou.<\/p>\n<p><em>Com informa\u00e7\u00f5es do rep\u00f3rter Paulo Jos\u00e9 do Acorda Cidade<\/em><\/p>\n<p><strong>Leia tamb\u00e9m:<\/strong> <a href=\"https:\/\/www.acordacidade.com.br\/feira-de-santana\/agora-e-oficial-avenida-fraga-maia-sera-prolongada-em-mais-46-km\/\">Agora \u00e9 oficial: Avenida Fraga Maia ser\u00e1 prolongada em mais 4,6km<\/a><\/p>\n<p><em>Siga o Acorda Cidade no<\/em><a href=\"https:\/\/news.google.com\/search?q=acorda%20cidade&amp;hl=pt-BR&amp;gl=BR&amp;ceid=BR%3Apt-419\"><strong><em> Google Not\u00edcias<\/em><\/strong><\/a><em> e receba os principais destaques do dia. Participe tamb\u00e9m dos nossos canais no <\/em><a href=\"https:\/\/www.whatsapp.com\/channel\/0029Va6Rb4v3WHTNnsh8WI3N\"><strong><em>WhatsApp<\/em><\/strong><\/a><em> e <\/em><a href=\"https:\/\/www.youtube.com\/@acordacidadenoticias\/videos\"><strong>YouTube<\/strong><\/a><em> e grupo de <\/em><a href=\"https:\/\/t.me\/+sSz0khrgARA0ZmRh\"><strong><em>Telegram<\/em><\/strong><\/a><em>.<\/em><\/p>\n<\/div>\n","protected":false},"excerpt":{"rendered":"<div>\n<div>\n<figure><img decoding=\"async\" src=\"https:\/\/uploads.acordacidade.com.br\/2025\/08\/Obras-da-Av-Fraga-Maia-foto-Jorge-Magalhaes-31-publicada-em-acorda-cidade.jpg\" alt=\"Avenida Fraga Maia\"><figcaption>Foto: ACM\/Secom PMFS<\/figcaption><\/figure>\n<\/div>\n<p>Segundo o gestor, o projeto prev\u00ea uma avenida com 32 metros de largura, ciclovias e padr\u00e3o de mobilidade considerado de \u201calto n\u00edvel\u201d.<\/p><\/div>\n","protected":false},"author":1,"featured_media":99104,"comment_status":"closed","ping_status":"closed","sticky":false,"template":"","format":"gallery","meta":{"footnotes":""},"categories":[8,9,6,57,56,10],"tags":[],"class_list":["post-99103","post","type-post","status-publish","format-gallery","has-post-thumbnail","hentry","category-bahia","category-brasil","category-feira-de-santana","category-mundo","category-policia","category-politica","post_format-post-format-gallery"],"featured_image_urls":{"full":["https:\/\/noticiasbahia360.com.br\/wp-content\/uploads\/2025\/08\/Obras-da-Av-Fraga-Maia-foto-Jorge-Magalhaes-31-publicada-em-acorda-cidade.jpg",1200,801,false],"thumbnail":["https:\/\/noticiasbahia360.com.br\/wp-content\/uploads\/2025\/08\/Obras-da-Av-Fraga-Maia-foto-Jorge-Magalhaes-31-publicada-em-acorda-cidade-150x150.jpg",150,150,true],"medium":["https:\/\/noticiasbahia360.com.br\/wp-content\/uploads\/2025\/08\/Obras-da-Av-Fraga-Maia-foto-Jorge-Magalhaes-31-publicada-em-acorda-cidade-300x200.jpg",300,200,true],"medium_large":["https:\/\/noticiasbahia360.com.br\/wp-content\/uploads\/2025\/08\/Obras-da-Av-Fraga-Maia-foto-Jorge-Magalhaes-31-publicada-em-acorda-cidade-768x513.jpg",640,428,true],"large":["https:\/\/noticiasbahia360.com.br\/wp-content\/uploads\/2025\/08\/Obras-da-Av-Fraga-Maia-foto-Jorge-Magalhaes-31-publicada-em-acorda-cidade-1024x684.jpg",640,428,true],"1536x1536":["https:\/\/noticiasbahia360.com.br\/wp-content\/uploads\/2025\/08\/Obras-da-Av-Fraga-Maia-foto-Jorge-Magalhaes-31-publicada-em-acorda-cidade.jpg",1200,801,false],"2048x2048":["https:\/\/noticiasbahia360.com.br\/wp-content\/uploads\/2025\/08\/Obras-da-Av-Fraga-Maia-foto-Jorge-Magalhaes-31-publicada-em-acorda-cidade.jpg",1200,801,false],"chromenews-featured":["https:\/\/noticiasbahia360.com.br\/wp-content\/uploads\/2025\/08\/Obras-da-Av-Fraga-Maia-foto-Jorge-Magalhaes-31-publicada-em-acorda-cidade-1024x684.jpg",1024,684,true],"chromenews-large":["https:\/\/noticiasbahia360.com.br\/wp-content\/uploads\/2025\/08\/Obras-da-Av-Fraga-Maia-foto-Jorge-Magalhaes-31-publicada-em-acorda-cidade-825x575.jpg",825,575,true],"chromenews-medium":["https:\/\/noticiasbahia360.com.br\/wp-content\/uploads\/2025\/08\/Obras-da-Av-Fraga-Maia-foto-Jorge-Magalhaes-31-publicada-em-acorda-cidade-590x410.jpg",590,410,true]},"author_info":{"display_name":"noticiasbahia360.com.br","author_link":"https:\/\/noticiasbahia360.com.br\/?author=1"},"category_info":"<a href=\"https:\/\/noticiasbahia360.com.br\/?cat=8\" rel=\"category\">Bahia<\/a> <a href=\"https:\/\/noticiasbahia360.com.br\/?cat=9\" rel=\"category\">Brasil<\/a> <a href=\"https:\/\/noticiasbahia360.com.br\/?cat=6\" rel=\"category\">Feira de Santana<\/a> <a href=\"https:\/\/noticiasbahia360.com.br\/?cat=57\" rel=\"category\">Mundo<\/a> <a href=\"https:\/\/noticiasbahia360.com.br\/?cat=56\" rel=\"category\">Pol\u00edcia<\/a> <a href=\"https:\/\/noticiasbahia360.com.br\/?cat=10\" rel=\"category\">Pol\u00edtica<\/a>","tag_info":"Pol\u00edtica","comment_count":"0","_links":{"self":[{"href":"https:\/\/noticiasbahia360.com.br\/index.php?rest_route=\/wp\/v2\/posts\/99103","targetHints":{"allow":["GET"]}}],"collection":[{"href":"https:\/\/noticiasbahia360.com.br\/index.php?rest_route=\/wp\/v2\/posts"}],"about":[{"href":"https:\/\/noticiasbahia360.com.br\/index.php?rest_route=\/wp\/v2\/types\/post"}],"author":[{"embeddable":true,"href":"https:\/\/noticiasbahia360.com.br\/index.php?rest_route=\/wp\/v2\/users\/1"}],"replies":[{"embeddable":true,"href":"https:\/\/noticiasbahia360.com.br\/index.php?rest_route=%2Fwp%2Fv2%2Fcomments&post=99103"}],"version-history":[{"count":0,"href":"https:\/\/noticiasbahia360.com.br\/index.php?rest_route=\/wp\/v2\/posts\/99103\/revisions"}],"wp:featuredmedia":[{"embeddable":true,"href":"https:\/\/noticiasbahia360.com.br\/index.php?rest_route=\/wp\/v2\/media\/99104"}],"wp:attachment":[{"href":"https:\/\/noticiasbahia360.com.br\/index.php?rest_route=%2Fwp%2Fv2%2Fmedia&parent=99103"}],"wp:term":[{"taxonomy":"category","embeddable":true,"href":"https:\/\/noticiasbahia360.com.br\/index.php?rest_route=%2Fwp%2Fv2%2Fcategories&post=99103"},{"taxonomy":"post_tag","embeddable":true,"href":"https:\/\/noticiasbahia360.com.br\/index.php?rest_route=%2Fwp%2Fv2%2Ftags&post=99103"}],"curies":[{"name":"wp","href":"https:\/\/api.w.org\/{rel}","templated":true}]}}