{"id":99106,"date":"2025-08-30T21:30:58","date_gmt":"2025-08-31T00:30:58","guid":{"rendered":"https:\/\/noticiasbahia360.com.br\/?p=99106"},"modified":"2025-08-30T21:30:58","modified_gmt":"2025-08-31T00:30:58","slug":"idoso-morre-no-hgca-apos-acidente-de-transito-em-feira-de-santana","status":"publish","type":"post","link":"https:\/\/noticiasbahia360.com.br\/?p=99106","title":{"rendered":"Idoso morre no HGCA ap\u00f3s acidente de tr\u00e2nsito em Feira de Santana"},"content":{"rendered":"<div>\n<div>\n<figure><img decoding=\"async\" src=\"http:\/\/noticiasbahia360.com.br\/wp-content\/uploads\/2025\/08\/vitima-Romilson-Santos-de-Oliveira.webp\" alt=\"Idoso morre no HGCA ap\u00f3s acidente de tr\u00e2nsito em Feira de Santana\"><figcaption>Romilson Santos de Oliveira, de 62 anos<\/figcaption><\/figure>\n<\/div>\n<p>Um idoso de 62 anos, identificado como Romilson Santos de Oliveira, morreu na manh\u00e3 deste s\u00e1bado (30) no Hospital Geral Cl\u00e9riston Andrade (<a href=\"https:\/\/www.acordacidade.com.br\/tag\/hgca\/\">HGCA<\/a>), em Feira de Santana, ap\u00f3s sofrer um acidente de tr\u00e2nsito no viaduto Georgina Erisman, localizado na Avenida Jo\u00e3o Durval Carneiro.<\/p>\n<p>Segundo informa\u00e7\u00f5es apuradas pelo Acorda Cidade com a pol\u00edcia, a v\u00edtima foi socorrida pelo Servi\u00e7o de Atendimento M\u00f3vel de Urg\u00eancia (Samu) ainda com vida, mas n\u00e3o resistiu aos ferimentos.<\/p>\n<p>Romilson residia no povoado Cansanc\u00e3o, na zona rural de C\u00edcero Dantas.<\/p>\n<p>O caso foi registrado pela Pol\u00edcia Civil. O delegado La\u00e9rcio dos Santos presidiu o levantamento cadav\u00e9rico e encaminhou o corpo para o Departamento de Pol\u00edcia T\u00e9cnica (DPT) para realizar o exame de necropsia. <\/p>\n<p>Ainda n\u00e3o se sabe o que causou o acidente. A ocorr\u00eancia est\u00e1 sendo investigada pelas autoridades competentes.<\/p>\n<p><em>Com informa\u00e7\u00f5es do rep\u00f3rter Ney Silva do Acorda Cidade<\/em><\/p>\n<p><em>Siga o Acorda Cidade no<\/em><a href=\"https:\/\/news.google.com\/search?q=acorda%20cidade&amp;hl=pt-BR&amp;gl=BR&amp;ceid=BR%3Apt-419\"><strong><em> Google Not\u00edcias<\/em><\/strong><\/a><em> e receba os principais destaques do dia. Participe tamb\u00e9m dos nossos canais no <\/em><a href=\"https:\/\/www.whatsapp.com\/channel\/0029Va6Rb4v3WHTNnsh8WI3N\"><strong><em>WhatsApp<\/em><\/strong><\/a><em> e <\/em><a href=\"https:\/\/www.youtube.com\/@acordacidadenoticias\/videos\"><strong>YouTube<\/strong><\/a><em> e grupo de <\/em><a href=\"https:\/\/t.me\/+sSz0khrgARA0ZmRh\"><strong><em>Telegram<\/em><\/strong><\/a><em>.<\/em><\/p>\n<\/div>\n","protected":false},"excerpt":{"rendered":"<div>\n<div>\n<figure><img decoding=\"async\" src=\"https:\/\/uploads.acordacidade.com.br\/2025\/08\/vitima-Romilson-Santos-de-Oliveira.webp\" alt=\"Idoso morre no HGCA ap\u00f3s acidente de tr\u00e2nsito em Feira de Santana\"><figcaption>Romilson Santos de Oliveira, de 62 anos<\/figcaption><\/figure>\n<\/div>\n<p>O acidente de tr\u00e2nsito aconteceu no viaduto Georgina Erisman, localizado na Avenida Jo\u00e3o Durval Carneiro, em Feira de Santana.<\/p><\/div>\n","protected":false},"author":1,"featured_media":99107,"comment_status":"closed","ping_status":"closed","sticky":false,"template":"","format":"gallery","meta":{"footnotes":""},"categories":[8,9,6,57,56,10],"tags":[],"class_list":["post-99106","post","type-post","status-publish","format-gallery","has-post-thumbnail","hentry","category-bahia","category-brasil","category-feira-de-santana","category-mundo","category-policia","category-politica","post_format-post-format-gallery"],"featured_image_urls":{"full":["https:\/\/noticiasbahia360.com.br\/wp-content\/uploads\/2025\/08\/vitima-Romilson-Santos-de-Oliveira.webp",1200,780,false],"thumbnail":["https:\/\/noticiasbahia360.com.br\/wp-content\/uploads\/2025\/08\/vitima-Romilson-Santos-de-Oliveira-150x150.webp",150,150,true],"medium":["https:\/\/noticiasbahia360.com.br\/wp-content\/uploads\/2025\/08\/vitima-Romilson-Santos-de-Oliveira-300x195.webp",300,195,true],"medium_large":["https:\/\/noticiasbahia360.com.br\/wp-content\/uploads\/2025\/08\/vitima-Romilson-Santos-de-Oliveira-768x499.webp",640,416,true],"large":["https:\/\/noticiasbahia360.com.br\/wp-content\/uploads\/2025\/08\/vitima-Romilson-Santos-de-Oliveira-1024x666.webp",640,416,true],"1536x1536":["https:\/\/noticiasbahia360.com.br\/wp-content\/uploads\/2025\/08\/vitima-Romilson-Santos-de-Oliveira.webp",1200,780,false],"2048x2048":["https:\/\/noticiasbahia360.com.br\/wp-content\/uploads\/2025\/08\/vitima-Romilson-Santos-de-Oliveira.webp",1200,780,false],"chromenews-featured":["https:\/\/noticiasbahia360.com.br\/wp-content\/uploads\/2025\/08\/vitima-Romilson-Santos-de-Oliveira-1024x666.webp",1024,666,true],"chromenews-large":["https:\/\/noticiasbahia360.com.br\/wp-content\/uploads\/2025\/08\/vitima-Romilson-Santos-de-Oliveira-825x575.webp",825,575,true],"chromenews-medium":["https:\/\/noticiasbahia360.com.br\/wp-content\/uploads\/2025\/08\/vitima-Romilson-Santos-de-Oliveira-590x410.webp",590,410,true]},"author_info":{"display_name":"noticiasbahia360.com.br","author_link":"https:\/\/noticiasbahia360.com.br\/?author=1"},"category_info":"<a href=\"https:\/\/noticiasbahia360.com.br\/?cat=8\" rel=\"category\">Bahia<\/a> <a href=\"https:\/\/noticiasbahia360.com.br\/?cat=9\" rel=\"category\">Brasil<\/a> <a href=\"https:\/\/noticiasbahia360.com.br\/?cat=6\" rel=\"category\">Feira de Santana<\/a> <a href=\"https:\/\/noticiasbahia360.com.br\/?cat=57\" rel=\"category\">Mundo<\/a> <a href=\"https:\/\/noticiasbahia360.com.br\/?cat=56\" rel=\"category\">Pol\u00edcia<\/a> <a href=\"https:\/\/noticiasbahia360.com.br\/?cat=10\" rel=\"category\">Pol\u00edtica<\/a>","tag_info":"Pol\u00edtica","comment_count":"0","_links":{"self":[{"href":"https:\/\/noticiasbahia360.com.br\/index.php?rest_route=\/wp\/v2\/posts\/99106","targetHints":{"allow":["GET"]}}],"collection":[{"href":"https:\/\/noticiasbahia360.com.br\/index.php?rest_route=\/wp\/v2\/posts"}],"about":[{"href":"https:\/\/noticiasbahia360.com.br\/index.php?rest_route=\/wp\/v2\/types\/post"}],"author":[{"embeddable":true,"href":"https:\/\/noticiasbahia360.com.br\/index.php?rest_route=\/wp\/v2\/users\/1"}],"replies":[{"embeddable":true,"href":"https:\/\/noticiasbahia360.com.br\/index.php?rest_route=%2Fwp%2Fv2%2Fcomments&post=99106"}],"version-history":[{"count":0,"href":"https:\/\/noticiasbahia360.com.br\/index.php?rest_route=\/wp\/v2\/posts\/99106\/revisions"}],"wp:featuredmedia":[{"embeddable":true,"href":"https:\/\/noticiasbahia360.com.br\/index.php?rest_route=\/wp\/v2\/media\/99107"}],"wp:attachment":[{"href":"https:\/\/noticiasbahia360.com.br\/index.php?rest_route=%2Fwp%2Fv2%2Fmedia&parent=99106"}],"wp:term":[{"taxonomy":"category","embeddable":true,"href":"https:\/\/noticiasbahia360.com.br\/index.php?rest_route=%2Fwp%2Fv2%2Fcategories&post=99106"},{"taxonomy":"post_tag","embeddable":true,"href":"https:\/\/noticiasbahia360.com.br\/index.php?rest_route=%2Fwp%2Fv2%2Ftags&post=99106"}],"curies":[{"name":"wp","href":"https:\/\/api.w.org\/{rel}","templated":true}]}}