{"id":99108,"date":"2025-08-30T22:50:11","date_gmt":"2025-08-31T01:50:11","guid":{"rendered":"https:\/\/noticiasbahia360.com.br\/?p=99108"},"modified":"2025-08-30T22:50:11","modified_gmt":"2025-08-31T01:50:11","slug":"jovem-de-22-anos-e-morto-a-facadas-em-feira-de-santana","status":"publish","type":"post","link":"https:\/\/noticiasbahia360.com.br\/?p=99108","title":{"rendered":"Jovem de 22 anos \u00e9 morto a facadas em Feira de Santana"},"content":{"rendered":"<div>\n<div>\n<figure><img decoding=\"async\" src=\"http:\/\/noticiasbahia360.com.br\/wp-content\/uploads\/2025\/08\/Viitima-Vonicius-Silva.webp\" alt=\"Jovem de 22 anos \u00e9 morto a facadas dentro de resid\u00eancia em Feira de Santana\"><figcaption>Vin\u00edcius Silva dos Santos, de 22 anos<\/figcaption><\/figure>\n<\/div>\n<p>Um jovem identificado como Vin\u00edcius Silva dos Santos, de 22 anos, foi morto na tarde deste s\u00e1bado (30), em Feira de Santana. O crime aconteceu por volta das 15h25, na Rua Oyama Figueiredo, no <a href=\"https:\/\/www.acordacidade.com.br\/tag\/bairro-tomba\/\">bairro Tomba.<\/a><\/p>\n<p>De acordo com informa\u00e7\u00f5es apuradas pelo Acorda Cidade com a pol\u00edcia, a v\u00edtima foi encontrada dentro de uma resid\u00eancia. O corpo apresentava diversas perfura\u00e7\u00f5es provocadas por golpes de arma branca nas regi\u00f5es do rosto, pesco\u00e7o, t\u00f3rax e abd\u00f4men.<\/p>\n<p>Vin\u00edcius era morador do bairro Panorama.<\/p>\n<p>O delegado Andr\u00e9 Luiz Sampaio Ferreira presidiu o levantamento cadav\u00e9rico e encaminhou o corpo para o DPT, Departamento de Pol\u00edcia T\u00e9cnica.<\/p>\n<p>A pol\u00edcia ainda n\u00e3o descobriu a autoria, nem a motiva\u00e7\u00e3o do crime. O caso est\u00e1 sendo investigado pela Delegacia de Homic\u00eddios.<\/p>\n<p><em>Com informa\u00e7\u00f5es do rep\u00f3rter Ney Silva do Acorda Cidade<\/em><\/p>\n<p><em>Siga o Acorda Cidade no<\/em><a href=\"https:\/\/news.google.com\/search?q=acorda%20cidade&amp;hl=pt-BR&amp;gl=BR&amp;ceid=BR%3Apt-419\"><strong><em>\u00a0Google Not\u00edcias<\/em><\/strong><\/a><em>\u00a0e receba os principais destaques do dia. Participe tamb\u00e9m dos nossos canais no\u00a0<\/em><a href=\"https:\/\/www.whatsapp.com\/channel\/0029Va6Rb4v3WHTNnsh8WI3N\"><strong><em>WhatsApp<\/em><\/strong><\/a><em>\u00a0e\u00a0<\/em><a href=\"https:\/\/www.youtube.com\/@acordacidadenoticias\/videos\"><strong>YouTube<\/strong><\/a><em>\u00a0e grupo de\u00a0<\/em><a href=\"https:\/\/t.me\/+sSz0khrgARA0ZmRh\"><strong><em>Telegram<\/em><\/strong><\/a><em>.<\/em><\/p>\n<\/div>\n","protected":false},"excerpt":{"rendered":"<div>\n<div>\n<figure><img decoding=\"async\" src=\"https:\/\/uploads.acordacidade.com.br\/2025\/08\/Viitima-Vonicius-Silva.webp\" alt=\"Jovem de 22 anos \u00e9 morto a facadas dentro de resid\u00eancia em Feira de Santana\"><figcaption>Vin\u00edcius Silva dos Santos, de 22 anos<\/figcaption><\/figure>\n<\/div>\n<p>Vin\u00edcius Silva dos Santos, de 22 anos, foi morto na tarde deste s\u00e1bado (30). O corpo dele foi encontrado em uma resid\u00eancia, no bairro Tomba.<\/p><\/div>\n","protected":false},"author":1,"featured_media":99109,"comment_status":"closed","ping_status":"closed","sticky":false,"template":"","format":"gallery","meta":{"footnotes":""},"categories":[8,9,6,57,56,10],"tags":[],"class_list":["post-99108","post","type-post","status-publish","format-gallery","has-post-thumbnail","hentry","category-bahia","category-brasil","category-feira-de-santana","category-mundo","category-policia","category-politica","post_format-post-format-gallery"],"featured_image_urls":{"full":["https:\/\/noticiasbahia360.com.br\/wp-content\/uploads\/2025\/08\/Viitima-Vonicius-Silva.webp",1200,900,false],"thumbnail":["https:\/\/noticiasbahia360.com.br\/wp-content\/uploads\/2025\/08\/Viitima-Vonicius-Silva-150x150.webp",150,150,true],"medium":["https:\/\/noticiasbahia360.com.br\/wp-content\/uploads\/2025\/08\/Viitima-Vonicius-Silva-300x225.webp",300,225,true],"medium_large":["https:\/\/noticiasbahia360.com.br\/wp-content\/uploads\/2025\/08\/Viitima-Vonicius-Silva-768x576.webp",640,480,true],"large":["https:\/\/noticiasbahia360.com.br\/wp-content\/uploads\/2025\/08\/Viitima-Vonicius-Silva-1024x768.webp",640,480,true],"1536x1536":["https:\/\/noticiasbahia360.com.br\/wp-content\/uploads\/2025\/08\/Viitima-Vonicius-Silva.webp",1200,900,false],"2048x2048":["https:\/\/noticiasbahia360.com.br\/wp-content\/uploads\/2025\/08\/Viitima-Vonicius-Silva.webp",1200,900,false],"chromenews-featured":["https:\/\/noticiasbahia360.com.br\/wp-content\/uploads\/2025\/08\/Viitima-Vonicius-Silva-1024x768.webp",1024,768,true],"chromenews-large":["https:\/\/noticiasbahia360.com.br\/wp-content\/uploads\/2025\/08\/Viitima-Vonicius-Silva-825x575.webp",825,575,true],"chromenews-medium":["https:\/\/noticiasbahia360.com.br\/wp-content\/uploads\/2025\/08\/Viitima-Vonicius-Silva-590x410.webp",590,410,true]},"author_info":{"display_name":"noticiasbahia360.com.br","author_link":"https:\/\/noticiasbahia360.com.br\/?author=1"},"category_info":"<a href=\"https:\/\/noticiasbahia360.com.br\/?cat=8\" rel=\"category\">Bahia<\/a> <a href=\"https:\/\/noticiasbahia360.com.br\/?cat=9\" rel=\"category\">Brasil<\/a> <a href=\"https:\/\/noticiasbahia360.com.br\/?cat=6\" rel=\"category\">Feira de Santana<\/a> <a href=\"https:\/\/noticiasbahia360.com.br\/?cat=57\" rel=\"category\">Mundo<\/a> <a href=\"https:\/\/noticiasbahia360.com.br\/?cat=56\" rel=\"category\">Pol\u00edcia<\/a> <a href=\"https:\/\/noticiasbahia360.com.br\/?cat=10\" rel=\"category\">Pol\u00edtica<\/a>","tag_info":"Pol\u00edtica","comment_count":"0","_links":{"self":[{"href":"https:\/\/noticiasbahia360.com.br\/index.php?rest_route=\/wp\/v2\/posts\/99108","targetHints":{"allow":["GET"]}}],"collection":[{"href":"https:\/\/noticiasbahia360.com.br\/index.php?rest_route=\/wp\/v2\/posts"}],"about":[{"href":"https:\/\/noticiasbahia360.com.br\/index.php?rest_route=\/wp\/v2\/types\/post"}],"author":[{"embeddable":true,"href":"https:\/\/noticiasbahia360.com.br\/index.php?rest_route=\/wp\/v2\/users\/1"}],"replies":[{"embeddable":true,"href":"https:\/\/noticiasbahia360.com.br\/index.php?rest_route=%2Fwp%2Fv2%2Fcomments&post=99108"}],"version-history":[{"count":0,"href":"https:\/\/noticiasbahia360.com.br\/index.php?rest_route=\/wp\/v2\/posts\/99108\/revisions"}],"wp:featuredmedia":[{"embeddable":true,"href":"https:\/\/noticiasbahia360.com.br\/index.php?rest_route=\/wp\/v2\/media\/99109"}],"wp:attachment":[{"href":"https:\/\/noticiasbahia360.com.br\/index.php?rest_route=%2Fwp%2Fv2%2Fmedia&parent=99108"}],"wp:term":[{"taxonomy":"category","embeddable":true,"href":"https:\/\/noticiasbahia360.com.br\/index.php?rest_route=%2Fwp%2Fv2%2Fcategories&post=99108"},{"taxonomy":"post_tag","embeddable":true,"href":"https:\/\/noticiasbahia360.com.br\/index.php?rest_route=%2Fwp%2Fv2%2Ftags&post=99108"}],"curies":[{"name":"wp","href":"https:\/\/api.w.org\/{rel}","templated":true}]}}