{"id":99110,"date":"2025-08-30T23:25:31","date_gmt":"2025-08-31T02:25:31","guid":{"rendered":"https:\/\/noticiasbahia360.com.br\/?p=99110"},"modified":"2025-08-30T23:25:31","modified_gmt":"2025-08-31T02:25:31","slug":"acidente-entre-moto-e-carreta-mata-jovem-de-19-anos-ele-chegou-a-ter-o-braco-amputado","status":"publish","type":"post","link":"https:\/\/noticiasbahia360.com.br\/?p=99110","title":{"rendered":"Acidente entre moto e carreta mata jovem de 19 anos; ele chegou a ter o bra\u00e7o amputado"},"content":{"rendered":"<div>\n<div>\n<figure><img decoding=\"async\" src=\"http:\/\/noticiasbahia360.com.br\/wp-content\/uploads\/2025\/08\/emergencia-HGCA-foto-Ney-Silva-Acorda-Cidade-3.jpg\" alt=\"emerg\u00eancia - HGCA - jovem - acidente\"><figcaption>Ilustrativa | Foto: Ney Silva\/Acorda Cidade <\/figcaption><\/figure>\n<\/div>\n<p>Um acidente entre uma moto e uma carreta matou o jovem Kau\u00e3 Santos Silva, de 19 anos. Ele chegou a ser socorrido e levado para a UPA de Euclides da Cunha, mas devido \u00e0 gravidade dos ferimentos precisou ser transferido para o Hospital Geral Cl\u00e9riston Andrade (<a href=\"https:\/\/www.acordacidade.com.br\/tag\/hgca\/\">HGCA<\/a>), em Feira de Santana.<\/p>\n<p>Segundo informa\u00e7\u00f5es apuradas pelo Acorda Cidade com a pol\u00edcia, o acidente provocou a amputa\u00e7\u00e3o traum\u00e1tica do bra\u00e7o esquerdo do jovem. No momento, ele foi socorrido por um motorista e encaminhado para a UPA de Euclides da Cunha. Logo depois foi transferido ao HGCA, mas n\u00e3o resistiu e morreu na tarde deste s\u00e1bado (30).<\/p>\n<p>N\u00e3o h\u00e1 detalhes de como o acidente aconteceu, nem o local exato da ocorr\u00eancia.<\/p>\n<p><em>Com informa\u00e7\u00f5es do rep\u00f3rter Ney Silva do Acorda Cidade<\/em><\/p>\n<p><em>Siga o Acorda Cidade no<\/em><a href=\"https:\/\/news.google.com\/search?q=acorda%20cidade&amp;hl=pt-BR&amp;gl=BR&amp;ceid=BR%3Apt-419\"><strong><em>\u00a0Google Not\u00edcias<\/em><\/strong><\/a><em>\u00a0e receba os principais destaques do dia. Participe tamb\u00e9m dos nossos canais no\u00a0<\/em><a href=\"https:\/\/www.whatsapp.com\/channel\/0029Va6Rb4v3WHTNnsh8WI3N\"><strong><em>WhatsApp<\/em><\/strong><\/a><em>\u00a0e\u00a0<\/em><a href=\"https:\/\/www.youtube.com\/@acordacidadenoticias\/videos\"><strong>YouTube<\/strong><\/a><em>\u00a0e grupo de\u00a0<\/em><a href=\"https:\/\/t.me\/+sSz0khrgARA0ZmRh\"><strong><em>Telegram<\/em><\/strong><\/a><em>.<\/em><\/p>\n<\/div>\n","protected":false},"excerpt":{"rendered":"<div>\n<div>\n<figure><img decoding=\"async\" src=\"https:\/\/uploads.acordacidade.com.br\/wp-content\/uploads\/2024\/03\/13094901\/emergencia-HGCA-foto-Ney-Silva-Acorda-Cidade.jpg\" alt=\"emerg\u00eancia - HGCA - jovem - acidente\"><figcaption>Ilustrativa | Foto: Ney Silva\/Acorda Cidade <\/figcaption><\/figure>\n<\/div>\n<p>No momento do acidente, ele foi socorrido por um motorista e encaminhado para a UPA de Euclides da Cunha. Depois chegou ao HGCA onde faleceu.<\/p><\/div>\n","protected":false},"author":1,"featured_media":99111,"comment_status":"closed","ping_status":"closed","sticky":false,"template":"","format":"gallery","meta":{"footnotes":""},"categories":[8,9,6,57,56,10],"tags":[],"class_list":["post-99110","post","type-post","status-publish","format-gallery","has-post-thumbnail","hentry","category-bahia","category-brasil","category-feira-de-santana","category-mundo","category-policia","category-politica","post_format-post-format-gallery"],"featured_image_urls":{"full":["https:\/\/noticiasbahia360.com.br\/wp-content\/uploads\/2025\/08\/emergencia-HGCA-foto-Ney-Silva-Acorda-Cidade-3.jpg",640,396,false],"thumbnail":["https:\/\/noticiasbahia360.com.br\/wp-content\/uploads\/2025\/08\/emergencia-HGCA-foto-Ney-Silva-Acorda-Cidade-3-150x150.jpg",150,150,true],"medium":["https:\/\/noticiasbahia360.com.br\/wp-content\/uploads\/2025\/08\/emergencia-HGCA-foto-Ney-Silva-Acorda-Cidade-3-300x186.jpg",300,186,true],"medium_large":["https:\/\/noticiasbahia360.com.br\/wp-content\/uploads\/2025\/08\/emergencia-HGCA-foto-Ney-Silva-Acorda-Cidade-3.jpg",640,396,false],"large":["https:\/\/noticiasbahia360.com.br\/wp-content\/uploads\/2025\/08\/emergencia-HGCA-foto-Ney-Silva-Acorda-Cidade-3.jpg",640,396,false],"1536x1536":["https:\/\/noticiasbahia360.com.br\/wp-content\/uploads\/2025\/08\/emergencia-HGCA-foto-Ney-Silva-Acorda-Cidade-3.jpg",640,396,false],"2048x2048":["https:\/\/noticiasbahia360.com.br\/wp-content\/uploads\/2025\/08\/emergencia-HGCA-foto-Ney-Silva-Acorda-Cidade-3.jpg",640,396,false],"chromenews-featured":["https:\/\/noticiasbahia360.com.br\/wp-content\/uploads\/2025\/08\/emergencia-HGCA-foto-Ney-Silva-Acorda-Cidade-3.jpg",640,396,false],"chromenews-large":["https:\/\/noticiasbahia360.com.br\/wp-content\/uploads\/2025\/08\/emergencia-HGCA-foto-Ney-Silva-Acorda-Cidade-3.jpg",640,396,false],"chromenews-medium":["https:\/\/noticiasbahia360.com.br\/wp-content\/uploads\/2025\/08\/emergencia-HGCA-foto-Ney-Silva-Acorda-Cidade-3-590x396.jpg",590,396,true]},"author_info":{"display_name":"noticiasbahia360.com.br","author_link":"https:\/\/noticiasbahia360.com.br\/?author=1"},"category_info":"<a href=\"https:\/\/noticiasbahia360.com.br\/?cat=8\" rel=\"category\">Bahia<\/a> <a href=\"https:\/\/noticiasbahia360.com.br\/?cat=9\" rel=\"category\">Brasil<\/a> <a href=\"https:\/\/noticiasbahia360.com.br\/?cat=6\" rel=\"category\">Feira de Santana<\/a> <a href=\"https:\/\/noticiasbahia360.com.br\/?cat=57\" rel=\"category\">Mundo<\/a> <a href=\"https:\/\/noticiasbahia360.com.br\/?cat=56\" rel=\"category\">Pol\u00edcia<\/a> <a href=\"https:\/\/noticiasbahia360.com.br\/?cat=10\" rel=\"category\">Pol\u00edtica<\/a>","tag_info":"Pol\u00edtica","comment_count":"0","_links":{"self":[{"href":"https:\/\/noticiasbahia360.com.br\/index.php?rest_route=\/wp\/v2\/posts\/99110","targetHints":{"allow":["GET"]}}],"collection":[{"href":"https:\/\/noticiasbahia360.com.br\/index.php?rest_route=\/wp\/v2\/posts"}],"about":[{"href":"https:\/\/noticiasbahia360.com.br\/index.php?rest_route=\/wp\/v2\/types\/post"}],"author":[{"embeddable":true,"href":"https:\/\/noticiasbahia360.com.br\/index.php?rest_route=\/wp\/v2\/users\/1"}],"replies":[{"embeddable":true,"href":"https:\/\/noticiasbahia360.com.br\/index.php?rest_route=%2Fwp%2Fv2%2Fcomments&post=99110"}],"version-history":[{"count":0,"href":"https:\/\/noticiasbahia360.com.br\/index.php?rest_route=\/wp\/v2\/posts\/99110\/revisions"}],"wp:featuredmedia":[{"embeddable":true,"href":"https:\/\/noticiasbahia360.com.br\/index.php?rest_route=\/wp\/v2\/media\/99111"}],"wp:attachment":[{"href":"https:\/\/noticiasbahia360.com.br\/index.php?rest_route=%2Fwp%2Fv2%2Fmedia&parent=99110"}],"wp:term":[{"taxonomy":"category","embeddable":true,"href":"https:\/\/noticiasbahia360.com.br\/index.php?rest_route=%2Fwp%2Fv2%2Fcategories&post=99110"},{"taxonomy":"post_tag","embeddable":true,"href":"https:\/\/noticiasbahia360.com.br\/index.php?rest_route=%2Fwp%2Fv2%2Ftags&post=99110"}],"curies":[{"name":"wp","href":"https:\/\/api.w.org\/{rel}","templated":true}]}}