{"id":99114,"date":"2025-08-31T06:40:19","date_gmt":"2025-08-31T09:40:19","guid":{"rendered":"https:\/\/noticiasbahia360.com.br\/?p=99114"},"modified":"2025-08-31T06:40:19","modified_gmt":"2025-08-31T09:40:19","slug":"fantastico-mostra-historia-de-empresaria-de-brumado-que-entrou-em-coma-apos-excesso-de-vitaminas","status":"publish","type":"post","link":"https:\/\/noticiasbahia360.com.br\/?p=99114","title":{"rendered":"Fant\u00e1stico mostra hist\u00f3ria de empres\u00e1ria de Brumado que entrou em coma ap\u00f3s excesso de vitaminas"},"content":{"rendered":"<div>\n<div>\n<figure><img decoding=\"async\" src=\"http:\/\/noticiasbahia360.com.br\/wp-content\/uploads\/2025\/08\/0914-achei-sudoeste-brumado-perinalva-dias-da-silva.webp\" alt=\"Fant\u00e1stico mostra hist\u00f3ria de empres\u00e1ria de Brumado que entrou em coma ap\u00f3s excesso de vitaminas\"><figcaption>Foto: Reprodu\u00e7\u00e3o\/TV Globo<\/figcaption><\/figure>\n<\/div>\n<p>O programa Fant\u00e1stico, da TV Globo, vai exibir neste domingo (31) a hist\u00f3ria da empres\u00e1ria Perinalva Dias da Silva, da cidade de Brumado, dona do Grupo Pax Nacional. Ela sobreviveu a um grave quadro de sa\u00fade provocado por uma hipervitaminose \u2014 condi\u00e7\u00e3o rara resultante do consumo exagerado de suplementos.<\/p>\n<p>Segundo informa\u00e7\u00f5es antecipadas pelo site Achei Sudoeste, parceiro do Acorda Cidade, a ingest\u00e3o inadequada desses produtos levou Perinalva a um estado de intoxica\u00e7\u00e3o que comprometeu \u00f3rg\u00e3os vitais e a deixou em coma. A fam\u00edlia contou que durante o per\u00edodo de interna\u00e7\u00e3o, ela passou por procedimentos m\u00e9dicos delicados e precisou de acompanhamento intensivo at\u00e9 apresentar melhora.<\/p>\n<p>A recupera\u00e7\u00e3o da empres\u00e1ria chama aten\u00e7\u00e3o n\u00e3o apenas pela supera\u00e7\u00e3o, mas tamb\u00e9m pelo alerta que traz sobre o uso indiscriminado de vitaminas, pr\u00e1tica cada vez mais frequente entre brasileiros. Especialistas refor\u00e7am que, mesmo liberados para venda, suplementos podem causar s\u00e9rios riscos quando consumidos sem orienta\u00e7\u00e3o m\u00e9dica.<\/p>\n<p>No programa, Perinalva vai relatar os desafios vividos no tratamento, os impactos f\u00edsicos e emocionais do coma e como conseguiu retomar a rotina. Sua experi\u00eancia refor\u00e7a a import\u00e2ncia do equil\u00edbrio entre o cuidado com a sa\u00fade e a vida profissional, al\u00e9m de servir como alerta contra a automedica\u00e7\u00e3o, cada dia mais comum entre as pessoas.<\/p>\n<p><em>Siga o Acorda Cidade no<\/em><a href=\"https:\/\/news.google.com\/search?q=acorda%20cidade&amp;hl=pt-BR&amp;gl=BR&amp;ceid=BR%3Apt-419\"><strong><em>\u00a0Google Not\u00edcias<\/em><\/strong><\/a><em>\u00a0e receba os principais destaques do dia. Participe tamb\u00e9m dos nossos canais no\u00a0<\/em><a href=\"https:\/\/www.whatsapp.com\/channel\/0029Va6Rb4v3WHTNnsh8WI3N\"><strong><em>WhatsApp<\/em><\/strong><\/a><em>\u00a0e\u00a0<\/em><a href=\"https:\/\/www.youtube.com\/@acordacidadenoticias\/videos\"><strong>YouTube<\/strong><\/a><em>\u00a0e grupo de\u00a0<\/em><a href=\"https:\/\/t.me\/+sSz0khrgARA0ZmRh\"><strong><em>Telegram<\/em><\/strong><\/a><em>.<\/em><\/p>\n<\/p>\n<\/div>\n","protected":false},"excerpt":{"rendered":"<div>\n<div>\n<figure><img decoding=\"async\" src=\"https:\/\/uploads.acordacidade.com.br\/2025\/08\/0914-achei-sudoeste-brumado-perinalva-dias-da-silva.webp\" alt=\"Fant\u00e1stico mostra hist\u00f3ria de empres\u00e1ria de Brumado que entrou em coma ap\u00f3s excesso de vitaminas\"><figcaption>Foto: Reprodu\u00e7\u00e3o\/TV Globo<\/figcaption><\/figure>\n<\/div>\n<p>A recupera\u00e7\u00e3o da empres\u00e1ria chama aten\u00e7\u00e3o n\u00e3o apenas pela supera\u00e7\u00e3o, mas tamb\u00e9m pelo alerta que traz sobre o uso indiscriminado de vitaminas.<\/p><\/div>\n","protected":false},"author":1,"featured_media":99115,"comment_status":"closed","ping_status":"closed","sticky":false,"template":"","format":"gallery","meta":{"footnotes":""},"categories":[8,9,6,57,56,10],"tags":[],"class_list":["post-99114","post","type-post","status-publish","format-gallery","has-post-thumbnail","hentry","category-bahia","category-brasil","category-feira-de-santana","category-mundo","category-policia","category-politica","post_format-post-format-gallery"],"featured_image_urls":{"full":["https:\/\/noticiasbahia360.com.br\/wp-content\/uploads\/2025\/08\/0914-achei-sudoeste-brumado-perinalva-dias-da-silva.webp",1200,800,false],"thumbnail":["https:\/\/noticiasbahia360.com.br\/wp-content\/uploads\/2025\/08\/0914-achei-sudoeste-brumado-perinalva-dias-da-silva-150x150.webp",150,150,true],"medium":["https:\/\/noticiasbahia360.com.br\/wp-content\/uploads\/2025\/08\/0914-achei-sudoeste-brumado-perinalva-dias-da-silva-300x200.webp",300,200,true],"medium_large":["https:\/\/noticiasbahia360.com.br\/wp-content\/uploads\/2025\/08\/0914-achei-sudoeste-brumado-perinalva-dias-da-silva-768x512.webp",640,427,true],"large":["https:\/\/noticiasbahia360.com.br\/wp-content\/uploads\/2025\/08\/0914-achei-sudoeste-brumado-perinalva-dias-da-silva-1024x683.webp",640,427,true],"1536x1536":["https:\/\/noticiasbahia360.com.br\/wp-content\/uploads\/2025\/08\/0914-achei-sudoeste-brumado-perinalva-dias-da-silva.webp",1200,800,false],"2048x2048":["https:\/\/noticiasbahia360.com.br\/wp-content\/uploads\/2025\/08\/0914-achei-sudoeste-brumado-perinalva-dias-da-silva.webp",1200,800,false],"chromenews-featured":["https:\/\/noticiasbahia360.com.br\/wp-content\/uploads\/2025\/08\/0914-achei-sudoeste-brumado-perinalva-dias-da-silva-1024x683.webp",1024,683,true],"chromenews-large":["https:\/\/noticiasbahia360.com.br\/wp-content\/uploads\/2025\/08\/0914-achei-sudoeste-brumado-perinalva-dias-da-silva-825x575.webp",825,575,true],"chromenews-medium":["https:\/\/noticiasbahia360.com.br\/wp-content\/uploads\/2025\/08\/0914-achei-sudoeste-brumado-perinalva-dias-da-silva-590x410.webp",590,410,true]},"author_info":{"display_name":"noticiasbahia360.com.br","author_link":"https:\/\/noticiasbahia360.com.br\/?author=1"},"category_info":"<a href=\"https:\/\/noticiasbahia360.com.br\/?cat=8\" rel=\"category\">Bahia<\/a> <a href=\"https:\/\/noticiasbahia360.com.br\/?cat=9\" rel=\"category\">Brasil<\/a> <a href=\"https:\/\/noticiasbahia360.com.br\/?cat=6\" rel=\"category\">Feira de Santana<\/a> <a href=\"https:\/\/noticiasbahia360.com.br\/?cat=57\" rel=\"category\">Mundo<\/a> <a href=\"https:\/\/noticiasbahia360.com.br\/?cat=56\" rel=\"category\">Pol\u00edcia<\/a> <a href=\"https:\/\/noticiasbahia360.com.br\/?cat=10\" rel=\"category\">Pol\u00edtica<\/a>","tag_info":"Pol\u00edtica","comment_count":"0","_links":{"self":[{"href":"https:\/\/noticiasbahia360.com.br\/index.php?rest_route=\/wp\/v2\/posts\/99114","targetHints":{"allow":["GET"]}}],"collection":[{"href":"https:\/\/noticiasbahia360.com.br\/index.php?rest_route=\/wp\/v2\/posts"}],"about":[{"href":"https:\/\/noticiasbahia360.com.br\/index.php?rest_route=\/wp\/v2\/types\/post"}],"author":[{"embeddable":true,"href":"https:\/\/noticiasbahia360.com.br\/index.php?rest_route=\/wp\/v2\/users\/1"}],"replies":[{"embeddable":true,"href":"https:\/\/noticiasbahia360.com.br\/index.php?rest_route=%2Fwp%2Fv2%2Fcomments&post=99114"}],"version-history":[{"count":0,"href":"https:\/\/noticiasbahia360.com.br\/index.php?rest_route=\/wp\/v2\/posts\/99114\/revisions"}],"wp:featuredmedia":[{"embeddable":true,"href":"https:\/\/noticiasbahia360.com.br\/index.php?rest_route=\/wp\/v2\/media\/99115"}],"wp:attachment":[{"href":"https:\/\/noticiasbahia360.com.br\/index.php?rest_route=%2Fwp%2Fv2%2Fmedia&parent=99114"}],"wp:term":[{"taxonomy":"category","embeddable":true,"href":"https:\/\/noticiasbahia360.com.br\/index.php?rest_route=%2Fwp%2Fv2%2Fcategories&post=99114"},{"taxonomy":"post_tag","embeddable":true,"href":"https:\/\/noticiasbahia360.com.br\/index.php?rest_route=%2Fwp%2Fv2%2Ftags&post=99114"}],"curies":[{"name":"wp","href":"https:\/\/api.w.org\/{rel}","templated":true}]}}