{"id":99116,"date":"2025-08-31T07:06:02","date_gmt":"2025-08-31T10:06:02","guid":{"rendered":"https:\/\/noticiasbahia360.com.br\/?p=99116"},"modified":"2025-08-31T07:06:02","modified_gmt":"2025-08-31T10:06:02","slug":"resistencia-ao-uso-de-preservativos-pode-explicar-aumento-de-hiv-aids-entre-jovens-em-feira-de-santana-alerta-viep","status":"publish","type":"post","link":"https:\/\/noticiasbahia360.com.br\/?p=99116","title":{"rendered":"Resist\u00eancia ao uso de preservativos pode explicar aumento de HIV\/Aids entre jovens em Feira de Santana, alerta Viep"},"content":{"rendered":"<div>\n<div>\n<figure><img decoding=\"async\" src=\"http:\/\/noticiasbahia360.com.br\/wp-content\/uploads\/2025\/08\/sms-secom-hiv-teste-aids-testagem-ist-prefeitura-reproducao.jpg\" alt=\"HIV\"><figcaption>Foto: Secom<\/figcaption><\/figure>\n<\/div>\n<p>Feira de Santana registrou em 2025, um aumento no n\u00famero de casos de HIV\/Aids diagnosticados em compara\u00e7\u00e3o com o ano anterior. A reportagem do Acorda Cidade conversou com Verena Liberal, coordenadora da Vigil\u00e2ncia Epidemiol\u00f3gica que falou sobre o p\u00fablico mais atingido, e analisou a que se deve este aumento.<\/p>\n<p>Entre janeiro e julho deste ano, 213 pessoas receberam o diagn\u00f3stico positivo, no mesmo per\u00edodo em 2024, o n\u00famero foi de 193. A faixa et\u00e1ria predominante em 2025 foram os jovens entre 19 e 24 anos. Verena destacou que esse \u00e9 um p\u00fablico que tem apresentado resist\u00eancia em rela\u00e7\u00e3o a prote\u00e7\u00e3o na hora da rela\u00e7\u00e3o sexual.<\/p>\n<figure class=\"wp-block-image size-large\"><img fetchpriority=\"high\" fetchpriority=\"high\" decoding=\"async\" width=\"1024\" height=\"768\" src=\"http:\/\/noticiasbahia360.com.br\/wp-content\/uploads\/2025\/08\/veerena-liberal-coordenadora-viep-feira-de-santana-foto-ney-silva-acorda-cidade-1024x768-1.jpg\" alt=\"Verena Liberal, coordenadora da Viep\" class=\"wp-image-585717\" srcset=\"https:\/\/uploads.acordacidade.com.br\/2025\/08\/veerena-liberal-coordenadora-viep-feira-de-santana-foto-ney-silva-acorda-cidade-487x365.jpg 487w, http:\/\/noticiasbahia360.com.br\/wp-content\/uploads\/2025\/08\/veerena-liberal-coordenadora-viep-feira-de-santana-foto-ney-silva-acorda-cidade-1024x768-1.jpg 1024w, https:\/\/uploads.acordacidade.com.br\/2025\/08\/veerena-liberal-coordenadora-viep-feira-de-santana-foto-ney-silva-acorda-cidade-737x553.jpg 737w, https:\/\/uploads.acordacidade.com.br\/2025\/08\/veerena-liberal-coordenadora-viep-feira-de-santana-foto-ney-silva-acorda-cidade-140x105.jpg 140w, https:\/\/uploads.acordacidade.com.br\/2025\/08\/veerena-liberal-coordenadora-viep-feira-de-santana-foto-ney-silva-acorda-cidade-316x237.jpg 316w, https:\/\/uploads.acordacidade.com.br\/2025\/08\/veerena-liberal-coordenadora-viep-feira-de-santana-foto-ney-silva-acorda-cidade-150x113.jpg 150w, https:\/\/uploads.acordacidade.com.br\/2025\/08\/veerena-liberal-coordenadora-viep-feira-de-santana-foto-ney-silva-acorda-cidade.jpg 1200w\" sizes=\"(max-width: 1024px) 100vw, 1024px\"><figcaption class=\"wp-element-caption\">Verena Liberal, coordenadora da Viep \u2013 Foto: Ney Silva\/Acorda Cidade<\/figcaption><\/figure>\n<p>\u201cMuitos deles ainda n\u00e3o viveram o impacto do que a gente passou em d\u00e9cadas anteriores, a respeito do HIV\/Aids, e a gente observa que existe uma banaliza\u00e7\u00e3o do cuidado. Ent\u00e3o, a gente tem insistido muito nisso para voltar o foco para a preven\u00e7\u00e3o, para a prote\u00e7\u00e3o. A gente sabe que \u00e9 um adoecimento que tem como se proteger.\u201d<\/p>\n<p>Verena ressalta que boa parte da preocupa\u00e7\u00e3o do p\u00fablico jovem est\u00e1 mais voltada para evitar a gesta\u00e7\u00e3o na juventude, e o cuidado com as ISTs acaba ficando de lado.<\/p>\n<p>\u201c\u00c9 importante a gente j\u00e1 come\u00e7ar elucidando que existem diferen\u00e7as. A gente tem os m\u00e9todos contraceptivos e muitas vezes a gente observa que a sociedade se preocupa em n\u00e3o ter uma gravidez precoce. Mas a gente esquece que o sexo seguro, deve ser al\u00e9m de evitar a gravidez precoce, evitar as ISTs. E uma das formas mais graves da ISTs \u00e9 exatamente o HIV\/Aids, mas existem tamb\u00e9m\u00a0outras que a gente pode estar se protegendo.\u201d<\/p>\n<p>Al\u00e9m do p\u00fablico espec\u00edfico, Verena ressalta que h\u00e1 uma resist\u00eancia em geral das pessoas de todas as idades em realizar a testagem, por acreditar que n\u00e3o est\u00e3o suscet\u00edveis ao v\u00edrus. Verena considera que o aumento tamb\u00e9m pode ter sido registrado devido a amplia\u00e7\u00e3o da testagem que alcan\u00e7ou mais pessoas.<\/p>\n<p>\u201cHoje, a gente tem testagens que est\u00e3o mais dispon\u00edveis \u00e0 popula\u00e7\u00e3o em eventos, e nas pr\u00f3prias unidades de sa\u00fade. Ent\u00e3o a gente tem feito um rastreio mais persistente na comunidade, com o objetivo de identificar esses casos de forma precoce, para que a gente possa atuar tanto na dissemina\u00e7\u00e3o da doen\u00e7a, quanto no tratamento desses novos diagn\u00f3sticos\u201d, pontuou.<\/p>\n<p>Dentro do servi\u00e7o de assistencialidade est\u00e3o a oferta de preservativos gratuitos; oferta dos testes r\u00e1pidos, em que o resultado leva 15 minutos para ficar dispon\u00edvel; o oferecimento do PrEP (Profilaxia Pr\u00e9-Exposi\u00e7\u00e3o), medicamento que previne a infec\u00e7\u00e3o em pessoas com maior risco de exposi\u00e7\u00e3o ao v\u00edrus.<\/p>\n<p>Para ter acesso ao Prep, \u00e9 necess\u00e1rio buscar o centro de Especialidade (CSE) localizado na rua Geminiano Costa, s\/n, centro da cidade. A testagem est\u00e1 dispon\u00edvel em todas as Unidades B\u00e1sicas de Sa\u00fade da cidade.<\/p>\n<p>Segundo Verena, a Viep almeja futuramente descentralizar tamb\u00e9m o acesso ao tratamento para que mais unidades realizem o acompanhamento.<\/p>\n<p>\u201cTodo adoecimento, quando a gente tem um diagn\u00f3stico precoce, a gente tem uma chance de fazer um tratamento dessa doen\u00e7a e ter menos repercuss\u00f5es na sa\u00fade do indiv\u00edduo. \u00c9 uma a\u00e7\u00e3o que a gente vai continuar insistindo, porque a gente entende que \u00e9 importante continuar vigiando a sa\u00fade da nossa popula\u00e7\u00e3o\u201d, concluiu.<\/p>\n<p><em>Com informa\u00e7\u00f5es do rep\u00f3rter Ney Silva do Acorda Cidade<\/em><\/p>\n<p><em>Siga o Acorda Cidade no<\/em><a href=\"https:\/\/news.google.com\/search?q=acorda%20cidade&amp;hl=pt-BR&amp;gl=BR&amp;ceid=BR%3Apt-419\"><strong><em> Google Not\u00edcias<\/em><\/strong><\/a><em> e receba os principais destaques do dia. Participe tamb\u00e9m dos nossos canais no <\/em><a href=\"https:\/\/whatsapp.com\/channel\/0029Va6Rb4v3WHTNnsh8WI3N\"><strong><em>WhatsApp<\/em><\/strong><\/a><em> e <\/em><a href=\"https:\/\/www.youtube.com\/@acordacidadenoticias\/videos\"><strong>Youtube<\/strong><\/a><em> e grupo de <\/em><a href=\"https:\/\/t.me\/+sSz0khrgARA0ZmRh\"><strong><em>Telegram<\/em><\/strong><\/a><em>.<\/em><\/p>\n<\/div>\n","protected":false},"excerpt":{"rendered":"<div>\n<div>\n<figure><img decoding=\"async\" src=\"https:\/\/uploads.acordacidade.com.br\/wp-content\/uploads\/2022\/12\/16153543\/sms-secom-hiv-teste-aids-testagem-ist-prefeitura-reproducao.jpg\" alt=\"HIV\"><figcaption>Foto: Secom<\/figcaption><\/figure>\n<\/div>\n<p>O p\u00fablico jovem foi o mais afetado entre os casos registrados neste ano na cidade. no mesmo per\u00edodo em 2024, o n\u00famero foi de 193.<\/p><\/div>\n","protected":false},"author":1,"featured_media":99117,"comment_status":"closed","ping_status":"closed","sticky":false,"template":"","format":"gallery","meta":{"footnotes":""},"categories":[8,9,6,57,56,10],"tags":[],"class_list":["post-99116","post","type-post","status-publish","format-gallery","has-post-thumbnail","hentry","category-bahia","category-brasil","category-feira-de-santana","category-mundo","category-policia","category-politica","post_format-post-format-gallery"],"featured_image_urls":{"full":["https:\/\/noticiasbahia360.com.br\/wp-content\/uploads\/2025\/08\/sms-secom-hiv-teste-aids-testagem-ist-prefeitura-reproducao.jpg",1306,660,false],"thumbnail":["https:\/\/noticiasbahia360.com.br\/wp-content\/uploads\/2025\/08\/sms-secom-hiv-teste-aids-testagem-ist-prefeitura-reproducao-150x150.jpg",150,150,true],"medium":["https:\/\/noticiasbahia360.com.br\/wp-content\/uploads\/2025\/08\/sms-secom-hiv-teste-aids-testagem-ist-prefeitura-reproducao-300x152.jpg",300,152,true],"medium_large":["https:\/\/noticiasbahia360.com.br\/wp-content\/uploads\/2025\/08\/sms-secom-hiv-teste-aids-testagem-ist-prefeitura-reproducao-768x388.jpg",640,323,true],"large":["https:\/\/noticiasbahia360.com.br\/wp-content\/uploads\/2025\/08\/sms-secom-hiv-teste-aids-testagem-ist-prefeitura-reproducao-1024x517.jpg",640,323,true],"1536x1536":["https:\/\/noticiasbahia360.com.br\/wp-content\/uploads\/2025\/08\/sms-secom-hiv-teste-aids-testagem-ist-prefeitura-reproducao.jpg",1306,660,false],"2048x2048":["https:\/\/noticiasbahia360.com.br\/wp-content\/uploads\/2025\/08\/sms-secom-hiv-teste-aids-testagem-ist-prefeitura-reproducao.jpg",1306,660,false],"chromenews-featured":["https:\/\/noticiasbahia360.com.br\/wp-content\/uploads\/2025\/08\/sms-secom-hiv-teste-aids-testagem-ist-prefeitura-reproducao-1024x517.jpg",1024,517,true],"chromenews-large":["https:\/\/noticiasbahia360.com.br\/wp-content\/uploads\/2025\/08\/sms-secom-hiv-teste-aids-testagem-ist-prefeitura-reproducao-825x575.jpg",825,575,true],"chromenews-medium":["https:\/\/noticiasbahia360.com.br\/wp-content\/uploads\/2025\/08\/sms-secom-hiv-teste-aids-testagem-ist-prefeitura-reproducao-590x410.jpg",590,410,true]},"author_info":{"display_name":"noticiasbahia360.com.br","author_link":"https:\/\/noticiasbahia360.com.br\/?author=1"},"category_info":"<a href=\"https:\/\/noticiasbahia360.com.br\/?cat=8\" rel=\"category\">Bahia<\/a> <a href=\"https:\/\/noticiasbahia360.com.br\/?cat=9\" rel=\"category\">Brasil<\/a> <a href=\"https:\/\/noticiasbahia360.com.br\/?cat=6\" rel=\"category\">Feira de Santana<\/a> <a href=\"https:\/\/noticiasbahia360.com.br\/?cat=57\" rel=\"category\">Mundo<\/a> <a href=\"https:\/\/noticiasbahia360.com.br\/?cat=56\" rel=\"category\">Pol\u00edcia<\/a> <a href=\"https:\/\/noticiasbahia360.com.br\/?cat=10\" rel=\"category\">Pol\u00edtica<\/a>","tag_info":"Pol\u00edtica","comment_count":"0","_links":{"self":[{"href":"https:\/\/noticiasbahia360.com.br\/index.php?rest_route=\/wp\/v2\/posts\/99116","targetHints":{"allow":["GET"]}}],"collection":[{"href":"https:\/\/noticiasbahia360.com.br\/index.php?rest_route=\/wp\/v2\/posts"}],"about":[{"href":"https:\/\/noticiasbahia360.com.br\/index.php?rest_route=\/wp\/v2\/types\/post"}],"author":[{"embeddable":true,"href":"https:\/\/noticiasbahia360.com.br\/index.php?rest_route=\/wp\/v2\/users\/1"}],"replies":[{"embeddable":true,"href":"https:\/\/noticiasbahia360.com.br\/index.php?rest_route=%2Fwp%2Fv2%2Fcomments&post=99116"}],"version-history":[{"count":0,"href":"https:\/\/noticiasbahia360.com.br\/index.php?rest_route=\/wp\/v2\/posts\/99116\/revisions"}],"wp:featuredmedia":[{"embeddable":true,"href":"https:\/\/noticiasbahia360.com.br\/index.php?rest_route=\/wp\/v2\/media\/99117"}],"wp:attachment":[{"href":"https:\/\/noticiasbahia360.com.br\/index.php?rest_route=%2Fwp%2Fv2%2Fmedia&parent=99116"}],"wp:term":[{"taxonomy":"category","embeddable":true,"href":"https:\/\/noticiasbahia360.com.br\/index.php?rest_route=%2Fwp%2Fv2%2Fcategories&post=99116"},{"taxonomy":"post_tag","embeddable":true,"href":"https:\/\/noticiasbahia360.com.br\/index.php?rest_route=%2Fwp%2Fv2%2Ftags&post=99116"}],"curies":[{"name":"wp","href":"https:\/\/api.w.org\/{rel}","templated":true}]}}