{"id":99121,"date":"2025-08-31T08:10:10","date_gmt":"2025-08-31T11:10:10","guid":{"rendered":"https:\/\/noticiasbahia360.com.br\/?p=99121"},"modified":"2025-08-31T08:10:10","modified_gmt":"2025-08-31T11:10:10","slug":"espetaculo-quiteria-celebra-heroina-feirense-em-setembro-mes-da-independencia-e-dos-192-anos-de-feira-de-santana","status":"publish","type":"post","link":"https:\/\/noticiasbahia360.com.br\/?p=99121","title":{"rendered":"Espet\u00e1culo \u2018Quit\u00e9ria\u2019 celebra hero\u00edna feirense em setembro, m\u00eas da Independ\u00eancia e dos 192 anos de Feira de Santana"},"content":{"rendered":"<div>\n<div>\n<figure><img decoding=\"async\" src=\"http:\/\/noticiasbahia360.com.br\/wp-content\/uploads\/2025\/08\/espetaculo-quiteria-foto-gabriel-lima.jpg\" alt=\"Espet\u00e1culo Quit\u00e9ria\"><figcaption>Foto: Gabriel Lima<\/figcaption><\/figure>\n<\/div>\n<p>No m\u00eas em que Feira de Santana celebra 192 anos de emancipa\u00e7\u00e3o pol\u00edtica e o Brasil recorda a Independ\u00eancia, o projeto Feira Tem Teatro apresenta o espet\u00e1culo \u201cQuit\u00e9ria\u201d, que revive a trajet\u00f3ria da hero\u00edna feirense Maria Quit\u00e9ria de Jesus. As apresenta\u00e7\u00f5es acontecem nos dias 05 e 06 de setembro, \u00e0s 20h, no Teatro do Centro de Cultura Am\u00e9lio Amorim. Os ingressos est\u00e3o dispon\u00edveis pelo <a href=\"https:\/\/www.sympla.com.br\/evento\/quiteria\/3080709\" target=\"_blank\" rel=\"noreferrer noopener\">Sympla<\/a>.<\/p>\n<p>Com trilha sonora original do m\u00fasico Deco Sim\u00f5es, a pe\u00e7a mostra a hist\u00f3ria da jovem que rompeu barreiras sociais e se tornou a primeira mulher a integrar o Ex\u00e9rcito Brasileiro, tornando-se s\u00edmbolo de for\u00e7a feminina, coragem e liberdade. A montagem re\u00fane elenco local e tem dire\u00e7\u00e3o de Geovane Mascarenhas.<\/p>\n<p>\u201cAntes de montar o espet\u00e1culo, a gente fez uma pesquisa com a popula\u00e7\u00e3o de Feira de Santana e a \u00fanica refer\u00eancia que as pessoas tinham sobre Maria Quit\u00e9ria \u00e9 que ela se vestiu de homem para lutar na guerra. Poucos conhecem sua trajet\u00f3ria de vida. E \u00e9 uma hist\u00f3ria muito bonita e inspiradora. Essa pe\u00e7a \u00e9 uma forma de oportunizar que os feirenses conhe\u00e7am melhor essa conterr\u00e2nea que \u00e9 reconhecida mundialmente\u201d, afirma o diretor.<\/p>\n<p>Os ingressos para o espet\u00e1culo \u201cQuit\u00e9ria\u201d t\u00eam valor promocional de R$ 20 (meia antecipada) pelo Sympla. Na bilheteria, os pre\u00e7os ser\u00e3o R$ 40 (inteira) e R$ 20 (meia). A classifica\u00e7\u00e3o indicativa \u00e9 de 10 anos.<\/p>\n<p><strong>O FEIRA TEM TEATRO<\/strong><\/p>\n<p>Consolidado como uma das principais iniciativas de fortalecimento da cena teatral em Feira de Santana, o Feira Tem Teatro chega \u00e0 sua sexta edi\u00e7\u00e3o reafirmando o compromisso de valorizar e difundir a produ\u00e7\u00e3o art\u00edstica local. Ao longo de oito anos, o projeto se tornou parte do calend\u00e1rio cultural da cidade, atendendo \u00e0 crescente demanda do p\u00fablico por uma agenda teatral consistente e cont\u00ednua.<\/p>\n<p><strong>SERVI\u00c7O<\/strong><\/p>\n<p>Espet\u00e1culo: Quit\u00e9ria<br \/>Datas: 5 e 6 de setembro de 2025<br \/>Hor\u00e1rio: 20h<br \/>Local: Teatro do Centro de Cultura Am\u00e9lio Amorim \u2013 Feira de Santana (BA)<br \/>Ingressos:<br \/>Sympla: R$ 20 (meia promocional antecipada)<br \/>Bilheteria: R$ 40 (inteira) | R$ 20 (meia)<br \/>Classifica\u00e7\u00e3o indicativa: 10 anos<br \/>Realiza\u00e7\u00e3o: Feira Tem Teatro<\/p>\n<p><em>Siga o Acorda Cidade no<\/em><a href=\"https:\/\/news.google.com\/search?q=acorda%20cidade&amp;hl=pt-BR&amp;gl=BR&amp;ceid=BR%3Apt-419\"><strong><em> Google Not\u00edcias<\/em><\/strong><\/a><em> e receba os principais destaques do dia. Participe tamb\u00e9m dos nossos canais no <\/em><a href=\"https:\/\/www.whatsapp.com\/channel\/0029Va6Rb4v3WHTNnsh8WI3N\"><strong><em>WhatsApp<\/em><\/strong><\/a><em> e <\/em><a href=\"https:\/\/www.youtube.com\/@acordacidadenoticias\/videos\"><strong>YouTube<\/strong><\/a><em> e grupo de <\/em><a href=\"https:\/\/t.me\/+sSz0khrgARA0ZmRh\"><strong><em>Telegram<\/em><\/strong><\/a><em>.<\/em><\/p>\n<\/div>\n","protected":false},"excerpt":{"rendered":"<div>\n<div>\n<figure><img decoding=\"async\" src=\"https:\/\/uploads.acordacidade.com.br\/2025\/08\/espetaculo-quiteria-foto-gabriel-lima.jpg\" alt=\"Espet\u00e1culo Quit\u00e9ria\"><figcaption>Foto: Gabriel Lima<\/figcaption><\/figure>\n<\/div>\n<p>Os ingressos para o espet\u00e1culo \u201cQuit\u00e9ria\u201d t\u00eam valor promocional de R$ 20 (meia antecipada) pela plataforma Sympla.<\/p><\/div>\n","protected":false},"author":1,"featured_media":99122,"comment_status":"closed","ping_status":"closed","sticky":false,"template":"","format":"gallery","meta":{"footnotes":""},"categories":[8,9,6,57,56,10],"tags":[],"class_list":["post-99121","post","type-post","status-publish","format-gallery","has-post-thumbnail","hentry","category-bahia","category-brasil","category-feira-de-santana","category-mundo","category-policia","category-politica","post_format-post-format-gallery"],"featured_image_urls":{"full":["https:\/\/noticiasbahia360.com.br\/wp-content\/uploads\/2025\/08\/espetaculo-quiteria-foto-gabriel-lima.jpg",1200,800,false],"thumbnail":["https:\/\/noticiasbahia360.com.br\/wp-content\/uploads\/2025\/08\/espetaculo-quiteria-foto-gabriel-lima-150x150.jpg",150,150,true],"medium":["https:\/\/noticiasbahia360.com.br\/wp-content\/uploads\/2025\/08\/espetaculo-quiteria-foto-gabriel-lima-300x200.jpg",300,200,true],"medium_large":["https:\/\/noticiasbahia360.com.br\/wp-content\/uploads\/2025\/08\/espetaculo-quiteria-foto-gabriel-lima-768x512.jpg",640,427,true],"large":["https:\/\/noticiasbahia360.com.br\/wp-content\/uploads\/2025\/08\/espetaculo-quiteria-foto-gabriel-lima-1024x683.jpg",640,427,true],"1536x1536":["https:\/\/noticiasbahia360.com.br\/wp-content\/uploads\/2025\/08\/espetaculo-quiteria-foto-gabriel-lima.jpg",1200,800,false],"2048x2048":["https:\/\/noticiasbahia360.com.br\/wp-content\/uploads\/2025\/08\/espetaculo-quiteria-foto-gabriel-lima.jpg",1200,800,false],"chromenews-featured":["https:\/\/noticiasbahia360.com.br\/wp-content\/uploads\/2025\/08\/espetaculo-quiteria-foto-gabriel-lima-1024x683.jpg",1024,683,true],"chromenews-large":["https:\/\/noticiasbahia360.com.br\/wp-content\/uploads\/2025\/08\/espetaculo-quiteria-foto-gabriel-lima-825x575.jpg",825,575,true],"chromenews-medium":["https:\/\/noticiasbahia360.com.br\/wp-content\/uploads\/2025\/08\/espetaculo-quiteria-foto-gabriel-lima-590x410.jpg",590,410,true]},"author_info":{"display_name":"noticiasbahia360.com.br","author_link":"https:\/\/noticiasbahia360.com.br\/?author=1"},"category_info":"<a href=\"https:\/\/noticiasbahia360.com.br\/?cat=8\" rel=\"category\">Bahia<\/a> <a href=\"https:\/\/noticiasbahia360.com.br\/?cat=9\" rel=\"category\">Brasil<\/a> <a href=\"https:\/\/noticiasbahia360.com.br\/?cat=6\" rel=\"category\">Feira de Santana<\/a> <a href=\"https:\/\/noticiasbahia360.com.br\/?cat=57\" rel=\"category\">Mundo<\/a> <a href=\"https:\/\/noticiasbahia360.com.br\/?cat=56\" rel=\"category\">Pol\u00edcia<\/a> <a href=\"https:\/\/noticiasbahia360.com.br\/?cat=10\" rel=\"category\">Pol\u00edtica<\/a>","tag_info":"Pol\u00edtica","comment_count":"0","_links":{"self":[{"href":"https:\/\/noticiasbahia360.com.br\/index.php?rest_route=\/wp\/v2\/posts\/99121","targetHints":{"allow":["GET"]}}],"collection":[{"href":"https:\/\/noticiasbahia360.com.br\/index.php?rest_route=\/wp\/v2\/posts"}],"about":[{"href":"https:\/\/noticiasbahia360.com.br\/index.php?rest_route=\/wp\/v2\/types\/post"}],"author":[{"embeddable":true,"href":"https:\/\/noticiasbahia360.com.br\/index.php?rest_route=\/wp\/v2\/users\/1"}],"replies":[{"embeddable":true,"href":"https:\/\/noticiasbahia360.com.br\/index.php?rest_route=%2Fwp%2Fv2%2Fcomments&post=99121"}],"version-history":[{"count":0,"href":"https:\/\/noticiasbahia360.com.br\/index.php?rest_route=\/wp\/v2\/posts\/99121\/revisions"}],"wp:featuredmedia":[{"embeddable":true,"href":"https:\/\/noticiasbahia360.com.br\/index.php?rest_route=\/wp\/v2\/media\/99122"}],"wp:attachment":[{"href":"https:\/\/noticiasbahia360.com.br\/index.php?rest_route=%2Fwp%2Fv2%2Fmedia&parent=99121"}],"wp:term":[{"taxonomy":"category","embeddable":true,"href":"https:\/\/noticiasbahia360.com.br\/index.php?rest_route=%2Fwp%2Fv2%2Fcategories&post=99121"},{"taxonomy":"post_tag","embeddable":true,"href":"https:\/\/noticiasbahia360.com.br\/index.php?rest_route=%2Fwp%2Fv2%2Ftags&post=99121"}],"curies":[{"name":"wp","href":"https:\/\/api.w.org\/{rel}","templated":true}]}}