{"id":99123,"date":"2025-08-31T08:10:12","date_gmt":"2025-08-31T11:10:12","guid":{"rendered":"https:\/\/noticiasbahia360.com.br\/?p=99123"},"modified":"2025-08-31T08:10:12","modified_gmt":"2025-08-31T11:10:12","slug":"apos-ameacar-mae-e-filha-de-morte-homem-e-preso-em-feira-de-santana-vitimas-pediram-medidas-protetivas","status":"publish","type":"post","link":"https:\/\/noticiasbahia360.com.br\/?p=99123","title":{"rendered":"Ap\u00f3s amea\u00e7ar m\u00e3e e filha de morte, homem \u00e9 preso em Feira de Santana; v\u00edtimas pediram medidas protetivas"},"content":{"rendered":"<div>\n<div>\n<figure><img decoding=\"async\" src=\"http:\/\/noticiasbahia360.com.br\/wp-content\/uploads\/2025\/08\/Operacao-Paz-no-Lar.webp\" alt=\"Opera\u00e7\u00e3o Paz no Lar Ap\u00f3s amea\u00e7ar m\u00e3e e filha de morte, homem \u00e9 preso em Feira de Santana; v\u00edtimas pediram medidas protetivas\"><figcaption>Foto: Ascom\/PM<\/figcaption><\/figure>\n<\/div>\n<p>Na noite de s\u00e1bado (30), por volta das 18h30, a <strong>Opera\u00e7\u00e3o Paz no Lar<\/strong> prendeu em flagrante um homem no Conjunto Feira VII, no bairro Tomba, em Feira de Santana, ap\u00f3s ele amea\u00e7ar de morte a esposa e a filha.<\/p>\n<p>De acordo com a Pol\u00edcia Militar, a guarni\u00e7\u00e3o foi acionada pelo Centro Integrado de Comunica\u00e7\u00e3o (Cicom) e, ao chegar ao local, encontrou o suspeito exaltado e sob efeito de bebida alco\u00f3lica. As v\u00edtimas pediram para solicitar medidas protetivas de urg\u00eancia por conta da viol\u00eancia.<\/p>\n<p>O homem foi conduzido \u00e0 Delegacia Especializada de Atendimento \u00e0 Mulher (Deam), onde permaneceu preso, enquanto a esposa e a filha formalizaram a queixa-crime e pediram a concess\u00e3o das medidas protetivas.<\/p>\n<p>O caso ocorreu no encerramento do Agosto Lil\u00e1s, m\u00eas dedicado \u00e0 conscientiza\u00e7\u00e3o e combate \u00e0 viol\u00eancia contra a mulher.<\/p>\n<p>Infelizmente, esse tipo de viol\u00eancia n\u00e3o tem data para acabar. Proteger mulheres e meninas \u00e9 um compromisso di\u00e1rio que depende da coragem da den\u00fancia e do apoio de toda a sociedade. Se estiver passando por algum tipo de viol\u00eancia, seja sexual, f\u00edsica, psicol\u00f3gica, moral ou patrimonial; se souber de algu\u00e9m que pode estar vivendo a viol\u00eancia, denuncie.<\/p>\n<h6 class=\"wp-block-heading\" id=\"h-a-denuncia-pode-ser-feitas-pelo-190-policia-militar-180-central-de-atendimento-a-mulher-ou-diretamente-na-deam-nao-se-cale\"><strong>A den\u00fancia pode ser feitas pelo 190 (Pol\u00edcia Militar), 180 (Central de Atendimento \u00e0 Mulher) ou diretamente na Deam. N\u00e3o se cale!<\/strong><\/h6>\n<p><em>Com informa\u00e7\u00f5es do rep\u00f3rter Ney Silva do Acorda Cidade<\/em><\/p>\n<p><em>Siga o Acorda Cidade no<\/em><a href=\"https:\/\/news.google.com\/search?q=acorda%20cidade&amp;hl=pt-BR&amp;gl=BR&amp;ceid=BR%3Apt-419\"><strong><em>\u00a0Google Not\u00edcias<\/em><\/strong><\/a><em>\u00a0e receba os principais destaques do dia. Participe tamb\u00e9m dos nossos canais no\u00a0<\/em><a href=\"https:\/\/www.whatsapp.com\/channel\/0029Va6Rb4v3WHTNnsh8WI3N\"><strong><em>WhatsApp<\/em><\/strong><\/a><em>\u00a0e\u00a0<\/em><a href=\"https:\/\/www.youtube.com\/@acordacidadenoticias\/videos\"><strong>YouTube<\/strong><\/a><em>\u00a0e grupo de\u00a0<\/em><a href=\"https:\/\/t.me\/+sSz0khrgARA0ZmRh\"><strong><em>Telegram<\/em><\/strong><\/a><em>.<\/em><\/p>\n<\/div>\n","protected":false},"excerpt":{"rendered":"<div>\n<div>\n<figure><img decoding=\"async\" src=\"https:\/\/uploads.acordacidade.com.br\/2025\/08\/Operacao-Paz-no-Lar.webp\" alt=\"Opera\u00e7\u00e3o Paz no Lar Ap\u00f3s amea\u00e7ar m\u00e3e e filha de morte, homem \u00e9 preso em Feira de Santana; v\u00edtimas pediram medidas protetivas\"><figcaption>Foto: Ascom\/PM<\/figcaption><\/figure>\n<\/div>\n<p>Ap\u00f3s a den\u00fancia, o homem foi conduzido \u00e0 Delegacia Especializada de Atendimento \u00e0 Mulher (Deam), onde permaneceu preso.<\/p><\/div>\n","protected":false},"author":1,"featured_media":99124,"comment_status":"closed","ping_status":"closed","sticky":false,"template":"","format":"gallery","meta":{"footnotes":""},"categories":[8,9,6,57,56,10],"tags":[],"class_list":["post-99123","post","type-post","status-publish","format-gallery","has-post-thumbnail","hentry","category-bahia","category-brasil","category-feira-de-santana","category-mundo","category-policia","category-politica","post_format-post-format-gallery"],"featured_image_urls":{"full":["https:\/\/noticiasbahia360.com.br\/wp-content\/uploads\/2025\/08\/Operacao-Paz-no-Lar.webp",1200,655,false],"thumbnail":["https:\/\/noticiasbahia360.com.br\/wp-content\/uploads\/2025\/08\/Operacao-Paz-no-Lar-150x150.webp",150,150,true],"medium":["https:\/\/noticiasbahia360.com.br\/wp-content\/uploads\/2025\/08\/Operacao-Paz-no-Lar-300x164.webp",300,164,true],"medium_large":["https:\/\/noticiasbahia360.com.br\/wp-content\/uploads\/2025\/08\/Operacao-Paz-no-Lar-768x419.webp",640,349,true],"large":["https:\/\/noticiasbahia360.com.br\/wp-content\/uploads\/2025\/08\/Operacao-Paz-no-Lar-1024x559.webp",640,349,true],"1536x1536":["https:\/\/noticiasbahia360.com.br\/wp-content\/uploads\/2025\/08\/Operacao-Paz-no-Lar.webp",1200,655,false],"2048x2048":["https:\/\/noticiasbahia360.com.br\/wp-content\/uploads\/2025\/08\/Operacao-Paz-no-Lar.webp",1200,655,false],"chromenews-featured":["https:\/\/noticiasbahia360.com.br\/wp-content\/uploads\/2025\/08\/Operacao-Paz-no-Lar-1024x559.webp",1024,559,true],"chromenews-large":["https:\/\/noticiasbahia360.com.br\/wp-content\/uploads\/2025\/08\/Operacao-Paz-no-Lar-825x575.webp",825,575,true],"chromenews-medium":["https:\/\/noticiasbahia360.com.br\/wp-content\/uploads\/2025\/08\/Operacao-Paz-no-Lar-590x410.webp",590,410,true]},"author_info":{"display_name":"noticiasbahia360.com.br","author_link":"https:\/\/noticiasbahia360.com.br\/?author=1"},"category_info":"<a href=\"https:\/\/noticiasbahia360.com.br\/?cat=8\" rel=\"category\">Bahia<\/a> <a href=\"https:\/\/noticiasbahia360.com.br\/?cat=9\" rel=\"category\">Brasil<\/a> <a href=\"https:\/\/noticiasbahia360.com.br\/?cat=6\" rel=\"category\">Feira de Santana<\/a> <a href=\"https:\/\/noticiasbahia360.com.br\/?cat=57\" rel=\"category\">Mundo<\/a> <a href=\"https:\/\/noticiasbahia360.com.br\/?cat=56\" rel=\"category\">Pol\u00edcia<\/a> <a href=\"https:\/\/noticiasbahia360.com.br\/?cat=10\" rel=\"category\">Pol\u00edtica<\/a>","tag_info":"Pol\u00edtica","comment_count":"0","_links":{"self":[{"href":"https:\/\/noticiasbahia360.com.br\/index.php?rest_route=\/wp\/v2\/posts\/99123","targetHints":{"allow":["GET"]}}],"collection":[{"href":"https:\/\/noticiasbahia360.com.br\/index.php?rest_route=\/wp\/v2\/posts"}],"about":[{"href":"https:\/\/noticiasbahia360.com.br\/index.php?rest_route=\/wp\/v2\/types\/post"}],"author":[{"embeddable":true,"href":"https:\/\/noticiasbahia360.com.br\/index.php?rest_route=\/wp\/v2\/users\/1"}],"replies":[{"embeddable":true,"href":"https:\/\/noticiasbahia360.com.br\/index.php?rest_route=%2Fwp%2Fv2%2Fcomments&post=99123"}],"version-history":[{"count":0,"href":"https:\/\/noticiasbahia360.com.br\/index.php?rest_route=\/wp\/v2\/posts\/99123\/revisions"}],"wp:featuredmedia":[{"embeddable":true,"href":"https:\/\/noticiasbahia360.com.br\/index.php?rest_route=\/wp\/v2\/media\/99124"}],"wp:attachment":[{"href":"https:\/\/noticiasbahia360.com.br\/index.php?rest_route=%2Fwp%2Fv2%2Fmedia&parent=99123"}],"wp:term":[{"taxonomy":"category","embeddable":true,"href":"https:\/\/noticiasbahia360.com.br\/index.php?rest_route=%2Fwp%2Fv2%2Fcategories&post=99123"},{"taxonomy":"post_tag","embeddable":true,"href":"https:\/\/noticiasbahia360.com.br\/index.php?rest_route=%2Fwp%2Fv2%2Ftags&post=99123"}],"curies":[{"name":"wp","href":"https:\/\/api.w.org\/{rel}","templated":true}]}}