{"id":99125,"date":"2025-08-31T09:45:04","date_gmt":"2025-08-31T12:45:04","guid":{"rendered":"https:\/\/noticiasbahia360.com.br\/?p=99125"},"modified":"2025-08-31T09:45:04","modified_gmt":"2025-08-31T12:45:04","slug":"filosofia-no-enem-saiba-como-a-disciplina-e-cobrada-no-exame-e-veja-dicas-para-acertar-as-questoes","status":"publish","type":"post","link":"https:\/\/noticiasbahia360.com.br\/?p=99125","title":{"rendered":"Filosofia no Enem: saiba como a disciplina \u00e9 cobrada no exame e veja dicas para acertar as quest\u00f5es\u00a0"},"content":{"rendered":"<div>\n<div>\n<figure><img decoding=\"async\" src=\"http:\/\/noticiasbahia360.com.br\/wp-content\/uploads\/2025\/08\/literatura-jcomp-freepik.jpg\" alt=\"literatura jcomp freepik\"><figcaption>Foto: Jcomp\/Freepik<\/figcaption><\/figure>\n<\/div>\n<p>A presen\u00e7a da Filosofia no Enem vai muito al\u00e9m de conceitos abstratos e discuss\u00f5es te\u00f3ricas. A prova costuma trazer quest\u00f5es que relacionam os principais pensadores da tradi\u00e7\u00e3o filos\u00f3fica com problemas da sociedade contempor\u00e2nea, exigindo do candidato a capacidade de interpretar, argumentar e articular ideias.<\/p>\n<p>Para ajudar os <a href=\"https:\/\/www.acordacidade.com.br\/tag\/estudantes\/\">estudantes<\/a> do Enem a entenderem como essa \u00e1rea do conhecimento \u00e9 abordada na prova, quatro professores de Filosofia compartilham orienta\u00e7\u00f5es, conte\u00fados chave e dicas de prepara\u00e7\u00e3o.<\/p>\n<h2 class=\"wp-block-heading\" id=\"h-o-que-e-preciso-dominar-leitura-critica-e-raciocinio-logico\">O que \u00e9 preciso dominar: leitura cr\u00edtica e racioc\u00ednio l\u00f3gico<\/h2>\n<p>O dom\u00ednio da Filosofia no Enem requer mais do que familiaridade com os grandes nomes da hist\u00f3ria do pensamento. \u00c9 fundamental saber identificar argumentos, reconhecer diferentes correntes filos\u00f3ficas e estabelecer rela\u00e7\u00f5es entre texto e contexto. A disciplina est\u00e1 inserida na prova de Ci\u00eancias Humanas e suas Tecnologias (junto \u00e0 Hist\u00f3ria, Geografia e Sociologia), e costuma aparecer entre 5 a 6 quest\u00f5es em cada edi\u00e7\u00e3o do exame.<\/p>\n<p>Segundo Diego Monsalvo, professor de Filosofia do col\u00e9gio\u00a0<a href=\"https:\/\/colegioprogresso.com.br\/\" target=\"_blank\" rel=\"noreferrer noopener\">Progresso Bil\u00edngue<\/a>, de Santos\/SP, a abordagem do Enem privilegia a reflex\u00e3o cr\u00edtica e o uso contextualizado do conhecimento: \u201cAs quest\u00f5es n\u00e3o cobram memoriza\u00e7\u00e3o de datas ou frases. Elas apresentam situa\u00e7\u00f5es-problema, nas quais o aluno precisa compreender o pensamento de determinado autor e aplic\u00e1-lo a uma situa\u00e7\u00e3o concreta. \u00c9 essencial entender o porqu\u00ea de cada ideia, mais do que simplesmente decorar\u201d.<\/p>\n<figure class=\"wp-block-image size-large\"><img fetchpriority=\"high\" fetchpriority=\"high\" decoding=\"async\" width=\"812\" height=\"768\" src=\"http:\/\/noticiasbahia360.com.br\/wp-content\/uploads\/2025\/08\/Enem-questao-de-filosofia-812x768-1.webp\" alt=\"Enem - quest\u00e3o de filosofia\" class=\"wp-image-586598\" srcset=\"https:\/\/uploads.acordacidade.com.br\/2025\/08\/Enem-questao-de-filosofia-386x365.webp 386w, http:\/\/noticiasbahia360.com.br\/wp-content\/uploads\/2025\/08\/Enem-questao-de-filosofia-812x768-1.webp 812w, https:\/\/uploads.acordacidade.com.br\/2025\/08\/Enem-questao-de-filosofia-585x553.webp 585w, https:\/\/uploads.acordacidade.com.br\/2025\/08\/Enem-questao-de-filosofia-140x132.webp 140w, https:\/\/uploads.acordacidade.com.br\/2025\/08\/Enem-questao-de-filosofia-251x237.webp 251w, https:\/\/uploads.acordacidade.com.br\/2025\/08\/Enem-questao-de-filosofia-150x142.webp 150w, https:\/\/uploads.acordacidade.com.br\/2025\/08\/Enem-questao-de-filosofia.webp 1200w\" sizes=\"(max-width: 812px) 100vw, 812px\"><figcaption class=\"wp-element-caption\">Foto: Reprodu\u00e7\u00e3o Enem<\/figcaption><\/figure>\n<p>\u201cPara responder bem, o aluno precisa desenvolver uma leitura cr\u00edtica. Isso significa entender o que est\u00e1 sendo dito, como est\u00e1 sendo dito e por que est\u00e1 sendo dito daquela maneira\u201d, afirma Talyta Pond\u00e9, da Escola Internacional de Alphaville, de Barueri\/SP. \u201cMuitas vezes, o enunciado traz trechos de textos cl\u00e1ssicos ou modernos, e a chave est\u00e1 em interpretar bem esse conte\u00fado para escolher a alternativa correta. Interpretar n\u00e3o basta: tem sido uma vantagem competitiva saber o campo conceitual das principais escolas filos\u00f3ficas, bem como ter o repert\u00f3rio hist\u00f3rico que ajuda a situ\u00e1-las quanto ao tempo e suas principais quest\u00f5es\u201d.<\/p>\n<h2 class=\"wp-block-heading\" id=\"h-temas-recorrentes-politica-etica-e-existencia\">Temas recorrentes: pol\u00edtica, \u00e9tica e exist\u00eancia<\/h2>\n<p>Ao longo dos \u00faltimos anos, temas como Filosofia Pol\u00edtica, \u00c9tica, Existencialismo e Filosofia Moderna t\u00eam sido recorrentes nas provas. Autores como Arist\u00f3teles, Maquiavel, Rousseau, Marx, Kant, Nietzsche, Sartre e Hannah Arendt aparecem com frequ\u00eancia, sempre conectados a quest\u00f5es sociais, culturais ou hist\u00f3ricas.<\/p>\n<p>De acordo com Jos\u00e9 Henrique Santanna Porto, professor da Escola Bil\u00edngue Aubrick, de S\u00e3o Paulo\/SP, \u00e9 importante que os candidatos estudem os temas dentro de seus contextos: \u201cA Filosofia no Enem n\u00e3o aparece de forma isolada. A prova quer saber se o aluno compreende como as ideias de um autor dialogam com o mundo em que vivemos. \u00c9 por isso que temas como liberdade, democracia, poder, moral e responsabilidade s\u00e3o t\u00e3o recorrentes.\u201d<\/p>\n<figure class=\"wp-block-image size-large\"><img decoding=\"async\" width=\"677\" height=\"768\" src=\"http:\/\/noticiasbahia360.com.br\/wp-content\/uploads\/2025\/08\/Enem-questao-de-filosofia-677x768-1.webp\" alt=\"Enem - quest\u00e3o de filosofia\" class=\"wp-image-586597\" srcset=\"https:\/\/uploads.acordacidade.com.br\/2025\/08\/Enem-questao-de-filosofia--322x365.webp 322w, http:\/\/noticiasbahia360.com.br\/wp-content\/uploads\/2025\/08\/Enem-questao-de-filosofia-677x768-1.webp 677w, https:\/\/uploads.acordacidade.com.br\/2025\/08\/Enem-questao-de-filosofia--487x553.webp 487w, https:\/\/uploads.acordacidade.com.br\/2025\/08\/Enem-questao-de-filosofia--123x140.webp 123w, https:\/\/uploads.acordacidade.com.br\/2025\/08\/Enem-questao-de-filosofia--209x237.webp 209w, https:\/\/uploads.acordacidade.com.br\/2025\/08\/Enem-questao-de-filosofia--150x170.webp 150w, https:\/\/uploads.acordacidade.com.br\/2025\/08\/Enem-questao-de-filosofia-.webp 1200w\" sizes=\"(max-width: 677px) 100vw, 677px\"><figcaption class=\"wp-element-caption\">Foto: Reprodu\u00e7\u00e3o Enem<\/figcaption><\/figure>\n<h2 class=\"wp-block-heading\" id=\"h-dicas-para-mandar-bem-nas-questoes-de-filosofia\">Dicas para mandar bem nas quest\u00f5es de Filosofia<\/h2>\n<p>Para se destacar nas quest\u00f5es de Filosofia, a recomenda\u00e7\u00e3o \u00e9 investir em uma prepara\u00e7\u00e3o baseada na leitura atenta, na revis\u00e3o dos principais autores e no treino de interpreta\u00e7\u00e3o de textos. Tamb\u00e9m vale a pena praticar com quest\u00f5es anteriores do Enem e buscar materiais que conectem os temas filos\u00f3ficos \u00e0 atualidade.<\/p>\n<p>Caio Leite, professor do Brazilian International School \u2013 BIS, de S\u00e3o Paulo\/SP, orienta: \u201cA resolu\u00e7\u00e3o dos exerc\u00edcios de Filosofia depende, majoritariamente, de uma boa base de interpreta\u00e7\u00e3o dos textos de apoio e do conhecimento te\u00f3rico de cada um dos fil\u00f3sofos, pois \u00e9 com esse instrumental que o estudante ter\u00e1 condi\u00e7\u00f5es para encontrar a alternativa correta.\u201d<\/p>\n<figure class=\"wp-block-image size-large\"><img decoding=\"async\" width=\"445\" height=\"768\" src=\"http:\/\/noticiasbahia360.com.br\/wp-content\/uploads\/2025\/08\/Enem-questao-de-filosofia-1-445x768-1.webp\" alt=\"Enem - quest\u00e3o de filosofia\" class=\"wp-image-586596\" srcset=\"https:\/\/uploads.acordacidade.com.br\/2025\/08\/Enem-questao-de-filosofia-1-212x365.webp 212w, http:\/\/noticiasbahia360.com.br\/wp-content\/uploads\/2025\/08\/Enem-questao-de-filosofia-1-445x768-1.webp 445w, https:\/\/uploads.acordacidade.com.br\/2025\/08\/Enem-questao-de-filosofia-1-321x553.webp 321w, https:\/\/uploads.acordacidade.com.br\/2025\/08\/Enem-questao-de-filosofia-1-890x1536.webp 890w, https:\/\/uploads.acordacidade.com.br\/2025\/08\/Enem-questao-de-filosofia-1-1187x2048.webp 1187w, https:\/\/uploads.acordacidade.com.br\/2025\/08\/Enem-questao-de-filosofia-1-81x140.webp 81w, https:\/\/uploads.acordacidade.com.br\/2025\/08\/Enem-questao-de-filosofia-1-137x237.webp 137w, https:\/\/uploads.acordacidade.com.br\/2025\/08\/Enem-questao-de-filosofia-1-150x259.webp 150w, https:\/\/uploads.acordacidade.com.br\/2025\/08\/Enem-questao-de-filosofia-1.webp 1200w\" sizes=\"(max-width: 445px) 100vw, 445px\"><figcaption class=\"wp-element-caption\">Foto: Reprodu\u00e7\u00e3o Enem<\/figcaption><\/figure>\n<p>Outra dica valiosa \u00e9 integrar os estudos de Filosofia com outras \u00e1reas da prova, como Sociologia, Hist\u00f3ria e Reda\u00e7\u00e3o. \u201c\u00c9 importante lembrar que o Enem \u00e9 uma prova baseada em compet\u00eancias e habilidades, por essa raz\u00e3o, o di\u00e1logo interdisciplinar, vertical e horizontalmente ajudam na busca por encontrar as solu\u00e7\u00f5es para as quest\u00f5es\u201d, complementa Leite.<\/p>\n<p><em>Siga o Acorda Cidade no<\/em><a href=\"https:\/\/news.google.com\/search?q=acorda%20cidade&amp;hl=pt-BR&amp;gl=BR&amp;ceid=BR%3Apt-419\"><strong><em>\u00a0Google Not\u00edcias<\/em><\/strong><\/a><em>\u00a0e receba os principais destaques do dia. Participe tamb\u00e9m dos nossos canais no\u00a0<\/em><a href=\"https:\/\/www.whatsapp.com\/channel\/0029Va6Rb4v3WHTNnsh8WI3N\"><strong><em>WhatsApp<\/em><\/strong><\/a><em>\u00a0e\u00a0<\/em><a href=\"https:\/\/www.youtube.com\/@acordacidadenoticias\/videos\"><strong>Youtube<\/strong><\/a><em>\u00a0e grupo de\u00a0<\/em><a href=\"https:\/\/t.me\/+sSz0khrgARA0ZmRh\"><strong><em>Telegram<\/em><\/strong><\/a><em>.<\/em><\/p>\n<\/div>\n","protected":false},"excerpt":{"rendered":"<div>\n<div>\n<figure><img decoding=\"async\" src=\"https:\/\/uploads.acordacidade.com.br\/wp-content\/uploads\/2023\/10\/19091456\/literatura-jcomp-freepik.jpg\" alt=\"literatura jcomp freepik\"><figcaption>Foto: Jcomp\/Freepik<\/figcaption><\/figure>\n<\/div>\n<p>Educadores explicam como a mat\u00e9ria \u00e9 cobrada no Enem, destacam os temas mais recorrentes e compartilham estrat\u00e9gias.<\/p><\/div>\n","protected":false},"author":1,"featured_media":99126,"comment_status":"closed","ping_status":"closed","sticky":false,"template":"","format":"gallery","meta":{"footnotes":""},"categories":[8,9,6,57,56,10],"tags":[],"class_list":["post-99125","post","type-post","status-publish","format-gallery","has-post-thumbnail","hentry","category-bahia","category-brasil","category-feira-de-santana","category-mundo","category-policia","category-politica","post_format-post-format-gallery"],"featured_image_urls":{"full":["https:\/\/noticiasbahia360.com.br\/wp-content\/uploads\/2025\/08\/literatura-jcomp-freepik.jpg",640,424,false],"thumbnail":["https:\/\/noticiasbahia360.com.br\/wp-content\/uploads\/2025\/08\/literatura-jcomp-freepik-150x150.jpg",150,150,true],"medium":["https:\/\/noticiasbahia360.com.br\/wp-content\/uploads\/2025\/08\/literatura-jcomp-freepik-300x199.jpg",300,199,true],"medium_large":["https:\/\/noticiasbahia360.com.br\/wp-content\/uploads\/2025\/08\/literatura-jcomp-freepik.jpg",640,424,false],"large":["https:\/\/noticiasbahia360.com.br\/wp-content\/uploads\/2025\/08\/literatura-jcomp-freepik.jpg",640,424,false],"1536x1536":["https:\/\/noticiasbahia360.com.br\/wp-content\/uploads\/2025\/08\/literatura-jcomp-freepik.jpg",640,424,false],"2048x2048":["https:\/\/noticiasbahia360.com.br\/wp-content\/uploads\/2025\/08\/literatura-jcomp-freepik.jpg",640,424,false],"chromenews-featured":["https:\/\/noticiasbahia360.com.br\/wp-content\/uploads\/2025\/08\/literatura-jcomp-freepik.jpg",640,424,false],"chromenews-large":["https:\/\/noticiasbahia360.com.br\/wp-content\/uploads\/2025\/08\/literatura-jcomp-freepik.jpg",640,424,false],"chromenews-medium":["https:\/\/noticiasbahia360.com.br\/wp-content\/uploads\/2025\/08\/literatura-jcomp-freepik-590x410.jpg",590,410,true]},"author_info":{"display_name":"noticiasbahia360.com.br","author_link":"https:\/\/noticiasbahia360.com.br\/?author=1"},"category_info":"<a href=\"https:\/\/noticiasbahia360.com.br\/?cat=8\" rel=\"category\">Bahia<\/a> <a href=\"https:\/\/noticiasbahia360.com.br\/?cat=9\" rel=\"category\">Brasil<\/a> <a href=\"https:\/\/noticiasbahia360.com.br\/?cat=6\" rel=\"category\">Feira de Santana<\/a> <a href=\"https:\/\/noticiasbahia360.com.br\/?cat=57\" rel=\"category\">Mundo<\/a> <a href=\"https:\/\/noticiasbahia360.com.br\/?cat=56\" rel=\"category\">Pol\u00edcia<\/a> <a href=\"https:\/\/noticiasbahia360.com.br\/?cat=10\" rel=\"category\">Pol\u00edtica<\/a>","tag_info":"Pol\u00edtica","comment_count":"0","_links":{"self":[{"href":"https:\/\/noticiasbahia360.com.br\/index.php?rest_route=\/wp\/v2\/posts\/99125","targetHints":{"allow":["GET"]}}],"collection":[{"href":"https:\/\/noticiasbahia360.com.br\/index.php?rest_route=\/wp\/v2\/posts"}],"about":[{"href":"https:\/\/noticiasbahia360.com.br\/index.php?rest_route=\/wp\/v2\/types\/post"}],"author":[{"embeddable":true,"href":"https:\/\/noticiasbahia360.com.br\/index.php?rest_route=\/wp\/v2\/users\/1"}],"replies":[{"embeddable":true,"href":"https:\/\/noticiasbahia360.com.br\/index.php?rest_route=%2Fwp%2Fv2%2Fcomments&post=99125"}],"version-history":[{"count":0,"href":"https:\/\/noticiasbahia360.com.br\/index.php?rest_route=\/wp\/v2\/posts\/99125\/revisions"}],"wp:featuredmedia":[{"embeddable":true,"href":"https:\/\/noticiasbahia360.com.br\/index.php?rest_route=\/wp\/v2\/media\/99126"}],"wp:attachment":[{"href":"https:\/\/noticiasbahia360.com.br\/index.php?rest_route=%2Fwp%2Fv2%2Fmedia&parent=99125"}],"wp:term":[{"taxonomy":"category","embeddable":true,"href":"https:\/\/noticiasbahia360.com.br\/index.php?rest_route=%2Fwp%2Fv2%2Fcategories&post=99125"},{"taxonomy":"post_tag","embeddable":true,"href":"https:\/\/noticiasbahia360.com.br\/index.php?rest_route=%2Fwp%2Fv2%2Ftags&post=99125"}],"curies":[{"name":"wp","href":"https:\/\/api.w.org\/{rel}","templated":true}]}}