{"id":99130,"date":"2025-08-31T11:10:06","date_gmt":"2025-08-31T14:10:06","guid":{"rendered":"https:\/\/noticiasbahia360.com.br\/?p=99130"},"modified":"2025-08-31T11:10:06","modified_gmt":"2025-08-31T14:10:06","slug":"prefeitura-de-feira-realiza-pregao-para-adquirir-novo-micro-onibus-para-o-tfd","status":"publish","type":"post","link":"https:\/\/noticiasbahia360.com.br\/?p=99130","title":{"rendered":"Prefeitura de Feira realiza preg\u00e3o para adquirir novo micro-\u00f4nibus para o TFD"},"content":{"rendered":"<div>\n<div>\n<figure><img decoding=\"async\" src=\"http:\/\/noticiasbahia360.com.br\/wp-content\/uploads\/2025\/08\/Prefeitura-de-Feira-de-Santana-1-1.jpg\" alt=\"Prefeitura de Feira de Santana nomeados C\u00e2mara\"><figcaption>Foto: Kaio Vinicius\/ Acorda Cidade <\/figcaption><\/figure>\n<\/div>\n<p>A <a href=\"https:\/\/www.acordacidade.com.br\/tag\/prefeitura-de-feira-de-santana\/\">Prefeitura de Feira de Santana<\/a> realiza no dia 9 de setembro, \u00e0s 14h30, o Preg\u00e3o Eletr\u00f4nico n\u00ba 54-2025-PE que tem como objeto a aquisi\u00e7\u00e3o de um micro-\u00f4nibus destinado ao transporte de pacientes do Tratamento Fora do Domic\u00edlio (TFD).<\/p>\n<p>O novo ve\u00edculo ser\u00e1 adaptado para pessoas com defici\u00eancia (PCD), ampliando a acessibilidade e garantindo que todos os usu\u00e1rios tenham condi\u00e7\u00f5es adequadas de deslocamento. Com essa aquisi\u00e7\u00e3o, a frota do TFD ser\u00e1 refor\u00e7ada e modernizada, proporcionando viagens mais seguras, confort\u00e1veis e dignas para os pacientes que precisam se deslocar a outras cidades em busca de consultas, exames e procedimentos especializados.<\/p>\n<p>De acordo com a Secretaria Municipal de Sa\u00fade, o investimento reafirma o compromisso da gest\u00e3o em assegurar um transporte humanizado, eficiente e acess\u00edvel, fortalecendo a rede de apoio aos usu\u00e1rios do SUS que dependem do servi\u00e7o.<\/p>\n<p>As informa\u00e7\u00f5es sobre o processo licitat\u00f3rio podem ser consultadas no Portal de Compras P\u00fablicas (<a href=\"http:\/\/www.portaldecompraspublicas.com.br\/\" target=\"_blank\" rel=\"noreferrer noopener\">www.portaldecompraspublicas.com.br<\/a>).<\/p>\n<p><em>Com informa\u00e7\u00f5es da Secretaria Municipal de Comunica\u00e7\u00e3o Social (Secom)<\/em><\/p>\n<p><em>Siga o Acorda Cidade no<\/em><a href=\"https:\/\/news.google.com\/search?q=acorda%20cidade&amp;hl=pt-BR&amp;gl=BR&amp;ceid=BR%3Apt-419\"><strong><em>\u00a0Google Not\u00edcias<\/em><\/strong><\/a><em>\u00a0e receba os principais destaques do dia. Participe tamb\u00e9m dos nossos canais no\u00a0<\/em><a href=\"https:\/\/www.whatsapp.com\/channel\/0029Va6Rb4v3WHTNnsh8WI3N\"><strong><em>WhatsApp<\/em><\/strong><\/a><em>\u00a0e\u00a0<\/em><a href=\"https:\/\/www.youtube.com\/@acordacidadenoticias\/videos\"><strong>Youtube<\/strong><\/a><em>\u00a0e grupo de\u00a0<\/em><a href=\"https:\/\/t.me\/+sSz0khrgARA0ZmRh\"><strong><em>Telegram<\/em><\/strong><\/a><em>.<\/em><\/p>\n<\/div>\n","protected":false},"excerpt":{"rendered":"<div>\n<div>\n<figure><img decoding=\"async\" src=\"https:\/\/uploads.acordacidade.com.br\/2025\/05\/Prefeitura-de-Feira-de-Santana-.jpg\" alt=\"Prefeitura de Feira de Santana nomeados C\u00e2mara\"><figcaption>Foto: Kaio Vinicius\/ Acorda Cidade <\/figcaption><\/figure>\n<\/div>\n<p>Com essa aquisi\u00e7\u00e3o, a frota do TFD ser\u00e1 refor\u00e7ada e modernizada, proporcionando viagens mais seguras, confort\u00e1veis e dignas<\/p><\/div>\n","protected":false},"author":1,"featured_media":99131,"comment_status":"closed","ping_status":"closed","sticky":false,"template":"","format":"gallery","meta":{"footnotes":""},"categories":[8,9,6,57,56,10],"tags":[],"class_list":["post-99130","post","type-post","status-publish","format-gallery","has-post-thumbnail","hentry","category-bahia","category-brasil","category-feira-de-santana","category-mundo","category-policia","category-politica","post_format-post-format-gallery"],"featured_image_urls":{"full":["https:\/\/noticiasbahia360.com.br\/wp-content\/uploads\/2025\/08\/Prefeitura-de-Feira-de-Santana-1-1.jpg",1422,844,false],"thumbnail":["https:\/\/noticiasbahia360.com.br\/wp-content\/uploads\/2025\/08\/Prefeitura-de-Feira-de-Santana-1-1-150x150.jpg",150,150,true],"medium":["https:\/\/noticiasbahia360.com.br\/wp-content\/uploads\/2025\/08\/Prefeitura-de-Feira-de-Santana-1-1-300x178.jpg",300,178,true],"medium_large":["https:\/\/noticiasbahia360.com.br\/wp-content\/uploads\/2025\/08\/Prefeitura-de-Feira-de-Santana-1-1-768x456.jpg",640,380,true],"large":["https:\/\/noticiasbahia360.com.br\/wp-content\/uploads\/2025\/08\/Prefeitura-de-Feira-de-Santana-1-1-1024x608.jpg",640,380,true],"1536x1536":["https:\/\/noticiasbahia360.com.br\/wp-content\/uploads\/2025\/08\/Prefeitura-de-Feira-de-Santana-1-1.jpg",1422,844,false],"2048x2048":["https:\/\/noticiasbahia360.com.br\/wp-content\/uploads\/2025\/08\/Prefeitura-de-Feira-de-Santana-1-1.jpg",1422,844,false],"chromenews-featured":["https:\/\/noticiasbahia360.com.br\/wp-content\/uploads\/2025\/08\/Prefeitura-de-Feira-de-Santana-1-1-1024x608.jpg",1024,608,true],"chromenews-large":["https:\/\/noticiasbahia360.com.br\/wp-content\/uploads\/2025\/08\/Prefeitura-de-Feira-de-Santana-1-1-825x575.jpg",825,575,true],"chromenews-medium":["https:\/\/noticiasbahia360.com.br\/wp-content\/uploads\/2025\/08\/Prefeitura-de-Feira-de-Santana-1-1-590x410.jpg",590,410,true]},"author_info":{"display_name":"noticiasbahia360.com.br","author_link":"https:\/\/noticiasbahia360.com.br\/?author=1"},"category_info":"<a href=\"https:\/\/noticiasbahia360.com.br\/?cat=8\" rel=\"category\">Bahia<\/a> <a href=\"https:\/\/noticiasbahia360.com.br\/?cat=9\" rel=\"category\">Brasil<\/a> <a href=\"https:\/\/noticiasbahia360.com.br\/?cat=6\" rel=\"category\">Feira de Santana<\/a> <a href=\"https:\/\/noticiasbahia360.com.br\/?cat=57\" rel=\"category\">Mundo<\/a> <a href=\"https:\/\/noticiasbahia360.com.br\/?cat=56\" rel=\"category\">Pol\u00edcia<\/a> <a href=\"https:\/\/noticiasbahia360.com.br\/?cat=10\" rel=\"category\">Pol\u00edtica<\/a>","tag_info":"Pol\u00edtica","comment_count":"0","_links":{"self":[{"href":"https:\/\/noticiasbahia360.com.br\/index.php?rest_route=\/wp\/v2\/posts\/99130","targetHints":{"allow":["GET"]}}],"collection":[{"href":"https:\/\/noticiasbahia360.com.br\/index.php?rest_route=\/wp\/v2\/posts"}],"about":[{"href":"https:\/\/noticiasbahia360.com.br\/index.php?rest_route=\/wp\/v2\/types\/post"}],"author":[{"embeddable":true,"href":"https:\/\/noticiasbahia360.com.br\/index.php?rest_route=\/wp\/v2\/users\/1"}],"replies":[{"embeddable":true,"href":"https:\/\/noticiasbahia360.com.br\/index.php?rest_route=%2Fwp%2Fv2%2Fcomments&post=99130"}],"version-history":[{"count":0,"href":"https:\/\/noticiasbahia360.com.br\/index.php?rest_route=\/wp\/v2\/posts\/99130\/revisions"}],"wp:featuredmedia":[{"embeddable":true,"href":"https:\/\/noticiasbahia360.com.br\/index.php?rest_route=\/wp\/v2\/media\/99131"}],"wp:attachment":[{"href":"https:\/\/noticiasbahia360.com.br\/index.php?rest_route=%2Fwp%2Fv2%2Fmedia&parent=99130"}],"wp:term":[{"taxonomy":"category","embeddable":true,"href":"https:\/\/noticiasbahia360.com.br\/index.php?rest_route=%2Fwp%2Fv2%2Fcategories&post=99130"},{"taxonomy":"post_tag","embeddable":true,"href":"https:\/\/noticiasbahia360.com.br\/index.php?rest_route=%2Fwp%2Fv2%2Ftags&post=99130"}],"curies":[{"name":"wp","href":"https:\/\/api.w.org\/{rel}","templated":true}]}}