{"id":99132,"date":"2025-08-31T11:35:41","date_gmt":"2025-08-31T14:35:41","guid":{"rendered":"https:\/\/noticiasbahia360.com.br\/?p=99132"},"modified":"2025-08-31T11:35:41","modified_gmt":"2025-08-31T14:35:41","slug":"agosto-lilas-encerra-com-1o-aulao-de-defesa-pessoal-para-mulheres-em-feira-de-santana-lutadora-virna-jandiroba-participou","status":"publish","type":"post","link":"https:\/\/noticiasbahia360.com.br\/?p=99132","title":{"rendered":"Agosto Lil\u00e1s encerra com 1\u00ba Aul\u00e3o de defesa pessoal para mulheres em Feira de Santana; lutadora Virna Jandiroba participou"},"content":{"rendered":"<div>\n<div>\n<figure><img decoding=\"async\" src=\"http:\/\/noticiasbahia360.com.br\/wp-content\/uploads\/2025\/08\/aulao-de-defesa-pessoal-da-civil-7.webp\" alt=\"Agosto Lil\u00e1s encerra com 1\u00ba Aul\u00e3o de defesa pessoal para mulheres da Deam de Feira de Santana\"><figcaption>Foto: Ascom\/PC<\/figcaption><\/figure>\n<\/div>\n<p>A Delegacia Especializada de Atendimento \u00e0 Mulher (Deam) de Feira de Santana realizou, no s\u00e1bado (30), o 1\u00ba Aul\u00e3o de Defesa Pessoal para Mulheres, no Gin\u00e1sio de Esportes Municipal. A iniciativa, que marcou o encerramento das programa\u00e7\u00f5es do Agosto Lil\u00e1s, contou com o apoio da Secretaria de Pol\u00edticas para Mulheres do munic\u00edpio.<\/p>\n<figure class=\"wp-block-image size-large\"><img fetchpriority=\"high\" fetchpriority=\"high\" decoding=\"async\" width=\"1194\" height=\"768\" src=\"http:\/\/noticiasbahia360.com.br\/wp-content\/uploads\/2025\/08\/aulao-de-defesa-pessoal-da-civil-2-1194x768-1.webp\" alt=\"Agosto Lil\u00e1s encerra com 1\u00ba Aul\u00e3o de defesa pessoal para mulheres da Deam de Feira de Santana\" class=\"wp-image-586612\" srcset=\"https:\/\/uploads.acordacidade.com.br\/2025\/08\/aulao-de-defesa-pessoal-da-civil-2-567x365.webp 567w, http:\/\/noticiasbahia360.com.br\/wp-content\/uploads\/2025\/08\/aulao-de-defesa-pessoal-da-civil-2-1194x768-1.webp 1194w, https:\/\/uploads.acordacidade.com.br\/2025\/08\/aulao-de-defesa-pessoal-da-civil-2-860x553.webp 860w, https:\/\/uploads.acordacidade.com.br\/2025\/08\/aulao-de-defesa-pessoal-da-civil-2-140x90.webp 140w, https:\/\/uploads.acordacidade.com.br\/2025\/08\/aulao-de-defesa-pessoal-da-civil-2-368x237.webp 368w, https:\/\/uploads.acordacidade.com.br\/2025\/08\/aulao-de-defesa-pessoal-da-civil-2-150x97.webp 150w, https:\/\/uploads.acordacidade.com.br\/2025\/08\/aulao-de-defesa-pessoal-da-civil-2.webp 1200w\" sizes=\"(max-width: 1194px) 100vw, 1194px\"><figcaption class=\"wp-element-caption\">Foto: Ascom\/PC<\/figcaption><\/figure>\n<p>As instru\u00e7\u00f5es foram ministradas por lutadoras profissionais, sob o comando da campe\u00e3 do UFC, Virna Jandiroba, que conduziu uma s\u00e9rie de t\u00e9cnicas voltadas \u00e0 defesa e seguran\u00e7a pessoal das participantes. O evento reuniu dezenas de mulheres que, de forma coletiva, puderam aprender recursos simples e eficazes de autoprote\u00e7\u00e3o.<\/p>\n<figure class=\"wp-block-image size-large\"><img decoding=\"async\" width=\"1056\" height=\"768\" src=\"http:\/\/noticiasbahia360.com.br\/wp-content\/uploads\/2025\/08\/aulao-de-defesa-pessoal-da-civil-5-1056x768-1.webp\" alt=\" com Virna Jandiroba \" class=\"wp-image-586609\" srcset=\"https:\/\/uploads.acordacidade.com.br\/2025\/08\/aulao-de-defesa-pessoal-da-civil-5-502x365.webp 502w, http:\/\/noticiasbahia360.com.br\/wp-content\/uploads\/2025\/08\/aulao-de-defesa-pessoal-da-civil-5-1056x768-1.webp 1056w, https:\/\/uploads.acordacidade.com.br\/2025\/08\/aulao-de-defesa-pessoal-da-civil-5-760x553.webp 760w, https:\/\/uploads.acordacidade.com.br\/2025\/08\/aulao-de-defesa-pessoal-da-civil-5-140x102.webp 140w, https:\/\/uploads.acordacidade.com.br\/2025\/08\/aulao-de-defesa-pessoal-da-civil-5-326x237.webp 326w, https:\/\/uploads.acordacidade.com.br\/2025\/08\/aulao-de-defesa-pessoal-da-civil-5-150x109.webp 150w, https:\/\/uploads.acordacidade.com.br\/2025\/08\/aulao-de-defesa-pessoal-da-civil-5.webp 1200w\" sizes=\"(max-width: 1056px) 100vw, 1056px\"><figcaption class=\"wp-element-caption\">Foto: Ascom\/PC<\/figcaption><\/figure>\n<p>A atividade contou com a presen\u00e7a da Ronda Maria da Penha, da Comiss\u00e3o da Mulher da OAB e da empresa de saneamento Sustentare, refor\u00e7ando a uni\u00e3o de diferentes institui\u00e7\u00f5es em prol do enfrentamento \u00e0 viol\u00eancia de g\u00eanero.<\/p>\n<figure class=\"wp-block-image size-full\"><img decoding=\"async\" width=\"1200\" height=\"675\" src=\"http:\/\/noticiasbahia360.com.br\/wp-content\/uploads\/2025\/08\/aulao-de-defesa-pessoal-da-civil-4.webp\" alt=\"Agosto Lil\u00e1s encerra com 1\u00ba Aul\u00e3o de defesa pessoal para mulheres da Deam de Feira de Santana\" class=\"wp-image-586610\" srcset=\"https:\/\/uploads.acordacidade.com.br\/2025\/08\/aulao-de-defesa-pessoal-da-civil-4-648x365.webp 648w, https:\/\/uploads.acordacidade.com.br\/2025\/08\/aulao-de-defesa-pessoal-da-civil-4-140x79.webp 140w, https:\/\/uploads.acordacidade.com.br\/2025\/08\/aulao-de-defesa-pessoal-da-civil-4-421x237.webp 421w, https:\/\/uploads.acordacidade.com.br\/2025\/08\/aulao-de-defesa-pessoal-da-civil-4-150x84.webp 150w, http:\/\/noticiasbahia360.com.br\/wp-content\/uploads\/2025\/08\/aulao-de-defesa-pessoal-da-civil-4.webp 1200w\" sizes=\"(max-width: 1200px) 100vw, 1200px\"><figcaption class=\"wp-element-caption\">Foto: Ascom\/PC<\/figcaption><\/figure>\n<p>De acordo com a Deam, a pr\u00e1tica da defesa pessoal representa um instrumento essencial na luta contra a viol\u00eancia dom\u00e9stica, n\u00e3o apenas pelo aprendizado das t\u00e9cnicas, mas tamb\u00e9m pelo fortalecimento psicol\u00f3gico e pela constru\u00e7\u00e3o da autonomia das mulheres. O Aul\u00e3o, al\u00e9m de promover o desenvolvimento feminino, buscou conscientizar sobre a import\u00e2ncia de romper ciclos de viol\u00eancia e ampliar a rede de apoio e prote\u00e7\u00e3o.<\/p>\n<figure class=\"wp-block-image size-full\"><img decoding=\"async\" width=\"1200\" height=\"691\" src=\"http:\/\/noticiasbahia360.com.br\/wp-content\/uploads\/2025\/08\/aulao-de-defesa-pessoal-da-civil-6.webp\" alt=\"Agosto Lil\u00e1s encerra com 1\u00ba Aul\u00e3o de defesa pessoal para mulheres da Deam de Feira de Santana\" class=\"wp-image-586608\" srcset=\"https:\/\/uploads.acordacidade.com.br\/2025\/08\/aulao-de-defesa-pessoal-da-civil-6-634x365.webp 634w, https:\/\/uploads.acordacidade.com.br\/2025\/08\/aulao-de-defesa-pessoal-da-civil-6-960x553.webp 960w, https:\/\/uploads.acordacidade.com.br\/2025\/08\/aulao-de-defesa-pessoal-da-civil-6-140x81.webp 140w, https:\/\/uploads.acordacidade.com.br\/2025\/08\/aulao-de-defesa-pessoal-da-civil-6-412x237.webp 412w, https:\/\/uploads.acordacidade.com.br\/2025\/08\/aulao-de-defesa-pessoal-da-civil-6-150x86.webp 150w, http:\/\/noticiasbahia360.com.br\/wp-content\/uploads\/2025\/08\/aulao-de-defesa-pessoal-da-civil-6.webp 1200w\" sizes=\"(max-width: 1200px) 100vw, 1200px\"><figcaption class=\"wp-element-caption\">Foto: Ascom\/PC<\/figcaption><\/figure>\n<p>Com essa a\u00e7\u00e3o, a Deam Feira de Santana encerrou o Agosto Lil\u00e1s reafirmando o compromisso de promover atividades de preven\u00e7\u00e3o, acolhimento e orienta\u00e7\u00e3o, consolidando o movimento de combate \u00e0 viol\u00eancia contra a mulher no munic\u00edpio.<\/p>\n<div id=\"gallery_68b45db2e4ecb\" class=\"seox-gallery-block template-gallery-grid my-5\">\n<div class=\"g-col-12 grid gap-1\">\n\t\t\t\t\t<a data-fancybox=\"gallery_68b45db2e4ecb\" data-caption=\"Foto: Ascom\/PC\" class=\"g-col-12 d-flex w-100 h-auto no-styled position-relative seox-gallery-item gallery-image-586613\" href=\"http:\/\/noticiasbahia360.com.br\/wp-content\/uploads\/2025\/08\/aulao-de-defesa-pessoal-da-civil-1.webp\"><\/p>\n<figure class=\"wp-caption alignnone img-fluid\"><img loading=\"lazy\" decoding=\"async\" width=\"1026\" height=\"720\" src=\"http:\/\/noticiasbahia360.com.br\/wp-content\/uploads\/2025\/08\/aulao-de-defesa-pessoal-da-civil-1.webp\" class=\"aspect-16x9 w-100 h-auto fit-cover\" alt=\"Agosto Lil\u00e1s encerra com 1\u00ba Aul\u00e3o de defesa pessoal para mulheres da Deam de Feira de Santana\" title=\"Agosto Lil\u00e1s encerra com 1\u00ba Aul\u00e3o de defesa pessoal para mulheres da Deam de Feira de Santana\" srcset=\"http:\/\/noticiasbahia360.com.br\/wp-content\/uploads\/2025\/08\/aulao-de-defesa-pessoal-da-civil-1.webp 1200w\" sizes=\"100vw\"><figcaption class=\"wp-caption-text\">Foto: Ascom\/PC<\/figcaption><\/figure>\n<p>\t\t\t<\/a><br \/>\n\t\t\t\t\t\t<a data-fancybox=\"gallery_68b45db2e4ecb\" data-caption=\"Foto: Ascom\/PC\" class=\"g-col-6 lg:g-col-3 d-flex w-100 h-auto no-styled position-relative seox-gallery-item gallery-image-586614\" href=\"https:\/\/uploads.acordacidade.com.br\/2025\/08\/aulao-de-defesa-pessoal-da-civil-.webp\"><br \/>\n\t\t\t<img loading=\"lazy\" decoding=\"async\" width=\"400\" height=\"345\" src=\"http:\/\/noticiasbahia360.com.br\/wp-content\/uploads\/2025\/08\/aulao-de-defesa-pessoal-da-civil-642x553-1.webp\" class=\"aspect-16x9 lg:aspect-1x1 w-100 h-auto fit-cover\" alt=\"Agosto Lil\u00e1s encerra com 1\u00ba Aul\u00e3o de defesa pessoal para mulheres da Deam de Feira de Santana\" title=\"Agosto Lil\u00e1s encerra com 1\u00ba Aul\u00e3o de defesa pessoal para mulheres da Deam de Feira de Santana\" srcset=\"http:\/\/noticiasbahia360.com.br\/wp-content\/uploads\/2025\/08\/aulao-de-defesa-pessoal-da-civil-642x553-1.webp 1200w\" sizes=\"100vw\">\t\t\t<\/a><br \/>\n\t\t\t\t\t\t<a data-fancybox=\"gallery_68b45db2e4ecb\" data-caption=\"Foto: Ascom\/PC\" class=\"g-col-6 lg:g-col-3 d-flex w-100 h-auto no-styled position-relative seox-gallery-item gallery-image-586615\" href=\"https:\/\/uploads.acordacidade.com.br\/2025\/08\/aulao-de-defesa-pessoal-da-civil.webp\"><br \/>\n\t\t\t<img loading=\"lazy\" decoding=\"async\" width=\"400\" height=\"307\" src=\"http:\/\/noticiasbahia360.com.br\/wp-content\/uploads\/2025\/08\/aulao-de-defesa-pessoal-da-civil-721x553-1.webp\" class=\"aspect-16x9 lg:aspect-1x1 w-100 h-auto fit-cover\" alt=\"aul\u00e3o de defesa pessoal da civil\" title=\"aul\u00e3o de defesa pessoal da civil\" srcset=\"http:\/\/noticiasbahia360.com.br\/wp-content\/uploads\/2025\/08\/aulao-de-defesa-pessoal-da-civil-721x553-1.webp 1200w\" sizes=\"100vw\">\t\t\t<\/a><br \/>\n\t\t\t\t\t\t<a data-fancybox=\"gallery_68b45db2e4ecb\" data-caption=\"Foto: Ascom\/PC\" class=\"g-col-6 lg:g-col-3 d-flex w-100 h-auto no-styled position-relative seox-gallery-item gallery-image-586611\" href=\"https:\/\/uploads.acordacidade.com.br\/2025\/08\/aulao-de-defesa-pessoal-da-civil-3.webp\"><br \/>\n\t\t\t<img loading=\"lazy\" decoding=\"async\" width=\"400\" height=\"262\" src=\"http:\/\/noticiasbahia360.com.br\/wp-content\/uploads\/2025\/08\/aulao-de-defesa-pessoal-da-civil-3-843x553-1.webp\" class=\"aspect-16x9 lg:aspect-1x1 w-100 h-auto fit-cover\" alt=\"Agosto Lil\u00e1s encerra com 1\u00ba Aul\u00e3o de defesa pessoal para mulheres da Deam de Feira de Santana\" title=\"Agosto Lil\u00e1s encerra com 1\u00ba Aul\u00e3o de defesa pessoal para mulheres da Deam de Feira de Santana\" srcset=\"http:\/\/noticiasbahia360.com.br\/wp-content\/uploads\/2025\/08\/aulao-de-defesa-pessoal-da-civil-3-843x553-1.webp 1200w\" sizes=\"100vw\">\t\t\t<\/a><br \/>\n\t\t\t\t\t\t<a data-fancybox=\"gallery_68b45db2e4ecb\" data-caption=\"Foto: Ascom\/PC\" class=\"g-col-6 lg:g-col-3 d-flex w-100 h-auto no-styled position-relative seox-gallery-item gallery-image-586606\" href=\"https:\/\/uploads.acordacidade.com.br\/2025\/08\/aulao-de-defesa-pessoal-da-civil-8.webp\"><br \/>\n\t\t\t<img loading=\"lazy\" decoding=\"async\" width=\"400\" height=\"291\" src=\"http:\/\/noticiasbahia360.com.br\/wp-content\/uploads\/2025\/08\/aulao-de-defesa-pessoal-da-civil-8-760x553-1.webp\" class=\"aspect-16x9 lg:aspect-1x1 w-100 h-auto fit-cover\" alt=\"Agosto Lil\u00e1s encerra com 1\u00ba Aul\u00e3o de defesa pessoal para mulheres da Deam de Feira de Santana\" title=\"Agosto Lil\u00e1s encerra com 1\u00ba Aul\u00e3o de defesa pessoal para mulheres da Deam de Feira de Santana\" srcset=\"http:\/\/noticiasbahia360.com.br\/wp-content\/uploads\/2025\/08\/aulao-de-defesa-pessoal-da-civil-8-760x553-1.webp 1200w\" sizes=\"100vw\">\t\t\t<\/a>\n\t\t\t\t<\/div>\n<\/div>\n<p><em>Siga o Acorda Cidade no<\/em><a href=\"https:\/\/news.google.com\/search?q=acorda%20cidade&amp;hl=pt-BR&amp;gl=BR&amp;ceid=BR%3Apt-419\"><strong><em>\u00a0Google Not\u00edcias<\/em><\/strong><\/a><em>\u00a0e receba os principais destaques do dia. Participe tamb\u00e9m dos nossos canais no\u00a0<\/em><a href=\"https:\/\/www.whatsapp.com\/channel\/0029Va6Rb4v3WHTNnsh8WI3N\"><strong><em>WhatsApp<\/em><\/strong><\/a><em>\u00a0e\u00a0<\/em><a href=\"https:\/\/www.youtube.com\/@acordacidadenoticias\/videos\"><strong>Youtube<\/strong><\/a><em>\u00a0e grupo de\u00a0<\/em><a href=\"https:\/\/t.me\/+sSz0khrgARA0ZmRh\"><strong><em>Telegram<\/em><\/strong><\/a><em>.<\/em><\/p>\n<\/div>\n","protected":false},"excerpt":{"rendered":"<div>\n<div>\n<figure><img decoding=\"async\" src=\"https:\/\/uploads.acordacidade.com.br\/2025\/08\/aulao-de-defesa-pessoal-da-civil-7.webp\" alt=\"Agosto Lil\u00e1s encerra com 1\u00ba Aul\u00e3o de defesa pessoal para mulheres da Deam de Feira de Santana\"><figcaption>Foto: Ascom\/PC<\/figcaption><\/figure>\n<\/div>\n<p>A iniciativa, que marcou o encerramento das programa\u00e7\u00f5es do Agosto Lil\u00e1s, contou com o apoio da Secretaria de Pol\u00edticas para Mulheres.<\/p><\/div>\n","protected":false},"author":1,"featured_media":99133,"comment_status":"closed","ping_status":"closed","sticky":false,"template":"","format":"gallery","meta":{"footnotes":""},"categories":[8,9,6,57,56,10],"tags":[],"class_list":["post-99132","post","type-post","status-publish","format-gallery","has-post-thumbnail","hentry","category-bahia","category-brasil","category-feira-de-santana","category-mundo","category-policia","category-politica","post_format-post-format-gallery"],"featured_image_urls":{"full":["https:\/\/noticiasbahia360.com.br\/wp-content\/uploads\/2025\/08\/aulao-de-defesa-pessoal-da-civil-7.webp",1200,873,false],"thumbnail":["https:\/\/noticiasbahia360.com.br\/wp-content\/uploads\/2025\/08\/aulao-de-defesa-pessoal-da-civil-7-150x150.webp",150,150,true],"medium":["https:\/\/noticiasbahia360.com.br\/wp-content\/uploads\/2025\/08\/aulao-de-defesa-pessoal-da-civil-7-300x218.webp",300,218,true],"medium_large":["https:\/\/noticiasbahia360.com.br\/wp-content\/uploads\/2025\/08\/aulao-de-defesa-pessoal-da-civil-7-768x559.webp",640,466,true],"large":["https:\/\/noticiasbahia360.com.br\/wp-content\/uploads\/2025\/08\/aulao-de-defesa-pessoal-da-civil-7-1024x745.webp",640,466,true],"1536x1536":["https:\/\/noticiasbahia360.com.br\/wp-content\/uploads\/2025\/08\/aulao-de-defesa-pessoal-da-civil-7.webp",1200,873,false],"2048x2048":["https:\/\/noticiasbahia360.com.br\/wp-content\/uploads\/2025\/08\/aulao-de-defesa-pessoal-da-civil-7.webp",1200,873,false],"chromenews-featured":["https:\/\/noticiasbahia360.com.br\/wp-content\/uploads\/2025\/08\/aulao-de-defesa-pessoal-da-civil-7-1024x745.webp",1024,745,true],"chromenews-large":["https:\/\/noticiasbahia360.com.br\/wp-content\/uploads\/2025\/08\/aulao-de-defesa-pessoal-da-civil-7-825x575.webp",825,575,true],"chromenews-medium":["https:\/\/noticiasbahia360.com.br\/wp-content\/uploads\/2025\/08\/aulao-de-defesa-pessoal-da-civil-7-590x410.webp",590,410,true]},"author_info":{"display_name":"noticiasbahia360.com.br","author_link":"https:\/\/noticiasbahia360.com.br\/?author=1"},"category_info":"<a href=\"https:\/\/noticiasbahia360.com.br\/?cat=8\" rel=\"category\">Bahia<\/a> <a href=\"https:\/\/noticiasbahia360.com.br\/?cat=9\" rel=\"category\">Brasil<\/a> <a href=\"https:\/\/noticiasbahia360.com.br\/?cat=6\" rel=\"category\">Feira de Santana<\/a> <a href=\"https:\/\/noticiasbahia360.com.br\/?cat=57\" rel=\"category\">Mundo<\/a> <a href=\"https:\/\/noticiasbahia360.com.br\/?cat=56\" rel=\"category\">Pol\u00edcia<\/a> <a href=\"https:\/\/noticiasbahia360.com.br\/?cat=10\" rel=\"category\">Pol\u00edtica<\/a>","tag_info":"Pol\u00edtica","comment_count":"0","_links":{"self":[{"href":"https:\/\/noticiasbahia360.com.br\/index.php?rest_route=\/wp\/v2\/posts\/99132","targetHints":{"allow":["GET"]}}],"collection":[{"href":"https:\/\/noticiasbahia360.com.br\/index.php?rest_route=\/wp\/v2\/posts"}],"about":[{"href":"https:\/\/noticiasbahia360.com.br\/index.php?rest_route=\/wp\/v2\/types\/post"}],"author":[{"embeddable":true,"href":"https:\/\/noticiasbahia360.com.br\/index.php?rest_route=\/wp\/v2\/users\/1"}],"replies":[{"embeddable":true,"href":"https:\/\/noticiasbahia360.com.br\/index.php?rest_route=%2Fwp%2Fv2%2Fcomments&post=99132"}],"version-history":[{"count":0,"href":"https:\/\/noticiasbahia360.com.br\/index.php?rest_route=\/wp\/v2\/posts\/99132\/revisions"}],"wp:featuredmedia":[{"embeddable":true,"href":"https:\/\/noticiasbahia360.com.br\/index.php?rest_route=\/wp\/v2\/media\/99133"}],"wp:attachment":[{"href":"https:\/\/noticiasbahia360.com.br\/index.php?rest_route=%2Fwp%2Fv2%2Fmedia&parent=99132"}],"wp:term":[{"taxonomy":"category","embeddable":true,"href":"https:\/\/noticiasbahia360.com.br\/index.php?rest_route=%2Fwp%2Fv2%2Fcategories&post=99132"},{"taxonomy":"post_tag","embeddable":true,"href":"https:\/\/noticiasbahia360.com.br\/index.php?rest_route=%2Fwp%2Fv2%2Ftags&post=99132"}],"curies":[{"name":"wp","href":"https:\/\/api.w.org\/{rel}","templated":true}]}}