{"id":99147,"date":"2025-08-31T12:10:31","date_gmt":"2025-08-31T15:10:31","guid":{"rendered":"https:\/\/noticiasbahia360.com.br\/?p=99147"},"modified":"2025-08-31T12:10:31","modified_gmt":"2025-08-31T15:10:31","slug":"conheca-a-historia-de-superacao-da-gatinha-que-virou-mascote-de-delegacia-em-feira-de-santana","status":"publish","type":"post","link":"https:\/\/noticiasbahia360.com.br\/?p=99147","title":{"rendered":"Conhe\u00e7a a hist\u00f3ria de supera\u00e7\u00e3o da gatinha que virou mascote de delegacia em Feira de Santana"},"content":{"rendered":"<div>\n<div>\n<figure><img decoding=\"async\" src=\"http:\/\/noticiasbahia360.com.br\/wp-content\/uploads\/2025\/08\/Gata-mascote-de-delegacia-em-Feira-de-Santana-2.webp\" alt=\"Conhe\u00e7a a hist\u00f3ria da gatinha que virou mascote de delegacia em Feira de Santana\"><figcaption>Foto: Investigador de Pol\u00edcia Civil Portugal<\/figcaption><\/figure>\n<\/div>\n<p>A rotina de investiga\u00e7\u00f5es da 1\u00aa Delegacia Territorial (DT), no bairro Jomafa, em\u00a0Feira de Santana, ganhou um toque de leveza e afeto gra\u00e7as a Carol, uma gatinha que nasceu no p\u00e1tio da unidade policial e se tornou parte da equipe\u00a0desde 2015.<\/p>\n<p>O animal, que chegou ainda filhote ap\u00f3s ter sido abandonado, conquistou a aten\u00e7\u00e3o do investigador da Pol\u00edcia Civil, Alizeu Portugal, que passou a cuidar dele. Com o tempo, Carol virou companhia insepar\u00e1vel dos policiais de plant\u00e3o.<\/p>\n<blockquote class=\"wp-block-quote is-layout-flow wp-block-quote-is-layout-flow\">\n<p>\u201cQuando eu chegava para o servi\u00e7o, ela vinha me receber antes mesmo de eu descer do carro. Ficava ao meu lado o tempo todo, parecia at\u00e9 um cachorro\u201d, recorda Portugal.<\/p>\n<\/blockquote>\n<p>Ao crescer, Carol desenvolveu um c\u00e2ncer de mama, o que mobilizou os servidores da delegacia. Juntos, os policiais organizaram uma campanha para custear a cirurgia em uma cl\u00ednica veterin\u00e1ria da cidade.<\/p>\n<figure class=\"wp-block-image size-large\"><img fetchpriority=\"high\" fetchpriority=\"high\" decoding=\"async\" width=\"993\" height=\"768\" src=\"http:\/\/noticiasbahia360.com.br\/wp-content\/uploads\/2025\/08\/Gata-mascote-de-delegacia-em-Feira-de-Santana-993x768-1.webp\" alt=\"Conhe\u00e7a a hist\u00f3ria da gatinha que virou mascote de delegacia em Feira de Santana\" class=\"wp-image-586628\" srcset=\"https:\/\/uploads.acordacidade.com.br\/2025\/08\/Gata-mascote-de-delegacia-em-Feira-de-Santana-472x365.webp 472w, http:\/\/noticiasbahia360.com.br\/wp-content\/uploads\/2025\/08\/Gata-mascote-de-delegacia-em-Feira-de-Santana-993x768-1.webp 993w, https:\/\/uploads.acordacidade.com.br\/2025\/08\/Gata-mascote-de-delegacia-em-Feira-de-Santana-715x553.webp 715w, https:\/\/uploads.acordacidade.com.br\/2025\/08\/Gata-mascote-de-delegacia-em-Feira-de-Santana-140x108.webp 140w, https:\/\/uploads.acordacidade.com.br\/2025\/08\/Gata-mascote-de-delegacia-em-Feira-de-Santana-306x237.webp 306w, https:\/\/uploads.acordacidade.com.br\/2025\/08\/Gata-mascote-de-delegacia-em-Feira-de-Santana-150x116.webp 150w, https:\/\/uploads.acordacidade.com.br\/2025\/08\/Gata-mascote-de-delegacia-em-Feira-de-Santana.webp 1200w\" sizes=\"(max-width: 993px) 100vw, 993px\"><figcaption class=\"wp-element-caption\">Foto: Investigador de Pol\u00edcia Civil Portugal<\/figcaption><\/figure>\n<p>Ap\u00f3s o procedimento, Carol passou por um per\u00edodo de recupera\u00e7\u00e3o na casa do investigador, que cuidou dos medicamentos e da higieniza\u00e7\u00e3o dos pontos cir\u00fargicos. Nesse per\u00edodo, o policial foi surpreendido: a gata ficou prenha. Pouco depois, deu \u00e0 luz cinco filhotes.<\/p>\n<p>Como Carol n\u00e3o tinha condi\u00e7\u00e3o de amamentar todos, j\u00e1 que havia ficado apenas com duas mamas ap\u00f3s a cirurgia, Portugal comprou leite espec\u00edfico e passou a alimentar os filhotes com mamadeira. Assim que cresceram, os filhotes foram doados.<\/p>\n<figure class=\"wp-block-image size-full\"><img decoding=\"async\" width=\"1200\" height=\"720\" src=\"http:\/\/noticiasbahia360.com.br\/wp-content\/uploads\/2025\/08\/Gata-mascote-de-delegacia-em-Feira-de-Santana-.webp\" alt=\"Conhe\u00e7a a hist\u00f3ria da gatinha que virou mascote de delegacia em Feira de Santana\" class=\"wp-image-586627\" srcset=\"https:\/\/uploads.acordacidade.com.br\/2025\/08\/Gata-mascote-de-delegacia-em-Feira-de-Santana--608x365.webp 608w, https:\/\/uploads.acordacidade.com.br\/2025\/08\/Gata-mascote-de-delegacia-em-Feira-de-Santana--922x553.webp 922w, https:\/\/uploads.acordacidade.com.br\/2025\/08\/Gata-mascote-de-delegacia-em-Feira-de-Santana--140x84.webp 140w, https:\/\/uploads.acordacidade.com.br\/2025\/08\/Gata-mascote-de-delegacia-em-Feira-de-Santana--395x237.webp 395w, https:\/\/uploads.acordacidade.com.br\/2025\/08\/Gata-mascote-de-delegacia-em-Feira-de-Santana--150x90.webp 150w, http:\/\/noticiasbahia360.com.br\/wp-content\/uploads\/2025\/08\/Gata-mascote-de-delegacia-em-Feira-de-Santana-.webp 1200w\" sizes=\"(max-width: 1200px) 100vw, 1200px\"><figcaption class=\"wp-element-caption\">Foto: Investigador de Pol\u00edcia Civil Portugal<\/figcaption><\/figure>\n<p>Ainda segundo o investigador, ap\u00f3s ficar com a sa\u00fade restabelecida,\u00a0<strong>Carol voltou para a delegacia, onde foi recebida com alegria pelos colegas de plant\u00e3o<\/strong>. Para garantir que n\u00e3o passasse por novas gesta\u00e7\u00f5es, ela foi castrada e, desde ent\u00e3o, circula livremente pela unidade, recebendo cuidados e carinhos de todos.<\/p>\n<p>Portugal, que hoje atua em outra unidade policial, afirma que ainda visita a mascote. \u201cEla permanece na 1\u00aa delegacia junto aos colegas de plant\u00e3o. Sempre que posso, vou v\u00ea-la para matar a saudade e [ela] segue sendo bem tratada pelos meus colegas\u201d, garantiu.<\/p>\n<h2 class=\"wp-block-heading\" id=\"h-de-mascote-a-simbolo-de-afeto\">De mascote a s\u00edmbolo de afeto<\/h2>\n<p>Para o delegado e coordenador regional de Pol\u00edcia Civil do Interior (Coorpin),\u00a0<strong>Yves Correria<\/strong>, a hist\u00f3ria de Carol mostra um lado pouco conhecido do trabalho policial: a sensibilidade.<\/p>\n<blockquote class=\"wp-block-quote is-layout-flow wp-block-quote-is-layout-flow\">\n<p>\u201cO que mais me chamou aten\u00e7\u00e3o foi a demonstra\u00e7\u00e3o de empatia e responsabilidade dos policiais e servidores. Mesmo diante de uma rotina intensa, eles n\u00e3o hesitaram em cuidar dela quando adoeceu. Isso revela um lado humano e comprometido que muitas vezes passa despercebido\u201d, ressaltou.<\/p>\n<\/blockquote>\n<p>Ele ressalta ainda que a presen\u00e7a da gata humaniza o ambiente. \u201cEla quebra a rigidez natural de uma delegacia, traz leveza aos dias mais dif\u00edceis e cria uma conex\u00e3o emocional entre servidores e tamb\u00e9m com a popula\u00e7\u00e3o que frequenta a unidade\u201d.<\/p>\n<figure class=\"wp-block-image size-large is-resized\"><img decoding=\"async\" width=\"605\" height=\"768\" src=\"http:\/\/noticiasbahia360.com.br\/wp-content\/uploads\/2025\/08\/Gata-mascote-de-delegacia-em-Feira-de-Santana-1-605x768-1.webp\" alt=\"Conhe\u00e7a a hist\u00f3ria da gatinha que virou mascote de delegacia em Feira de Santana\" class=\"wp-image-586626\" style=\"width:829px;height:auto\" srcset=\"https:\/\/uploads.acordacidade.com.br\/2025\/08\/Gata-mascote-de-delegacia-em-Feira-de-Santana-1-288x365.webp 288w, http:\/\/noticiasbahia360.com.br\/wp-content\/uploads\/2025\/08\/Gata-mascote-de-delegacia-em-Feira-de-Santana-1-605x768-1.webp 605w, https:\/\/uploads.acordacidade.com.br\/2025\/08\/Gata-mascote-de-delegacia-em-Feira-de-Santana-1-436x553.webp 436w, https:\/\/uploads.acordacidade.com.br\/2025\/08\/Gata-mascote-de-delegacia-em-Feira-de-Santana-1-110x140.webp 110w, https:\/\/uploads.acordacidade.com.br\/2025\/08\/Gata-mascote-de-delegacia-em-Feira-de-Santana-1-187x237.webp 187w, https:\/\/uploads.acordacidade.com.br\/2025\/08\/Gata-mascote-de-delegacia-em-Feira-de-Santana-1-150x190.webp 150w, https:\/\/uploads.acordacidade.com.br\/2025\/08\/Gata-mascote-de-delegacia-em-Feira-de-Santana-1.webp 1200w\" sizes=\"(max-width: 605px) 100vw, 605px\"><figcaption class=\"wp-element-caption\">Para o delegado Yves Correia, a hist\u00f3ria de Carol mostra a sensibilidade do trabalho policial | Foto: Arquivo Pessoal\/Yves Correia<\/figcaption><\/figure>\n<p>Hoje, Carol segue circulando pelos corredores da delegacia como parte oficial da rotina, sendo lembrada como a gata que conquistou uma corpora\u00e7\u00e3o inteira com sua resist\u00eancia e do\u00e7ura.<\/p>\n<p><em>Fonte: g1<\/em><\/p>\n<p><em>Siga o Acorda Cidade no<\/em><a href=\"https:\/\/news.google.com\/search?q=acorda%20cidade&amp;hl=pt-BR&amp;gl=BR&amp;ceid=BR%3Apt-419\"><strong><em>\u00a0Google Not\u00edcias<\/em><\/strong><\/a><em>\u00a0e receba os principais destaques do dia. Participe tamb\u00e9m dos nossos canais no\u00a0<\/em><a href=\"https:\/\/www.whatsapp.com\/channel\/0029Va6Rb4v3WHTNnsh8WI3N\"><strong><em>WhatsApp<\/em><\/strong><\/a><em>\u00a0e\u00a0<\/em><a href=\"https:\/\/www.youtube.com\/@acordacidadenoticias\/videos\"><strong>YouTube<\/strong><\/a><em>\u00a0e grupo de\u00a0<\/em><a href=\"https:\/\/t.me\/+sSz0khrgARA0ZmRh\"><strong><em>Telegram<\/em><\/strong><\/a><em>.<\/em><\/p>\n<\/div>\n","protected":false},"excerpt":{"rendered":"<div>\n<div>\n<figure><img decoding=\"async\" src=\"https:\/\/uploads.acordacidade.com.br\/2025\/08\/Gata-mascote-de-delegacia-em-Feira-de-Santana-2.webp\" alt=\"Conhe\u00e7a a hist\u00f3ria da gatinha que virou mascote de delegacia em Feira de Santana\"><figcaption>Foto: Investigador de Pol\u00edcia Civil Portugal<\/figcaption><\/figure>\n<\/div>\n<p>O animal, que chegou ainda filhote ap\u00f3s ter sido abandonado, desenvolveu um c\u00e2ncer de mama, o que mobilizou os servidores da delegacia.<\/p><\/div>\n","protected":false},"author":1,"featured_media":99148,"comment_status":"closed","ping_status":"closed","sticky":false,"template":"","format":"gallery","meta":{"footnotes":""},"categories":[8,9,6,57,56,10],"tags":[],"class_list":["post-99147","post","type-post","status-publish","format-gallery","has-post-thumbnail","hentry","category-bahia","category-brasil","category-feira-de-santana","category-mundo","category-policia","category-politica","post_format-post-format-gallery"],"featured_image_urls":{"full":["https:\/\/noticiasbahia360.com.br\/wp-content\/uploads\/2025\/08\/Gata-mascote-de-delegacia-em-Feira-de-Santana-2.webp",1200,888,false],"thumbnail":["https:\/\/noticiasbahia360.com.br\/wp-content\/uploads\/2025\/08\/Gata-mascote-de-delegacia-em-Feira-de-Santana-2-150x150.webp",150,150,true],"medium":["https:\/\/noticiasbahia360.com.br\/wp-content\/uploads\/2025\/08\/Gata-mascote-de-delegacia-em-Feira-de-Santana-2-300x222.webp",300,222,true],"medium_large":["https:\/\/noticiasbahia360.com.br\/wp-content\/uploads\/2025\/08\/Gata-mascote-de-delegacia-em-Feira-de-Santana-2-768x568.webp",640,473,true],"large":["https:\/\/noticiasbahia360.com.br\/wp-content\/uploads\/2025\/08\/Gata-mascote-de-delegacia-em-Feira-de-Santana-2-1024x758.webp",640,474,true],"1536x1536":["https:\/\/noticiasbahia360.com.br\/wp-content\/uploads\/2025\/08\/Gata-mascote-de-delegacia-em-Feira-de-Santana-2.webp",1200,888,false],"2048x2048":["https:\/\/noticiasbahia360.com.br\/wp-content\/uploads\/2025\/08\/Gata-mascote-de-delegacia-em-Feira-de-Santana-2.webp",1200,888,false],"chromenews-featured":["https:\/\/noticiasbahia360.com.br\/wp-content\/uploads\/2025\/08\/Gata-mascote-de-delegacia-em-Feira-de-Santana-2-1024x758.webp",1024,758,true],"chromenews-large":["https:\/\/noticiasbahia360.com.br\/wp-content\/uploads\/2025\/08\/Gata-mascote-de-delegacia-em-Feira-de-Santana-2-825x575.webp",825,575,true],"chromenews-medium":["https:\/\/noticiasbahia360.com.br\/wp-content\/uploads\/2025\/08\/Gata-mascote-de-delegacia-em-Feira-de-Santana-2-590x410.webp",590,410,true]},"author_info":{"display_name":"noticiasbahia360.com.br","author_link":"https:\/\/noticiasbahia360.com.br\/?author=1"},"category_info":"<a href=\"https:\/\/noticiasbahia360.com.br\/?cat=8\" rel=\"category\">Bahia<\/a> <a href=\"https:\/\/noticiasbahia360.com.br\/?cat=9\" rel=\"category\">Brasil<\/a> <a href=\"https:\/\/noticiasbahia360.com.br\/?cat=6\" rel=\"category\">Feira de Santana<\/a> <a href=\"https:\/\/noticiasbahia360.com.br\/?cat=57\" rel=\"category\">Mundo<\/a> <a href=\"https:\/\/noticiasbahia360.com.br\/?cat=56\" rel=\"category\">Pol\u00edcia<\/a> <a href=\"https:\/\/noticiasbahia360.com.br\/?cat=10\" rel=\"category\">Pol\u00edtica<\/a>","tag_info":"Pol\u00edtica","comment_count":"0","_links":{"self":[{"href":"https:\/\/noticiasbahia360.com.br\/index.php?rest_route=\/wp\/v2\/posts\/99147","targetHints":{"allow":["GET"]}}],"collection":[{"href":"https:\/\/noticiasbahia360.com.br\/index.php?rest_route=\/wp\/v2\/posts"}],"about":[{"href":"https:\/\/noticiasbahia360.com.br\/index.php?rest_route=\/wp\/v2\/types\/post"}],"author":[{"embeddable":true,"href":"https:\/\/noticiasbahia360.com.br\/index.php?rest_route=\/wp\/v2\/users\/1"}],"replies":[{"embeddable":true,"href":"https:\/\/noticiasbahia360.com.br\/index.php?rest_route=%2Fwp%2Fv2%2Fcomments&post=99147"}],"version-history":[{"count":0,"href":"https:\/\/noticiasbahia360.com.br\/index.php?rest_route=\/wp\/v2\/posts\/99147\/revisions"}],"wp:featuredmedia":[{"embeddable":true,"href":"https:\/\/noticiasbahia360.com.br\/index.php?rest_route=\/wp\/v2\/media\/99148"}],"wp:attachment":[{"href":"https:\/\/noticiasbahia360.com.br\/index.php?rest_route=%2Fwp%2Fv2%2Fmedia&parent=99147"}],"wp:term":[{"taxonomy":"category","embeddable":true,"href":"https:\/\/noticiasbahia360.com.br\/index.php?rest_route=%2Fwp%2Fv2%2Fcategories&post=99147"},{"taxonomy":"post_tag","embeddable":true,"href":"https:\/\/noticiasbahia360.com.br\/index.php?rest_route=%2Fwp%2Fv2%2Ftags&post=99147"}],"curies":[{"name":"wp","href":"https:\/\/api.w.org\/{rel}","templated":true}]}}