{"id":99152,"date":"2025-08-31T13:40:35","date_gmt":"2025-08-31T16:40:35","guid":{"rendered":"https:\/\/noticiasbahia360.com.br\/?p=99152"},"modified":"2025-08-31T13:40:35","modified_gmt":"2025-08-31T16:40:35","slug":"linkedin-9-especialistas-brasileiros-que-compartilham-conteudo-valioso-sobre-carreira","status":"publish","type":"post","link":"https:\/\/noticiasbahia360.com.br\/?p=99152","title":{"rendered":"LinkedIn: 9 especialistas brasileiros que compartilham conte\u00fado valioso sobre carreira"},"content":{"rendered":"<div>\n<div>\n<figure><img decoding=\"async\" src=\"http:\/\/noticiasbahia360.com.br\/wp-content\/uploads\/2025\/08\/linkdin-emprego-aplicativo-celular-foto-freepik.jpg\" alt=\"\"><figcaption>Foto: Freepik<\/figcaption><\/figure>\n<\/div>\n<p>No Brasil, o LinkedIn conta com mais de 75 milh\u00f5es de usu\u00e1rios \u2013 o terceiro maior mercado da plataforma, atr\u00e1s apenas de Estados Unidos e \u00cdndia. 65% dos usu\u00e1rios brasileiros do LinkedIn utilizam a plataforma para se candidatar a vagas de emprego, e 27% a consideram a principal ferramenta nessa busca. Al\u00e9m disso, muitos acessam a rede para se conectar com outros profissionais e acompanhar as novidades do mercado de trabalho. Nesse cen\u00e1rio, os conte\u00fados informativos v\u00eam ganhando cada vez mais relev\u00e2ncia e engajamento.<\/p>\n<p>O p\u00fablico da plataforma \u00e9 majoritariamente composto por millennials, que representam 51% dos perfis brasileiros. No entanto, a gera\u00e7\u00e3o Z \u00e9 o grupo que mais cresce no LinkedIn, j\u00e1 representando 40% dos usu\u00e1rios no pa\u00eds. Segundo dados da pr\u00f3pria rede, essa gera\u00e7\u00e3o busca, principalmente, oportunidades de emprego, mas tamb\u00e9m utiliza o LinkedIn para tirar d\u00favidas, seguir l\u00edderes e aprimorar habilidades \u2013 especialmente considerando o momento de entrada no mercado de trabalho.<\/p>\n<p>Com esse movimento, o LinkedIn permanece consolidado como um espa\u00e7o estrat\u00e9gico para quem deseja impulsionar a carreira e se manter atualizado sobre as tend\u00eancias do mundo profissional. E entre os formatos que mais se destacam nesse cen\u00e1rio est\u00e3o as newsletters, que trazem conte\u00fados exclusivos, elaborados por especialistas, diretamente para quem quer se manter bem-informado.<\/p>\n<h2 class=\"wp-block-heading\" id=\"h-conteudo-sobre-carreira-e-mercado-de-trabalho-no-linkedin\">Conte\u00fado sobre carreira e mercado de trabalho no LinkedIn<\/h2>\n<p>Pensando nisso, indicamos 9 especialistas brasileiros que est\u00e3o no LinkedIn falando sobre carreira em suas newsletters e s\u00e3o indispens\u00e1veis para quem quer se destacar no ambiente corporativo, seja em busca de uma nova oportunidade ou buscando acompanhar as principais\u00a0<strong>tend\u00eancias do mercado de trabalho.<\/strong><\/p>\n<ol class=\"wp-block-list\">\n<li>Ana Tomazelli \u2013 <a href=\"https:\/\/www.linkedin.com\/newsletters\/carreira-sem-sofrer-7128011233710026752\/\" target=\"_blank\" rel=\"noreferrer noopener\">Carreira sem Sofrer<\/a><\/li>\n<\/ol>\n<p>A psicanalista, Presidente do IPEFEM e autora dos livros \u201cDesista\u201d e \u201cCarreira sem Sofrer\u201d, Ana Tomazelli, traz na newsletter Carreira sem Sofrer temas como diversidade nas lideran\u00e7as, maternidade, sa\u00fade mental entre outros temas. A newsletter \u00e9 baseada na obra \u201cCarreira sem Sofrer: Como ter sucesso sem perder sa\u00fade e sem brigar com quem est\u00e1 perto de voc\u00ea\u201d.<\/p>\n<ol start=\"2\" class=\"wp-block-list\">\n<li>Raquel Christoff \u2013 <a href=\"https:\/\/www.linkedin.com\/newsletters\/empreendedorismo-e-transi%C3%A7%C3%A3o-6874346661003481088\/\" target=\"_blank\" rel=\"noreferrer noopener\">Empreendedorismo e Transi\u00e7\u00e3o!<\/a><\/li>\n<\/ol>\n<p>Mentora e coach de carreira, Raquel traz para o debate em sua newsletter assuntos relacionados ao empreendedorismo e transi\u00e7\u00e3o de carreira. A especialista fala sobre motiva\u00e7\u00e3o, metas, lideran\u00e7a e prop\u00f3sito.<\/p>\n<ol start=\"3\" class=\"wp-block-list\">\n<li>L\u00e9o Kauffmann \u2013 <a href=\"https:\/\/www.linkedin.com\/newsletters\/newsl%C3%A9otter-7081427289464291328\/\" target=\"_blank\" rel=\"noreferrer noopener\">NEWSL\u00c9OTTER<\/a><\/li>\n<\/ol>\n<p>CEO e curador do RH Summit, L\u00e9o Kauffmann aborda os temas como carreira, futuro do trabalho, semana de 4 dias, entre outros, de forma descontra\u00edda e conectando com elementos da cultura pop, como reality shows e cinema.\u00a0<\/p>\n<ol start=\"4\" class=\"wp-block-list\">\n<li>Antonio Muniz \u2013\u00a0 <a href=\"https:\/\/www.linkedin.com\/newsletters\/c%C3%B3digo-agiletech-7176178682003132416\/\" target=\"_blank\" rel=\"noreferrer noopener\">C\u00f3digo AgileTech<\/a>\u00a0<\/li>\n<\/ol>\n<p>O escritor, palestrante e professor de MBA Executivo Antonio Muniz discute temas relacionados \u00e0 tecnologia, inova\u00e7\u00e3o e pr\u00e1ticas \u00e1geis, trazendo insights sobre carreira, desenvolvimento profissional e smart skills. Autor do livro \u201cSmart Skills: Descubra seus pontos fortes para uma carreira produtiva e feliz\u201d, Muniz se baseia em seu extenso trabalho em consultoria estrat\u00e9gica e compartilha reflex\u00f5es baseadas em 20 anos liderando equipes de tecnologia e impactando milhares de pessoas por meio de consultorias, cursos e universidades.\u00a0<\/p>\n<ol start=\"5\" class=\"wp-block-list\">\n<li>Leandro Correa Martins \u2013 <a href=\"https:\/\/www.linkedin.com\/newsletters\/blog-sua-carreira-bsc-news-6936126962037891072\/\" target=\"_blank\" rel=\"noreferrer noopener\">Blog Sua Carreira<\/a><\/li>\n<\/ol>\n<p>Uma newsletter escrita pelo consultor Leandro Correa Martins, que sempre vem com dicas de carreira e neg\u00f3cios. Os assuntos s\u00e3o diversos e passam por temas desde o impacto que o Chat GPT pode causar na sua carreira profissional, at\u00e9 a semana de 4 dias de trabalho.\u00a0<\/p>\n<ol start=\"6\" class=\"wp-block-list\">\n<li>Paulo Augustinho \u2013 <a href=\"https:\/\/www.linkedin.com\/newsletters\/criando-pontes-para-o-futuro-6867461124883849216\/\" target=\"_blank\" rel=\"noreferrer noopener\">Criando Pontes para o Futuro<\/a>\u00a0<\/li>\n<\/ol>\n<p>O palestrante e mentor Paulo Augustinho compartilha dicas para quem est\u00e1 em busca de uma nova coloca\u00e7\u00e3o no mercado, tend\u00eancias de recrutamento e sele\u00e7\u00e3o, feedback, contrata\u00e7\u00f5es de profissionais s\u00eaniores, entre outros temas.\u00a0<\/p>\n<ol start=\"7\" class=\"wp-block-list\">\n<li>Cassiane Mendes da Silva \u2013 <a href=\"https:\/\/www.linkedin.com\/newsletters\/me-reorienta-7057511417913978880\/\" target=\"_blank\" rel=\"noreferrer noopener\">Me Reorienta!<\/a><\/li>\n<\/ol>\n<p>Cassiane, especialista em gest\u00e3o de pessoas, traz em sua newsletter temas como sa\u00fade mental no trabalho, reinven\u00e7\u00e3o na carreira, comunica\u00e7\u00e3o no ambiente de trabalho, entre outros temas sobre trajet\u00f3ria profissional.<\/p>\n<ol start=\"8\" class=\"wp-block-list\">\n<li>Roberto Mosquera \u2013\u00a0 <a href=\"https:\/\/www.linkedin.com\/newsletters\/al%C3%A9m-da-performance-7051959343549693952\/\" target=\"_blank\" rel=\"noreferrer noopener\">Al\u00e9m da Performance<\/a><\/li>\n<\/ol>\n<p>Nesta newsletter, o consultor e facilitador Roberto Mosquera fala sobre como \u00e9 poss\u00edvel equilibrar a press\u00e3o por resultados no trabalho e o nosso bem-estar pessoal, trazendo \u00e0 tona assuntos como produtividade, sa\u00fade mental, m\u00faltiplas carreiras, entre outros.\u00a0<\/p>\n<ol start=\"9\" class=\"wp-block-list\">\n<li>Carlos Manoel Freitas \u2013 <a href=\"https:\/\/www.linkedin.com\/newsletters\/linkedin-carreiras-6899741700533604352\/\" target=\"_blank\" rel=\"noreferrer noopener\">LinkedIn &amp; Carreiras<\/a><\/li>\n<\/ol>\n<p>O mentor Carlos Manoel Freitas traz dicas e insights para os profissionais que buscam oportunidades atrav\u00e9s do LinkedIn, dando orienta\u00e7\u00f5es sobre como tornar o perfil mais atrativo, constru\u00e7\u00e3o de marca pessoal, inova\u00e7\u00e3o e muito mais.\u00a0<\/p>\n<p><em>Siga o Acorda Cidade no<\/em><a href=\"https:\/\/news.google.com\/search?q=acorda%20cidade&amp;hl=pt-BR&amp;gl=BR&amp;ceid=BR%3Apt-419\"><strong><em>\u00a0Google Not\u00edcias<\/em><\/strong><\/a><em>\u00a0e receba os principais destaques do dia. Participe tamb\u00e9m dos nossos canais no\u00a0<\/em><a href=\"https:\/\/www.whatsapp.com\/channel\/0029Va6Rb4v3WHTNnsh8WI3N\"><strong><em>WhatsApp<\/em><\/strong><\/a><em>\u00a0e\u00a0<\/em><a href=\"https:\/\/www.youtube.com\/@acordacidadenoticias\/videos\"><strong>Youtube<\/strong><\/a><em>\u00a0e grupo de\u00a0<\/em><a href=\"https:\/\/t.me\/+sSz0khrgARA0ZmRh\"><strong><em>Telegram<\/em><\/strong><\/a><\/p>\n<\/div>\n","protected":false},"excerpt":{"rendered":"<div>\n<div>\n<figure><img decoding=\"async\" src=\"https:\/\/uploads.acordacidade.com.br\/2025\/08\/linkdin-emprego-aplicativo-celular-foto-freepik.jpg\" alt=\"\"><figcaption>Foto: Freepik<\/figcaption><\/figure>\n<\/div>\n<p>65% dos usu\u00e1rios brasileiros utilizam a plataforma para se candidatar a vagas de emprego. 27% a consideram a principal ferramenta nessa busca.<\/p><\/div>\n","protected":false},"author":1,"featured_media":99153,"comment_status":"closed","ping_status":"closed","sticky":false,"template":"","format":"gallery","meta":{"footnotes":""},"categories":[8,9,6,57,56,10],"tags":[],"class_list":["post-99152","post","type-post","status-publish","format-gallery","has-post-thumbnail","hentry","category-bahia","category-brasil","category-feira-de-santana","category-mundo","category-policia","category-politica","post_format-post-format-gallery"],"featured_image_urls":{"full":["https:\/\/noticiasbahia360.com.br\/wp-content\/uploads\/2025\/08\/linkdin-emprego-aplicativo-celular-foto-freepik.jpg",1200,800,false],"thumbnail":["https:\/\/noticiasbahia360.com.br\/wp-content\/uploads\/2025\/08\/linkdin-emprego-aplicativo-celular-foto-freepik-150x150.jpg",150,150,true],"medium":["https:\/\/noticiasbahia360.com.br\/wp-content\/uploads\/2025\/08\/linkdin-emprego-aplicativo-celular-foto-freepik-300x200.jpg",300,200,true],"medium_large":["https:\/\/noticiasbahia360.com.br\/wp-content\/uploads\/2025\/08\/linkdin-emprego-aplicativo-celular-foto-freepik-768x512.jpg",640,427,true],"large":["https:\/\/noticiasbahia360.com.br\/wp-content\/uploads\/2025\/08\/linkdin-emprego-aplicativo-celular-foto-freepik-1024x683.jpg",640,427,true],"1536x1536":["https:\/\/noticiasbahia360.com.br\/wp-content\/uploads\/2025\/08\/linkdin-emprego-aplicativo-celular-foto-freepik.jpg",1200,800,false],"2048x2048":["https:\/\/noticiasbahia360.com.br\/wp-content\/uploads\/2025\/08\/linkdin-emprego-aplicativo-celular-foto-freepik.jpg",1200,800,false],"chromenews-featured":["https:\/\/noticiasbahia360.com.br\/wp-content\/uploads\/2025\/08\/linkdin-emprego-aplicativo-celular-foto-freepik-1024x683.jpg",1024,683,true],"chromenews-large":["https:\/\/noticiasbahia360.com.br\/wp-content\/uploads\/2025\/08\/linkdin-emprego-aplicativo-celular-foto-freepik-825x575.jpg",825,575,true],"chromenews-medium":["https:\/\/noticiasbahia360.com.br\/wp-content\/uploads\/2025\/08\/linkdin-emprego-aplicativo-celular-foto-freepik-590x410.jpg",590,410,true]},"author_info":{"display_name":"noticiasbahia360.com.br","author_link":"https:\/\/noticiasbahia360.com.br\/?author=1"},"category_info":"<a href=\"https:\/\/noticiasbahia360.com.br\/?cat=8\" rel=\"category\">Bahia<\/a> <a href=\"https:\/\/noticiasbahia360.com.br\/?cat=9\" rel=\"category\">Brasil<\/a> <a href=\"https:\/\/noticiasbahia360.com.br\/?cat=6\" rel=\"category\">Feira de Santana<\/a> <a href=\"https:\/\/noticiasbahia360.com.br\/?cat=57\" rel=\"category\">Mundo<\/a> <a href=\"https:\/\/noticiasbahia360.com.br\/?cat=56\" rel=\"category\">Pol\u00edcia<\/a> <a href=\"https:\/\/noticiasbahia360.com.br\/?cat=10\" rel=\"category\">Pol\u00edtica<\/a>","tag_info":"Pol\u00edtica","comment_count":"0","_links":{"self":[{"href":"https:\/\/noticiasbahia360.com.br\/index.php?rest_route=\/wp\/v2\/posts\/99152","targetHints":{"allow":["GET"]}}],"collection":[{"href":"https:\/\/noticiasbahia360.com.br\/index.php?rest_route=\/wp\/v2\/posts"}],"about":[{"href":"https:\/\/noticiasbahia360.com.br\/index.php?rest_route=\/wp\/v2\/types\/post"}],"author":[{"embeddable":true,"href":"https:\/\/noticiasbahia360.com.br\/index.php?rest_route=\/wp\/v2\/users\/1"}],"replies":[{"embeddable":true,"href":"https:\/\/noticiasbahia360.com.br\/index.php?rest_route=%2Fwp%2Fv2%2Fcomments&post=99152"}],"version-history":[{"count":0,"href":"https:\/\/noticiasbahia360.com.br\/index.php?rest_route=\/wp\/v2\/posts\/99152\/revisions"}],"wp:featuredmedia":[{"embeddable":true,"href":"https:\/\/noticiasbahia360.com.br\/index.php?rest_route=\/wp\/v2\/media\/99153"}],"wp:attachment":[{"href":"https:\/\/noticiasbahia360.com.br\/index.php?rest_route=%2Fwp%2Fv2%2Fmedia&parent=99152"}],"wp:term":[{"taxonomy":"category","embeddable":true,"href":"https:\/\/noticiasbahia360.com.br\/index.php?rest_route=%2Fwp%2Fv2%2Fcategories&post=99152"},{"taxonomy":"post_tag","embeddable":true,"href":"https:\/\/noticiasbahia360.com.br\/index.php?rest_route=%2Fwp%2Fv2%2Ftags&post=99152"}],"curies":[{"name":"wp","href":"https:\/\/api.w.org\/{rel}","templated":true}]}}