{"id":99154,"date":"2025-08-31T13:56:07","date_gmt":"2025-08-31T16:56:07","guid":{"rendered":"https:\/\/noticiasbahia360.com.br\/?p=99154"},"modified":"2025-08-31T13:56:07","modified_gmt":"2025-08-31T16:56:07","slug":"policial-militar-dispara-arma-apos-confusao-em-bar-de-salvador-ninguem-ficou-ferido","status":"publish","type":"post","link":"https:\/\/noticiasbahia360.com.br\/?p=99154","title":{"rendered":"Policial Militar dispara arma ap\u00f3s confus\u00e3o em bar de Salvador; ningu\u00e9m ficou ferido"},"content":{"rendered":"<div>\n<div>\n<figure><img decoding=\"async\" src=\"http:\/\/noticiasbahia360.com.br\/wp-content\/uploads\/2025\/08\/policial-militar-briga-pm-bar.webp\" alt=\"Policial Militar dispara arma ap\u00f3s confus\u00e3o em bar de Salvador; ningu\u00e9m ficou ferido\"><figcaption>Foto: Reprodu\u00e7\u00e3o<\/figcaption><\/figure>\n<\/div>\n<p>Um policial militar protagonizou momentos de tens\u00e3o na noite de s\u00e1bado (30) em um bar localizado no bairro de Stella Maris, em Salvador. Ap\u00f3s uma briga com funcion\u00e1rios do estabelecimento, o agente sacou uma arma de fogo, amea\u00e7ou um cliente e efetuou disparos. Ningu\u00e9m ficou ferido.<\/p>\n<p>Segundo informa\u00e7\u00f5es confirmadas pelo Departamento de Pol\u00edcia Metropolitana (Depom) ao portal g1, o policial, que n\u00e3o teve o nome divulgado, teria iniciado uma discuss\u00e3o ap\u00f3s consumir no local. Ap\u00f3s um desentendimento, come\u00e7ou a quebrar garrafas de vidro e, em seguida, puxou uma arma, amea\u00e7ando verbalmente o propriet\u00e1rio do bar e apontando o arma para um cliente.<\/p>\n<p>Ao sair do estabelecimento, o PM disparou contra a fachada do bar, atingindo as paredes. Antes de deixar o local, ainda realizou quatro disparos para o alto.<\/p>\n<p>O caso foi registrado na 12\u00aa Delegacia Territorial (DT) de Itapu\u00e3. A identidade do policial foi levantada a partir dos relatos colhidos durante os depoimentos, e a Pol\u00edcia Civil segue investigando o ocorrido.<\/p>\n<p>Em nota, a PM informou que, at\u00e9 o momento, n\u00e3o h\u00e1 registro formal do epis\u00f3dio na corregedoria. Apesar disso, afirmou que est\u00e1 apurando os fatos e refor\u00e7ou o compromisso da corpora\u00e7\u00e3o com a legalidade, \u00e9tica e transpar\u00eancia.<\/p>\n<p><em>Siga o Acorda Cidade no<\/em><a href=\"https:\/\/news.google.com\/search?q=acorda%20cidade&amp;hl=pt-BR&amp;gl=BR&amp;ceid=BR%3Apt-419\"><strong><em>\u00a0Google Not\u00edcias<\/em><\/strong><\/a><em>\u00a0e receba os principais destaques do dia. Participe tamb\u00e9m dos nossos canais no\u00a0<\/em><a href=\"https:\/\/www.whatsapp.com\/channel\/0029Va6Rb4v3WHTNnsh8WI3N\"><strong><em>WhatsApp<\/em><\/strong><\/a><em>\u00a0e\u00a0<\/em><a href=\"https:\/\/www.youtube.com\/@acordacidadenoticias\/videos\"><strong>Youtube<\/strong><\/a><em>\u00a0e grupo de\u00a0<\/em><a href=\"https:\/\/t.me\/+sSz0khrgARA0ZmRh\"><strong><em>Telegram<\/em><\/strong><\/a><\/p>\n<\/div>\n","protected":false},"excerpt":{"rendered":"<div>\n<div>\n<figure><img decoding=\"async\" src=\"https:\/\/uploads.acordacidade.com.br\/2025\/08\/policial-militar-briga-pm-bar.webp\" alt=\"Policial Militar dispara arma ap\u00f3s confus\u00e3o em bar de Salvador; ningu\u00e9m ficou ferido\"><figcaption>Foto: Reprodu\u00e7\u00e3o<\/figcaption><\/figure>\n<\/div>\n<p>O policial, que n\u00e3o teve o nome divulgado, teria iniciado uma discuss\u00e3o ap\u00f3s consumir no local. Ap\u00f3s a discuss\u00e3o, quebrou garrafas de vidro.<\/p><\/div>\n","protected":false},"author":1,"featured_media":99155,"comment_status":"closed","ping_status":"closed","sticky":false,"template":"","format":"gallery","meta":{"footnotes":""},"categories":[8,9,6,57,56,10],"tags":[],"class_list":["post-99154","post","type-post","status-publish","format-gallery","has-post-thumbnail","hentry","category-bahia","category-brasil","category-feira-de-santana","category-mundo","category-policia","category-politica","post_format-post-format-gallery"],"featured_image_urls":{"full":["https:\/\/noticiasbahia360.com.br\/wp-content\/uploads\/2025\/08\/policial-militar-briga-pm-bar.webp",1200,716,false],"thumbnail":["https:\/\/noticiasbahia360.com.br\/wp-content\/uploads\/2025\/08\/policial-militar-briga-pm-bar-150x150.webp",150,150,true],"medium":["https:\/\/noticiasbahia360.com.br\/wp-content\/uploads\/2025\/08\/policial-militar-briga-pm-bar-300x179.webp",300,179,true],"medium_large":["https:\/\/noticiasbahia360.com.br\/wp-content\/uploads\/2025\/08\/policial-militar-briga-pm-bar-768x458.webp",640,382,true],"large":["https:\/\/noticiasbahia360.com.br\/wp-content\/uploads\/2025\/08\/policial-militar-briga-pm-bar-1024x611.webp",640,382,true],"1536x1536":["https:\/\/noticiasbahia360.com.br\/wp-content\/uploads\/2025\/08\/policial-militar-briga-pm-bar.webp",1200,716,false],"2048x2048":["https:\/\/noticiasbahia360.com.br\/wp-content\/uploads\/2025\/08\/policial-militar-briga-pm-bar.webp",1200,716,false],"chromenews-featured":["https:\/\/noticiasbahia360.com.br\/wp-content\/uploads\/2025\/08\/policial-militar-briga-pm-bar-1024x611.webp",1024,611,true],"chromenews-large":["https:\/\/noticiasbahia360.com.br\/wp-content\/uploads\/2025\/08\/policial-militar-briga-pm-bar-825x575.webp",825,575,true],"chromenews-medium":["https:\/\/noticiasbahia360.com.br\/wp-content\/uploads\/2025\/08\/policial-militar-briga-pm-bar-590x410.webp",590,410,true]},"author_info":{"display_name":"noticiasbahia360.com.br","author_link":"https:\/\/noticiasbahia360.com.br\/?author=1"},"category_info":"<a href=\"https:\/\/noticiasbahia360.com.br\/?cat=8\" rel=\"category\">Bahia<\/a> <a href=\"https:\/\/noticiasbahia360.com.br\/?cat=9\" rel=\"category\">Brasil<\/a> <a href=\"https:\/\/noticiasbahia360.com.br\/?cat=6\" rel=\"category\">Feira de Santana<\/a> <a href=\"https:\/\/noticiasbahia360.com.br\/?cat=57\" rel=\"category\">Mundo<\/a> <a href=\"https:\/\/noticiasbahia360.com.br\/?cat=56\" rel=\"category\">Pol\u00edcia<\/a> <a href=\"https:\/\/noticiasbahia360.com.br\/?cat=10\" rel=\"category\">Pol\u00edtica<\/a>","tag_info":"Pol\u00edtica","comment_count":"0","_links":{"self":[{"href":"https:\/\/noticiasbahia360.com.br\/index.php?rest_route=\/wp\/v2\/posts\/99154","targetHints":{"allow":["GET"]}}],"collection":[{"href":"https:\/\/noticiasbahia360.com.br\/index.php?rest_route=\/wp\/v2\/posts"}],"about":[{"href":"https:\/\/noticiasbahia360.com.br\/index.php?rest_route=\/wp\/v2\/types\/post"}],"author":[{"embeddable":true,"href":"https:\/\/noticiasbahia360.com.br\/index.php?rest_route=\/wp\/v2\/users\/1"}],"replies":[{"embeddable":true,"href":"https:\/\/noticiasbahia360.com.br\/index.php?rest_route=%2Fwp%2Fv2%2Fcomments&post=99154"}],"version-history":[{"count":0,"href":"https:\/\/noticiasbahia360.com.br\/index.php?rest_route=\/wp\/v2\/posts\/99154\/revisions"}],"wp:featuredmedia":[{"embeddable":true,"href":"https:\/\/noticiasbahia360.com.br\/index.php?rest_route=\/wp\/v2\/media\/99155"}],"wp:attachment":[{"href":"https:\/\/noticiasbahia360.com.br\/index.php?rest_route=%2Fwp%2Fv2%2Fmedia&parent=99154"}],"wp:term":[{"taxonomy":"category","embeddable":true,"href":"https:\/\/noticiasbahia360.com.br\/index.php?rest_route=%2Fwp%2Fv2%2Fcategories&post=99154"},{"taxonomy":"post_tag","embeddable":true,"href":"https:\/\/noticiasbahia360.com.br\/index.php?rest_route=%2Fwp%2Fv2%2Ftags&post=99154"}],"curies":[{"name":"wp","href":"https:\/\/api.w.org\/{rel}","templated":true}]}}