{"id":99156,"date":"2025-08-31T14:05:45","date_gmt":"2025-08-31T17:05:45","guid":{"rendered":"https:\/\/noticiasbahia360.com.br\/?p=99156"},"modified":"2025-08-31T14:05:45","modified_gmt":"2025-08-31T17:05:45","slug":"bahia-tem-o-maior-numero-de-inscritos-no-enem-2025-entre-estados-do-nordeste","status":"publish","type":"post","link":"https:\/\/noticiasbahia360.com.br\/?p=99156","title":{"rendered":"Bahia tem o maior n\u00famero de inscritos no Enem 2025 entre estados do Nordeste"},"content":{"rendered":"<div>\n<div>\n<figure><img decoding=\"async\" src=\"http:\/\/noticiasbahia360.com.br\/wp-content\/uploads\/2025\/08\/populacao-brasileira.jpg\" alt=\"popula\u00e7\u00e3o brasileira\"><figcaption>Ilustrativa | Foto: Paulo Pinto\/Ag\u00eancia Brasil<\/figcaption><\/figure>\n<\/div>\n<p>Ag\u00eancia Brasil \u2013 <strong>As 4.811.338 inscri\u00e7\u00f5es confirmadas no Exame Nacional do Ensino M\u00e9dio (Enem) de 2025 s\u00e3o, em sua maior parte, de candidatos do\u00a0Nordeste. Na regi\u00e3o, h\u00e1 1.737.789 inscri\u00e7\u00f5es confirmadas<\/strong>, dos quais 587.935 s\u00e3o de concluintes do ensino m\u00e9dio.<img decoding=\"async\" src=\"https:\/\/agenciabrasil.ebc.com.br\/ebc.png?id=1656570&amp;o=node\"><img decoding=\"async\" src=\"https:\/\/agenciabrasil.ebc.com.br\/ebc.gif?id=1656570&amp;o=node\"><\/p>\n<p>O dado consta no\u00a0<a href=\"https:\/\/app.powerbi.com\/view?r=eyJrIjoiYjM0N2JkYzMtZTg4Mi00NjJjLTg2MTItNWY4MmI1MmE4MWUzIiwidCI6IjI2ZjczODk3LWM4YWMtNGIxZS05NzhmLWVhNGMwNzc0MzRiZiJ9\" target=\"_blank\" rel=\"noreferrer noopener\">Painel Enem 2025<\/a>, divulgado pelo Instituto Nacional de Estudos e Pesquisas Educacionais An\u00edsio Teixeira (Inep), vinculado ao Minist\u00e9rio da Educa\u00e7\u00e3o (MEC).<\/p>\n<p><strong>A segunda regi\u00e3o brasileira com o maior n\u00famero de inscritos confirmados nesta edi\u00e7\u00e3o \u00e9 o\u00a0Sudeste, com 1.631.563 participantes confirmados,<\/strong>\u00a0sendo 662.388 concluintes do ensino m\u00e9dio.<\/p>\n<p>Em seguida, aparecem os 561.004 candidatos confirmados do Norte do pa\u00eds, com 193.150 concluintes do ensino m\u00e9dio.<\/p>\n<p>O Sul ocupa a quarta posi\u00e7\u00e3o em n\u00famero de candidatos confirmados: 492.876. Do\u00a0total, 211.433 se formam no ensino m\u00e9dio neste ano.<\/p>\n<p>Por fim, o Centro-Oeste registra 388.106 inscri\u00e7\u00f5es confirmadas. Delas, 157.044 s\u00e3o de estudantes que est\u00e3o no 3\u00ba ano do ensino m\u00e9dio.<\/p>\n<h2 class=\"wp-block-heading\" id=\"h-estados\">Estados<\/h2>\n<p>Com base no Painel Enem 2025,\u00a0<strong>o estado com o maior n\u00famero de inscri\u00e7\u00f5es \u00e9 S\u00e3o Paulo, com 751.648, seguido de Minas Gerais (464.994) e da Bahia (428.019).<\/strong><\/p>\n<p><strong>Somente o munic\u00edpio de S\u00e3o Paulo tem 197.626 inscri\u00e7\u00f5es confirmadas<\/strong>. Dessas, 81.179 s\u00e3o de concluintes da educa\u00e7\u00e3o b\u00e1sica.<\/p>\n<p><strong>As tr\u00eas unidades da federa\u00e7\u00e3o com os menores n\u00fameros de candidatos confirmados s\u00e3o: Amap\u00e1, com 33.193; Acre, com 28.962; e Roraima, com\u00a014.162<\/strong>.<\/p>\n<p>Confira o n\u00famero de inscri\u00e7\u00f5es confirmadas por unidade da federa\u00e7\u00e3o:<\/p>\n<figure class=\"wp-block-table\">\n<table class=\"has-fixed-layout\">\n<tbody>\n<tr>\n<td><strong>Unidade federativa<\/strong><\/td>\n<td><strong>Inscritos no Enem<\/strong><\/td>\n<\/tr>\n<tr>\n<td>Acre<\/td>\n<td>28.962<\/td>\n<\/tr>\n<tr>\n<td>Alagoas<\/td>\n<td>96.488<\/td>\n<\/tr>\n<tr>\n<td>Amazonas<\/td>\n<td>110.842<\/td>\n<\/tr>\n<tr>\n<td>Amap\u00e1<\/td>\n<td>33.193<\/td>\n<\/tr>\n<tr>\n<td>Bahia<\/td>\n<td>428.019<\/td>\n<\/tr>\n<tr>\n<td>Cear\u00e1<\/td>\n<td>275.937<\/td>\n<\/tr>\n<tr>\n<td>Distrito Federal<\/td>\n<td>82.975<\/td>\n<\/tr>\n<tr>\n<td>Esp\u00edrito Santo<\/td>\n<td>85.920<\/td>\n<\/tr>\n<tr>\n<td>Goi\u00e1s<\/td>\n<td>166.761<\/td>\n<\/tr>\n<tr>\n<td>Maranh\u00e3o<\/td>\n<td>211.383<\/td>\n<\/tr>\n<tr>\n<td>Minas Gerais<\/td>\n<td>464.994<\/td>\n<\/tr>\n<tr>\n<td>Mato Grosso\u00a0<\/td>\n<td>80.429<\/td>\n<\/tr>\n<tr>\n<td>Mato Grosso do Sul<\/td>\n<td>57.941<\/td>\n<\/tr>\n<tr>\n<td>Par\u00e1<\/td>\n<td>289.392<\/td>\n<\/tr>\n<tr>\n<td>Para\u00edba<\/td>\n<td>142.050<\/td>\n<\/tr>\n<tr>\n<td>Pernambuco<\/td>\n<td>272.299<\/td>\n<\/tr>\n<tr>\n<td>Piau\u00ed<\/td>\n<td>120.040<\/td>\n<\/tr>\n<tr>\n<td>Paran\u00e1<\/td>\n<td>195.870<\/td>\n<\/tr>\n<tr>\n<td>Rio de Janeiro<\/td>\n<td>329.001<\/td>\n<\/tr>\n<tr>\n<td>Rio Grande do Norte<\/td>\n<td>113.229<\/td>\n<\/tr>\n<tr>\n<td>Rio Grande do Sul<\/td>\n<td>186.541<\/td>\n<\/tr>\n<tr>\n<td>Rond\u00f4nia<\/td>\n<td>46.801<\/td>\n<\/tr>\n<tr>\n<td>Roraima<\/td>\n<td>14.162<\/td>\n<\/tr>\n<tr>\n<td>Santa Catarina<\/td>\n<td>110.465<\/td>\n<\/tr>\n<tr>\n<td>Sergipe<\/td>\n<td>78.344<\/td>\n<\/tr>\n<tr>\n<td>S\u00e3o Paulo<\/td>\n<td>751.648<\/td>\n<\/tr>\n<tr>\n<td>Tocantins<\/td>\n<td>37.652<\/td>\n<\/tr>\n<tr>\n<td>Brasil<\/td>\n<td>4.811.338<\/td>\n<\/tr>\n<\/tbody>\n<\/table>\n<\/figure>\n<h2 class=\"wp-block-heading\" id=\"h-acessibilidade\">Acessibilidade<\/h2>\n<p>No Enem 2025,<strong>\u00a0foram aprovadas 116.541 solicita\u00e7\u00f5es de atendimento especializado<\/strong>. Pessoas com d\u00e9ficit de aten\u00e7\u00e3o constituem o\u00a0perfil\u00a0com o maior n\u00famero de pedidos: 41.732, correspondente a 35,81%.<\/p>\n<p>Em seguida, v\u00eam candidatos com Transtorno do Espectro Autista (TEA), com 26.051 ou 22,35% das solicita\u00e7\u00f5es de atendimento especializado. Os inscritos com baixa vis\u00e3o somam 13.430 pessoas (11,52%). J\u00e1 9.741 pessoas com defici\u00eancia f\u00edsica (8,36%) far\u00e3o as provas do Enem.<\/p>\n<p><strong>O exame tamb\u00e9m disponibilizar\u00e1 164.864 recursos de acessibilidade.<\/strong>\u00a0Tempo adicional foi o recurso mais requerido (48.546). Em seguida, est\u00e3o: aux\u00edlio para leitura (25.548); corre\u00e7\u00e3o diferenciada (24.089); e aux\u00edlio para transcri\u00e7\u00e3o (17.037).<\/p>\n<h2 class=\"wp-block-heading\" id=\"h-perfil-dos-inscritos\">Perfil dos inscritos<\/h2>\n<p>A\u00a0predomin\u00e2ncia \u00e9 de mulheres, pessoas pardas e jovens.<\/p>\n<h2 class=\"wp-block-heading\" id=\"h-provas\">Provas<\/h2>\n<p><strong>As provas do Exame Nacional do Ensino M\u00e9dio (Enem) 2025 ser\u00e3o aplicadas nos dias\u00a09 e 16 de novembro de 2025<\/strong>, em quase todo o pa\u00eds.<\/p>\n<p>As exce\u00e7\u00f5es s\u00e3o os munic\u00edpios de Bel\u00e9m, Ananindeua e Marituba, no Par\u00e1, devido \u00e0 realiza\u00e7\u00e3o da 30\u00aa Confer\u00eancia das Partes da Conven\u00e7\u00e3o-Quadro das Na\u00e7\u00f5es Unidas sobre Mudan\u00e7a do Clima (COP30), em Bel\u00e9m, de 10 a 21 de novembro.<\/p>\n<p>Nas tr\u00eas cidades paraenses, os candidatos do Enem far\u00e3o as provas nos dias 30 de novembro e 7 de dezembro.<\/p>\n<p><em>Siga o Acorda Cidade no<\/em><a href=\"https:\/\/news.google.com\/search?q=acorda%20cidade&amp;hl=pt-BR&amp;gl=BR&amp;ceid=BR%3Apt-419\"><strong><em>\u00a0Google Not\u00edcias<\/em><\/strong><\/a><em>\u00a0e receba os principais destaques do dia. Participe tamb\u00e9m dos nossos canais no\u00a0<\/em><a href=\"https:\/\/www.whatsapp.com\/channel\/0029Va6Rb4v3WHTNnsh8WI3N\"><strong><em>WhatsApp<\/em><\/strong><\/a><em>\u00a0e\u00a0<\/em><a href=\"https:\/\/www.youtube.com\/@acordacidadenoticias\/videos\"><strong>Youtube<\/strong><\/a><em>\u00a0e grupo de\u00a0<\/em><a href=\"https:\/\/t.me\/+sSz0khrgARA0ZmRh\"><strong><em>Telegram<\/em><\/strong><\/a><em>.<\/em><\/p>\n<p><a href=\"https:\/\/agenciabrasil.ebc.com.br\/educacao\/noticia\/2025-08\/estudantes-do-ensino-integral-tem-notas-maiores-no-enem-diz-estudo\"><\/a><\/p>\n<\/div>\n","protected":false},"excerpt":{"rendered":"<div>\n<div>\n<figure><img decoding=\"async\" src=\"https:\/\/uploads.acordacidade.com.br\/2024\/12\/populacao-brasileira.jpg\" alt=\"popula\u00e7\u00e3o brasileira\"><figcaption>Ilustrativa | Foto: Paulo Pinto\/Ag\u00eancia Brasil<\/figcaption><\/figure>\n<\/div>\n<p>Com base no Painel Enem,\u00a0o estado com o maior n\u00famero de inscri\u00e7\u00f5es \u00e9 S\u00e3o Paulo, seguido de Minas Gerais e da Bahia.<\/p><\/div>\n","protected":false},"author":1,"featured_media":99157,"comment_status":"closed","ping_status":"closed","sticky":false,"template":"","format":"gallery","meta":{"footnotes":""},"categories":[8,9,6,57,56,10],"tags":[],"class_list":["post-99156","post","type-post","status-publish","format-gallery","has-post-thumbnail","hentry","category-bahia","category-brasil","category-feira-de-santana","category-mundo","category-policia","category-politica","post_format-post-format-gallery"],"featured_image_urls":{"full":["https:\/\/noticiasbahia360.com.br\/wp-content\/uploads\/2025\/08\/populacao-brasileira.jpg",640,383,false],"thumbnail":["https:\/\/noticiasbahia360.com.br\/wp-content\/uploads\/2025\/08\/populacao-brasileira-150x150.jpg",150,150,true],"medium":["https:\/\/noticiasbahia360.com.br\/wp-content\/uploads\/2025\/08\/populacao-brasileira-300x180.jpg",300,180,true],"medium_large":["https:\/\/noticiasbahia360.com.br\/wp-content\/uploads\/2025\/08\/populacao-brasileira.jpg",640,383,false],"large":["https:\/\/noticiasbahia360.com.br\/wp-content\/uploads\/2025\/08\/populacao-brasileira.jpg",640,383,false],"1536x1536":["https:\/\/noticiasbahia360.com.br\/wp-content\/uploads\/2025\/08\/populacao-brasileira.jpg",640,383,false],"2048x2048":["https:\/\/noticiasbahia360.com.br\/wp-content\/uploads\/2025\/08\/populacao-brasileira.jpg",640,383,false],"chromenews-featured":["https:\/\/noticiasbahia360.com.br\/wp-content\/uploads\/2025\/08\/populacao-brasileira.jpg",640,383,false],"chromenews-large":["https:\/\/noticiasbahia360.com.br\/wp-content\/uploads\/2025\/08\/populacao-brasileira.jpg",640,383,false],"chromenews-medium":["https:\/\/noticiasbahia360.com.br\/wp-content\/uploads\/2025\/08\/populacao-brasileira-590x383.jpg",590,383,true]},"author_info":{"display_name":"noticiasbahia360.com.br","author_link":"https:\/\/noticiasbahia360.com.br\/?author=1"},"category_info":"<a href=\"https:\/\/noticiasbahia360.com.br\/?cat=8\" rel=\"category\">Bahia<\/a> <a href=\"https:\/\/noticiasbahia360.com.br\/?cat=9\" rel=\"category\">Brasil<\/a> <a href=\"https:\/\/noticiasbahia360.com.br\/?cat=6\" rel=\"category\">Feira de Santana<\/a> <a href=\"https:\/\/noticiasbahia360.com.br\/?cat=57\" rel=\"category\">Mundo<\/a> <a href=\"https:\/\/noticiasbahia360.com.br\/?cat=56\" rel=\"category\">Pol\u00edcia<\/a> <a href=\"https:\/\/noticiasbahia360.com.br\/?cat=10\" rel=\"category\">Pol\u00edtica<\/a>","tag_info":"Pol\u00edtica","comment_count":"0","_links":{"self":[{"href":"https:\/\/noticiasbahia360.com.br\/index.php?rest_route=\/wp\/v2\/posts\/99156","targetHints":{"allow":["GET"]}}],"collection":[{"href":"https:\/\/noticiasbahia360.com.br\/index.php?rest_route=\/wp\/v2\/posts"}],"about":[{"href":"https:\/\/noticiasbahia360.com.br\/index.php?rest_route=\/wp\/v2\/types\/post"}],"author":[{"embeddable":true,"href":"https:\/\/noticiasbahia360.com.br\/index.php?rest_route=\/wp\/v2\/users\/1"}],"replies":[{"embeddable":true,"href":"https:\/\/noticiasbahia360.com.br\/index.php?rest_route=%2Fwp%2Fv2%2Fcomments&post=99156"}],"version-history":[{"count":0,"href":"https:\/\/noticiasbahia360.com.br\/index.php?rest_route=\/wp\/v2\/posts\/99156\/revisions"}],"wp:featuredmedia":[{"embeddable":true,"href":"https:\/\/noticiasbahia360.com.br\/index.php?rest_route=\/wp\/v2\/media\/99157"}],"wp:attachment":[{"href":"https:\/\/noticiasbahia360.com.br\/index.php?rest_route=%2Fwp%2Fv2%2Fmedia&parent=99156"}],"wp:term":[{"taxonomy":"category","embeddable":true,"href":"https:\/\/noticiasbahia360.com.br\/index.php?rest_route=%2Fwp%2Fv2%2Fcategories&post=99156"},{"taxonomy":"post_tag","embeddable":true,"href":"https:\/\/noticiasbahia360.com.br\/index.php?rest_route=%2Fwp%2Fv2%2Ftags&post=99156"}],"curies":[{"name":"wp","href":"https:\/\/api.w.org\/{rel}","templated":true}]}}