{"id":99158,"date":"2025-08-31T14:16:38","date_gmt":"2025-08-31T17:16:38","guid":{"rendered":"https:\/\/noticiasbahia360.com.br\/?p=99158"},"modified":"2025-08-31T14:16:38","modified_gmt":"2025-08-31T17:16:38","slug":"feira-online-tem-7-mil-vagas-de-emprego-para-pcds-saiba-como-se-inscrever","status":"publish","type":"post","link":"https:\/\/noticiasbahia360.com.br\/?p=99158","title":{"rendered":"Feira online tem 7 mil vagas de emprego para PCDs; saiba como se inscrever"},"content":{"rendered":"<div>\n<div>\n<figure><img decoding=\"async\" src=\"http:\/\/noticiasbahia360.com.br\/wp-content\/uploads\/2025\/08\/pessoa-com-deficiencia-trabalhando.jpeg\" alt=\"pessoa com defici\u00eancia trabalhando\"><figcaption>Foto: Freepik<\/figcaption><\/figure>\n<\/div>\n<p><a href=\"https:\/\/api.whatsapp.com\/send?text=Feira+online+tem+7+mil+vagas+de+emprego+para+pessoas+com+defici%C3%AAncia+%7C+Ag%C3%AAncia+Brasil+%7C+Ag%C3%AAncia+Brasil+%7C+https%3A%2F%2Fagenciabrasil.ebc.com.br%2Feconomia%2Fnoticia%2F2025-08%2Ffeira-online-tem-5-mil-vagas-de-emprego-para-pessoas-com-deficiencia\" target=\"_blank\" rel=\"noreferrer noopener\"><\/a><a href=\"https:\/\/facebook.com\/sharer.php?u=https%3A%2F%2Fagenciabrasil.ebc.com.br%2Feconomia%2Fnoticia%2F2025-08%2Ffeira-online-tem-5-mil-vagas-de-emprego-para-pessoas-com-deficiencia&amp;t=Feira+online+tem+7+mil+vagas+de+emprego+para+pessoas+com+defici%C3%AAncia+%7C+Ag%C3%AAncia+Brasil\" target=\"_blank\" rel=\"noreferrer noopener\"><\/a><a href=\"https:\/\/twitter.com\/intent\/tweet?url=https%3A%2F%2Fagenciabrasil.ebc.com.br%2Feconomia%2Fnoticia%2F2025-08%2Ffeira-online-tem-5-mil-vagas-de-emprego-para-pessoas-com-deficiencia&amp;text=Feira+online+tem+7+mil+vagas+de+emprego+para+pessoas+com+defici%C3%AAncia+%7C+Ag%C3%AAncia+Brasil\" target=\"_blank\" rel=\"noreferrer noopener\"><\/a><a href=\"https:\/\/www.linkedin.com\/shareArticle?url=https%3A%2F%2Fagenciabrasil.ebc.com.br%2Feconomia%2Fnoticia%2F2025-08%2Ffeira-online-tem-5-mil-vagas-de-emprego-para-pessoas-com-deficiencia&amp;summary=Feira+online+tem+7+mil+vagas+de+emprego+para+pessoas+com+defici%C3%AAncia+%7C+Ag%C3%AAncia+Brasil\" target=\"_blank\" rel=\"noreferrer noopener\"><\/a>Ag\u00eancia Brasil \u2013 O m\u00eas de setembro, quando \u00e9 lembrado o\u00a0Dia Nacional de Luta da Pessoa com Defici\u00eancia (21), come\u00e7a com uma\u00a0<strong>feira\u00a0<em>online<\/em>\u00a0que vai oferecer 7\u00a0mil vagas de emprego para pessoas com defici\u00eancia (PCD)<\/strong>. Participam do mutir\u00e3o virtual empresas como Ambev, CSN, Grupo Botic\u00e1rio, L\u2019Or\u00e9al, Mercedes Benz do Brasil, Stone, SulAm\u00e9rica e Vivo.<img decoding=\"async\" src=\"https:\/\/agenciabrasil.ebc.com.br\/ebc.png?id=1656090&amp;o=node\"><img decoding=\"async\" src=\"https:\/\/agenciabrasil.ebc.com.br\/ebc.gif?id=1656090&amp;o=node\"><\/p>\n<p>A feira Inclui PcD, al\u00e9m de permitir\u00a0<strong>oportunidades de emprego<\/strong>, disponibiliza uma s\u00e9rie de<strong>\u00a0palestras e pain\u00e9is sobre diversidade e inclus\u00e3o, nos dias 2 e 3 de setembro<\/strong>.\u00a0<strong>O uso da plataforma \u00e9 gratuito, bastando se inscrever no<em>\u00a0<a href=\"http:\/\/incluipcd.com.br\/\" target=\"_blank\" rel=\"noreferrer noopener\">site<\/a><\/em>.<\/strong><\/p>\n<p>A iniciativa de aproximar companhias e pessoas com defici\u00eancia interessadas em vagas de emprego \u00e9 da Egalite, empresa especializada em inclus\u00e3o de PCDs no mercado de trabalho.<\/p>\n<p>As vagas s\u00e3o em diversas \u00e1reas e regi\u00f5es. Os n\u00edveis e cargos tamb\u00e9m s\u00e3o distintos. Ao fazer a inscri\u00e7\u00e3o no<em>\u00a0site<\/em>, a pessoa pode se cadastrar dentro das seguintes categorias:<\/p>\n<ul class=\"wp-block-list\">\n<li>defici\u00eancia auditiva<\/li>\n<li>defici\u00eancia f\u00edsica<\/li>\n<li>defici\u00eancia intelectual<\/li>\n<li>defici\u00eancia psicossocial<\/li>\n<li>defici\u00eancia visual<\/li>\n<li>transtorno do espectro autista<\/li>\n<li>reabilitado do Instituto Nacional do Seguro Social (INSS)<\/li>\n<\/ul>\n<h2 class=\"wp-block-heading\" id=\"h-mais-de-14-milhoes-de-pcds\">Mais de 14 milh\u00f5es de PCDs<\/h2>\n<p><strong>O Brasil tem\u00a0cerca de 14,4 milh\u00f5es de pessoas com defici\u00eancia, segundo o Censo 2022 do Instituto Brasileiro de Geografia e Estat\u00edstica (IBGE), o que representa 7,3% da popula\u00e7\u00e3o do pa\u00eds com 2 anos ou mais de idade.<\/strong><\/p>\n<p>O censo tamb\u00e9m mostrou que<strong>\u00a02,4 milh\u00f5es de pessoas declararam ter recebido diagn\u00f3stico de transtorno do espectro autista (TEA). O n\u00famero corresponde a 1,2% da popula\u00e7\u00e3o brasileira.<\/strong><\/p>\n<p>A\u00a0<a href=\"https:\/\/www.planalto.gov.br\/ccivil_03\/leis\/l8213cons.htm\" target=\"_blank\" rel=\"noreferrer noopener\">Lei 8.213\/91<\/a>\u00a0reserva vaga para PCD em empresas com pelo menos 100 funcion\u00e1rios.<\/p>\n<p>Outra pesquisa do IBGE, a Pesquisa Nacional por Amostra de Domic\u00edlios, de 2022, apontou que\u00a0<strong>o n\u00edvel de ocupa\u00e7\u00e3o<\/strong>\u00a0\u2013 percentual de pessoas ocupadas na popula\u00e7\u00e3o em idade de trabalhar \u2013\u00a0<strong>foi de 26,6% para as pessoas com defici\u00eancia, patamar bem abaixo do das pessoas sem defici\u00eancia (60,7%).<\/strong><\/p>\n<p>O levantamento revelou tamb\u00e9m que,<strong>\u00a0das pessoas com defici\u00eancia que trabalhavam, 55% estavam na informalidade<\/strong>, isto \u00e9, sem direitos trabalhistas. Entre as pessoas sem defici\u00eancia, o percentual era 38,7%.<\/p>\n<p>Na sua sexta edi\u00e7\u00e3o anual, a Inclui PcD espera contribuir para diminuir essas desvantagens de PCD no mercado de trabalho exposta pelas pesquisas.\u00a0<strong>Nas cinco feiras anteriores, foram oferecidas 35 mil vagas de emprego<\/strong>.<\/p>\n<p>O diretor executivo da Egalite, Guilherme Braga, disse \u00e0<strong>\u00a0Ag\u00eancia Brasil<\/strong>\u00a0que a inclus\u00e3o de PCDs nos quadros traz benef\u00edcios para empresas.<\/p>\n<p>\u201cTem uma quest\u00e3o muito forte de inova\u00e7\u00e3o, quando a gente fala de uma equipe mais diversa, porque tem diferentes pontos de vistas\u201d, afirmou.<\/p>\n<blockquote class=\"wp-block-quote is-layout-flow wp-block-quote-is-layout-flow\">\n<p>\u201cTer uma for\u00e7a de trabalho que reflete melhor a sociedade vai fazer com que essa empresa pense em como solucionar os problemas, como atender os seus clientes de uma forma mais criativa, mais inovadora e atendendo a maiores p\u00fablicos\u201d, completou o diretor.<\/p>\n<\/blockquote>\n<p><em>Siga o Acorda Cidade no<\/em><a href=\"https:\/\/news.google.com\/search?q=acorda%20cidade&amp;hl=pt-BR&amp;gl=BR&amp;ceid=BR%3Apt-419\"><strong><em>\u00a0Google Not\u00edcias<\/em><\/strong><\/a><em>\u00a0e receba os principais destaques do dia. Participe tamb\u00e9m dos nossos canais no\u00a0<\/em><a href=\"https:\/\/www.whatsapp.com\/channel\/0029Va6Rb4v3WHTNnsh8WI3N\"><strong><em>WhatsApp<\/em><\/strong><\/a><em>\u00a0e\u00a0<\/em><a href=\"https:\/\/www.youtube.com\/@acordacidadenoticias\/videos\"><strong>Youtube<\/strong><\/a><em>\u00a0e grupo de\u00a0<\/em><a href=\"https:\/\/t.me\/+sSz0khrgARA0ZmRh\"><strong><em>Telegram<\/em><\/strong><\/a><em>.<\/em><\/p>\n<\/div>\n","protected":false},"excerpt":{"rendered":"<div>\n<div>\n<figure><img decoding=\"async\" src=\"https:\/\/uploads.acordacidade.com.br\/2024\/12\/pessoa-com-deficiencia-trabalhando.jpeg\" alt=\"pessoa com defici\u00eancia trabalhando\"><figcaption>Foto: Freepik<\/figcaption><\/figure>\n<\/div>\n<p>Al\u00e9m de permitir\u00a0oportunidades de emprego, a Feira disponibiliza uma s\u00e9rie de\u00a0palestras  sobre inclus\u00e3o, nos dias 2 e 3 de setembro.<\/p><\/div>\n","protected":false},"author":1,"featured_media":99159,"comment_status":"closed","ping_status":"closed","sticky":false,"template":"","format":"gallery","meta":{"footnotes":""},"categories":[8,9,6,57,56,10],"tags":[],"class_list":["post-99158","post","type-post","status-publish","format-gallery","has-post-thumbnail","hentry","category-bahia","category-brasil","category-feira-de-santana","category-mundo","category-policia","category-politica","post_format-post-format-gallery"],"featured_image_urls":{"full":["https:\/\/noticiasbahia360.com.br\/wp-content\/uploads\/2025\/08\/pessoa-com-deficiencia-trabalhando.jpeg",626,418,false],"thumbnail":["https:\/\/noticiasbahia360.com.br\/wp-content\/uploads\/2025\/08\/pessoa-com-deficiencia-trabalhando-150x150.jpeg",150,150,true],"medium":["https:\/\/noticiasbahia360.com.br\/wp-content\/uploads\/2025\/08\/pessoa-com-deficiencia-trabalhando-300x200.jpeg",300,200,true],"medium_large":["https:\/\/noticiasbahia360.com.br\/wp-content\/uploads\/2025\/08\/pessoa-com-deficiencia-trabalhando.jpeg",626,418,false],"large":["https:\/\/noticiasbahia360.com.br\/wp-content\/uploads\/2025\/08\/pessoa-com-deficiencia-trabalhando.jpeg",626,418,false],"1536x1536":["https:\/\/noticiasbahia360.com.br\/wp-content\/uploads\/2025\/08\/pessoa-com-deficiencia-trabalhando.jpeg",626,418,false],"2048x2048":["https:\/\/noticiasbahia360.com.br\/wp-content\/uploads\/2025\/08\/pessoa-com-deficiencia-trabalhando.jpeg",626,418,false],"chromenews-featured":["https:\/\/noticiasbahia360.com.br\/wp-content\/uploads\/2025\/08\/pessoa-com-deficiencia-trabalhando.jpeg",626,418,false],"chromenews-large":["https:\/\/noticiasbahia360.com.br\/wp-content\/uploads\/2025\/08\/pessoa-com-deficiencia-trabalhando.jpeg",626,418,false],"chromenews-medium":["https:\/\/noticiasbahia360.com.br\/wp-content\/uploads\/2025\/08\/pessoa-com-deficiencia-trabalhando-590x410.jpeg",590,410,true]},"author_info":{"display_name":"noticiasbahia360.com.br","author_link":"https:\/\/noticiasbahia360.com.br\/?author=1"},"category_info":"<a href=\"https:\/\/noticiasbahia360.com.br\/?cat=8\" rel=\"category\">Bahia<\/a> <a href=\"https:\/\/noticiasbahia360.com.br\/?cat=9\" rel=\"category\">Brasil<\/a> <a href=\"https:\/\/noticiasbahia360.com.br\/?cat=6\" rel=\"category\">Feira de Santana<\/a> <a href=\"https:\/\/noticiasbahia360.com.br\/?cat=57\" rel=\"category\">Mundo<\/a> <a href=\"https:\/\/noticiasbahia360.com.br\/?cat=56\" rel=\"category\">Pol\u00edcia<\/a> <a href=\"https:\/\/noticiasbahia360.com.br\/?cat=10\" rel=\"category\">Pol\u00edtica<\/a>","tag_info":"Pol\u00edtica","comment_count":"0","_links":{"self":[{"href":"https:\/\/noticiasbahia360.com.br\/index.php?rest_route=\/wp\/v2\/posts\/99158","targetHints":{"allow":["GET"]}}],"collection":[{"href":"https:\/\/noticiasbahia360.com.br\/index.php?rest_route=\/wp\/v2\/posts"}],"about":[{"href":"https:\/\/noticiasbahia360.com.br\/index.php?rest_route=\/wp\/v2\/types\/post"}],"author":[{"embeddable":true,"href":"https:\/\/noticiasbahia360.com.br\/index.php?rest_route=\/wp\/v2\/users\/1"}],"replies":[{"embeddable":true,"href":"https:\/\/noticiasbahia360.com.br\/index.php?rest_route=%2Fwp%2Fv2%2Fcomments&post=99158"}],"version-history":[{"count":0,"href":"https:\/\/noticiasbahia360.com.br\/index.php?rest_route=\/wp\/v2\/posts\/99158\/revisions"}],"wp:featuredmedia":[{"embeddable":true,"href":"https:\/\/noticiasbahia360.com.br\/index.php?rest_route=\/wp\/v2\/media\/99159"}],"wp:attachment":[{"href":"https:\/\/noticiasbahia360.com.br\/index.php?rest_route=%2Fwp%2Fv2%2Fmedia&parent=99158"}],"wp:term":[{"taxonomy":"category","embeddable":true,"href":"https:\/\/noticiasbahia360.com.br\/index.php?rest_route=%2Fwp%2Fv2%2Fcategories&post=99158"},{"taxonomy":"post_tag","embeddable":true,"href":"https:\/\/noticiasbahia360.com.br\/index.php?rest_route=%2Fwp%2Fv2%2Ftags&post=99158"}],"curies":[{"name":"wp","href":"https:\/\/api.w.org\/{rel}","templated":true}]}}