{"id":99160,"date":"2025-08-31T15:20:14","date_gmt":"2025-08-31T18:20:14","guid":{"rendered":"https:\/\/noticiasbahia360.com.br\/?p=99160"},"modified":"2025-08-31T15:20:14","modified_gmt":"2025-08-31T18:20:14","slug":"mulher-e-morta-a-facadas-na-porta-de-casa-em-luis-eduardo-magalhaes-companheiro-e-preso","status":"publish","type":"post","link":"https:\/\/noticiasbahia360.com.br\/?p=99160","title":{"rendered":"Mulher \u00e9 morta a facadas na porta de casa em Lu\u00eds Eduardo Magalh\u00e3es; companheiro \u00e9 preso"},"content":{"rendered":"<div>\n<div>\n<figure><img decoding=\"async\" src=\"http:\/\/noticiasbahia360.com.br\/wp-content\/uploads\/2025\/08\/feminicidio-luis-eduardo-magalhaes-Leticia-Santos-Silva.webp\" alt=\"Mulher \u00e9 morta a facadas na porta de casa em Lu\u00eds Eduardo Magalh\u00e3es; companheiro \u00e9 preso\"><figcaption> Foto: Reprodu\u00e7\u00e3o\/Redes sociais<\/figcaption><\/figure>\n<\/div>\n<p>Let\u00edcia Santos Silva, de 29 anos, foi assassinada a facadas na noite de s\u00e1bado (30), na cidade de <a href=\"https:\/\/www.acordacidade.com.br\/tag\/luis-eduardo-magalhaes\/\">Lu\u00eds Eduardo Magalh\u00e3es<\/a>, no oeste da Bahia. O principal suspeito \u00e9 o companheiro da v\u00edtima, um homem de 31 anos, que foi preso algumas horas depois do crime.<\/p>\n<p>O feminic\u00eddio ocorreu no bairro Top Park, quando Let\u00edcia estava em frente \u00e0 pr\u00f3pria casa acompanhada de uma amiga. Segundo a Pol\u00edcia Civil, ela foi surpreendida pelo homem, que a atacou com mais de oito golpes de faca, atingindo t\u00f3rax, dorso e bra\u00e7os.<\/p>\n<p>Segundo o portal g1, a v\u00edtima e o suspeito mantinham um relacionamento havia seis anos, mas estavam em processo de separa\u00e7\u00e3o. De acordo com a delegada Luara Gabriela Faria, do N\u00facleo Especializado de Atendimento \u00e0 Mulher (Neam), Let\u00edcia havia procurado a pol\u00edcia dias antes, no s\u00e1bado anterior (23), para pedir que o companheiro deixasse a resid\u00eancia. Na ocasi\u00e3o, ela n\u00e3o relatou agress\u00f5es f\u00edsicas ou verbais, mas o Neam chegou a solicitar uma medida protetiva.<\/p>\n<p>Ap\u00f3s cometer o crime, o suspeito fugiu do local, mas foi localizado pela Pol\u00edcia Militar na localidade de Santa Cruz, ainda na madrugada deste domingo (31). Ele foi encaminhado para a delegacia, onde passou por exame de corpo de delito e permanece custodiado, \u00e0 disposi\u00e7\u00e3o da Justi\u00e7a.<\/p>\n<p>A delegada afirmou que ir\u00e1 representar pela pris\u00e3o preventiva dele. Let\u00edcia e o suspeito n\u00e3o tinham filhos.<\/p>\n<p><em>Siga o Acorda Cidade no<\/em><a href=\"https:\/\/news.google.com\/search?q=acorda%20cidade&amp;hl=pt-BR&amp;gl=BR&amp;ceid=BR%3Apt-419\"><strong><em>\u00a0Google Not\u00edcias<\/em><\/strong><\/a><em>\u00a0e receba os principais destaques do dia. Participe tamb\u00e9m dos nossos canais no\u00a0<\/em><a href=\"https:\/\/www.whatsapp.com\/channel\/0029Va6Rb4v3WHTNnsh8WI3N\"><strong><em>WhatsApp<\/em><\/strong><\/a><em>\u00a0e\u00a0<\/em><a href=\"https:\/\/www.youtube.com\/@acordacidadenoticias\/videos\"><strong>Youtube<\/strong><\/a><em>\u00a0e grupo de\u00a0<\/em><a href=\"https:\/\/t.me\/+sSz0khrgARA0ZmRh\"><strong><em>Telegram<\/em><\/strong><\/a><em>.<\/em><\/p>\n<\/div>\n","protected":false},"excerpt":{"rendered":"<div>\n<div>\n<figure><img decoding=\"async\" src=\"https:\/\/uploads.acordacidade.com.br\/2025\/08\/feminicidio-luis-eduardo-magalhaes-Leticia-Santos-Silva.webp\" alt=\"Mulher \u00e9 morta a facadas na porta de casa em Lu\u00eds Eduardo Magalh\u00e3es; companheiro \u00e9 preso\"><figcaption> Foto: Reprodu\u00e7\u00e3o\/Redes sociais<\/figcaption><\/figure>\n<\/div>\n<p>Segundo a Pol\u00edcia Civil, ela foi surpreendida pelo homem, que a atacou com mais de oito golpes de faca, atingindo t\u00f3rax, dorso e bra\u00e7os.<\/p><\/div>\n","protected":false},"author":1,"featured_media":99161,"comment_status":"closed","ping_status":"closed","sticky":false,"template":"","format":"gallery","meta":{"footnotes":""},"categories":[8,9,6,57,56,10],"tags":[],"class_list":["post-99160","post","type-post","status-publish","format-gallery","has-post-thumbnail","hentry","category-bahia","category-brasil","category-feira-de-santana","category-mundo","category-policia","category-politica","post_format-post-format-gallery"],"featured_image_urls":{"full":["https:\/\/noticiasbahia360.com.br\/wp-content\/uploads\/2025\/08\/feminicidio-luis-eduardo-magalhaes-Leticia-Santos-Silva.webp",1200,720,false],"thumbnail":["https:\/\/noticiasbahia360.com.br\/wp-content\/uploads\/2025\/08\/feminicidio-luis-eduardo-magalhaes-Leticia-Santos-Silva-150x150.webp",150,150,true],"medium":["https:\/\/noticiasbahia360.com.br\/wp-content\/uploads\/2025\/08\/feminicidio-luis-eduardo-magalhaes-Leticia-Santos-Silva-300x180.webp",300,180,true],"medium_large":["https:\/\/noticiasbahia360.com.br\/wp-content\/uploads\/2025\/08\/feminicidio-luis-eduardo-magalhaes-Leticia-Santos-Silva-768x461.webp",640,384,true],"large":["https:\/\/noticiasbahia360.com.br\/wp-content\/uploads\/2025\/08\/feminicidio-luis-eduardo-magalhaes-Leticia-Santos-Silva-1024x614.webp",640,384,true],"1536x1536":["https:\/\/noticiasbahia360.com.br\/wp-content\/uploads\/2025\/08\/feminicidio-luis-eduardo-magalhaes-Leticia-Santos-Silva.webp",1200,720,false],"2048x2048":["https:\/\/noticiasbahia360.com.br\/wp-content\/uploads\/2025\/08\/feminicidio-luis-eduardo-magalhaes-Leticia-Santos-Silva.webp",1200,720,false],"chromenews-featured":["https:\/\/noticiasbahia360.com.br\/wp-content\/uploads\/2025\/08\/feminicidio-luis-eduardo-magalhaes-Leticia-Santos-Silva-1024x614.webp",1024,614,true],"chromenews-large":["https:\/\/noticiasbahia360.com.br\/wp-content\/uploads\/2025\/08\/feminicidio-luis-eduardo-magalhaes-Leticia-Santos-Silva-825x575.webp",825,575,true],"chromenews-medium":["https:\/\/noticiasbahia360.com.br\/wp-content\/uploads\/2025\/08\/feminicidio-luis-eduardo-magalhaes-Leticia-Santos-Silva-590x410.webp",590,410,true]},"author_info":{"display_name":"noticiasbahia360.com.br","author_link":"https:\/\/noticiasbahia360.com.br\/?author=1"},"category_info":"<a href=\"https:\/\/noticiasbahia360.com.br\/?cat=8\" rel=\"category\">Bahia<\/a> <a href=\"https:\/\/noticiasbahia360.com.br\/?cat=9\" rel=\"category\">Brasil<\/a> <a href=\"https:\/\/noticiasbahia360.com.br\/?cat=6\" rel=\"category\">Feira de Santana<\/a> <a href=\"https:\/\/noticiasbahia360.com.br\/?cat=57\" rel=\"category\">Mundo<\/a> <a href=\"https:\/\/noticiasbahia360.com.br\/?cat=56\" rel=\"category\">Pol\u00edcia<\/a> <a href=\"https:\/\/noticiasbahia360.com.br\/?cat=10\" rel=\"category\">Pol\u00edtica<\/a>","tag_info":"Pol\u00edtica","comment_count":"0","_links":{"self":[{"href":"https:\/\/noticiasbahia360.com.br\/index.php?rest_route=\/wp\/v2\/posts\/99160","targetHints":{"allow":["GET"]}}],"collection":[{"href":"https:\/\/noticiasbahia360.com.br\/index.php?rest_route=\/wp\/v2\/posts"}],"about":[{"href":"https:\/\/noticiasbahia360.com.br\/index.php?rest_route=\/wp\/v2\/types\/post"}],"author":[{"embeddable":true,"href":"https:\/\/noticiasbahia360.com.br\/index.php?rest_route=\/wp\/v2\/users\/1"}],"replies":[{"embeddable":true,"href":"https:\/\/noticiasbahia360.com.br\/index.php?rest_route=%2Fwp%2Fv2%2Fcomments&post=99160"}],"version-history":[{"count":0,"href":"https:\/\/noticiasbahia360.com.br\/index.php?rest_route=\/wp\/v2\/posts\/99160\/revisions"}],"wp:featuredmedia":[{"embeddable":true,"href":"https:\/\/noticiasbahia360.com.br\/index.php?rest_route=\/wp\/v2\/media\/99161"}],"wp:attachment":[{"href":"https:\/\/noticiasbahia360.com.br\/index.php?rest_route=%2Fwp%2Fv2%2Fmedia&parent=99160"}],"wp:term":[{"taxonomy":"category","embeddable":true,"href":"https:\/\/noticiasbahia360.com.br\/index.php?rest_route=%2Fwp%2Fv2%2Fcategories&post=99160"},{"taxonomy":"post_tag","embeddable":true,"href":"https:\/\/noticiasbahia360.com.br\/index.php?rest_route=%2Fwp%2Fv2%2Ftags&post=99160"}],"curies":[{"name":"wp","href":"https:\/\/api.w.org\/{rel}","templated":true}]}}