{"id":99164,"date":"2025-08-31T15:40:06","date_gmt":"2025-08-31T18:40:06","guid":{"rendered":"https:\/\/noticiasbahia360.com.br\/?p=99164"},"modified":"2025-08-31T15:40:06","modified_gmt":"2025-08-31T18:40:06","slug":"cravolandia-ganha-unidades-integradas-das-policias-civil-e-militar","status":"publish","type":"post","link":"https:\/\/noticiasbahia360.com.br\/?p=99164","title":{"rendered":"Cravol\u00e2ndia ganha unidades integradas das pol\u00edcias civil e militar"},"content":{"rendered":"<div>\n<div>\n<figure><img decoding=\"async\" src=\"http:\/\/noticiasbahia360.com.br\/wp-content\/uploads\/2025\/08\/pelotao-e-delegacia-em-Cravolandia-1-1.webp\" alt=\"pelot\u00e3o e delegacia em Cravol\u00e2ndia\"><figcaption>Foto: Rafael Rodrigues\/SSP<\/figcaption><\/figure>\n<\/div>\n<p>O munic\u00edpio de Cravol\u00e2ndia, distante cerca de 300 quil\u00f4metros de Salvador, celebrou neste domingo (31), a marca de 209 unidades integradas das For\u00e7as da Seguran\u00e7a reestruturadas, desde 2023, em toda a Bahia. O equipamento teve R$ 4,1 milh\u00f5es investidos pelo <a href=\"https:\/\/www.acordacidade.com.br\/tag\/governo-do-estado\/\">Governo do Estado<\/a>, atrav\u00e9s da Secretaria da Seguran\u00e7a P\u00fablica.<\/p>\n<p>O governador Jer\u00f4nimo Rodrigues e o subsecret\u00e1rio da Seguran\u00e7a P\u00fablica, Marcel de Oliveira, estiveram na cidade para a abertura das novas estruturas para a popula\u00e7\u00e3o.<\/p>\n<figure class=\"wp-block-image size-full\"><img fetchpriority=\"high\" fetchpriority=\"high\" decoding=\"async\" width=\"1200\" height=\"748\" src=\"http:\/\/noticiasbahia360.com.br\/wp-content\/uploads\/2025\/08\/pelotao-e-delegacia-em-Cravolandia-2.webp\" alt=\"pelot\u00e3o e delegacia em Cravol\u00e2ndia\" class=\"wp-image-586652\" srcset=\"https:\/\/uploads.acordacidade.com.br\/2025\/08\/pelotao-e-delegacia-em-Cravolandia-2-586x365.webp 586w, https:\/\/uploads.acordacidade.com.br\/2025\/08\/pelotao-e-delegacia-em-Cravolandia-2-887x553.webp 887w, https:\/\/uploads.acordacidade.com.br\/2025\/08\/pelotao-e-delegacia-em-Cravolandia-2-140x87.webp 140w, https:\/\/uploads.acordacidade.com.br\/2025\/08\/pelotao-e-delegacia-em-Cravolandia-2-380x237.webp 380w, https:\/\/uploads.acordacidade.com.br\/2025\/08\/pelotao-e-delegacia-em-Cravolandia-2-150x94.webp 150w, http:\/\/noticiasbahia360.com.br\/wp-content\/uploads\/2025\/08\/pelotao-e-delegacia-em-Cravolandia-2.webp 1200w\" sizes=\"(max-width: 1200px) 100vw, 1200px\"><figcaption class=\"wp-element-caption\">Foto: Rafael Rodrigues\/SSP<\/figcaption><\/figure>\n<p>Agora, os mais de 4 mil cidad\u00e3os do munic\u00edpio contar\u00e3o com unidades completamente modernas, que fazem parte do Programa de Moderniza\u00e7\u00e3o das Estruturas de Seguran\u00e7a P\u00fablica.<\/p>\n<figure class=\"wp-block-image size-full\"><img decoding=\"async\" width=\"1200\" height=\"748\" src=\"http:\/\/noticiasbahia360.com.br\/wp-content\/uploads\/2025\/08\/pelotao-e-delegacia-em-Cravolandia-3.webp\" alt=\"pelot\u00e3o e delegacia em Cravol\u00e2ndia\" class=\"wp-image-586651\" srcset=\"https:\/\/uploads.acordacidade.com.br\/2025\/08\/pelotao-e-delegacia-em-Cravolandia-3-586x365.webp 586w, https:\/\/uploads.acordacidade.com.br\/2025\/08\/pelotao-e-delegacia-em-Cravolandia-3-887x553.webp 887w, https:\/\/uploads.acordacidade.com.br\/2025\/08\/pelotao-e-delegacia-em-Cravolandia-3-140x87.webp 140w, https:\/\/uploads.acordacidade.com.br\/2025\/08\/pelotao-e-delegacia-em-Cravolandia-3-380x237.webp 380w, https:\/\/uploads.acordacidade.com.br\/2025\/08\/pelotao-e-delegacia-em-Cravolandia-3-150x94.webp 150w, http:\/\/noticiasbahia360.com.br\/wp-content\/uploads\/2025\/08\/pelotao-e-delegacia-em-Cravolandia-3.webp 1200w\" sizes=\"(max-width: 1200px) 100vw, 1200px\"><figcaption class=\"wp-element-caption\">Foto: Rafael Rodrigues\/SSP<\/figcaption><\/figure>\n<p>A Delegacia e o Pelot\u00e3o est\u00e3o localizados na Rua da Palha, no Centro de Cravol\u00e2ndia. A nova sede da Pol\u00edcia Judici\u00e1ria conta com salas para delegado, recep\u00e7\u00e3o, de atendimento, investiga\u00e7\u00e3o e reconhecimento, al\u00e9m de cust\u00f3dia com celas. J\u00e1 o espa\u00e7o da PM possui salas de comando, operacional, de intelig\u00eancia, al\u00e9m de vesti\u00e1rios.<\/p>\n<figure class=\"wp-block-image size-full\"><img decoding=\"async\" width=\"1200\" height=\"748\" src=\"http:\/\/noticiasbahia360.com.br\/wp-content\/uploads\/2025\/08\/pelotao-e-delegacia-em-Cravolandia-.webp\" alt=\"pelot\u00e3o e delegacia em Cravol\u00e2ndia\" class=\"wp-image-586654\" srcset=\"https:\/\/uploads.acordacidade.com.br\/2025\/08\/pelotao-e-delegacia-em-Cravolandia--586x365.webp 586w, https:\/\/uploads.acordacidade.com.br\/2025\/08\/pelotao-e-delegacia-em-Cravolandia--887x553.webp 887w, https:\/\/uploads.acordacidade.com.br\/2025\/08\/pelotao-e-delegacia-em-Cravolandia--140x87.webp 140w, https:\/\/uploads.acordacidade.com.br\/2025\/08\/pelotao-e-delegacia-em-Cravolandia--380x237.webp 380w, https:\/\/uploads.acordacidade.com.br\/2025\/08\/pelotao-e-delegacia-em-Cravolandia--150x94.webp 150w, http:\/\/noticiasbahia360.com.br\/wp-content\/uploads\/2025\/08\/pelotao-e-delegacia-em-Cravolandia-.webp 1200w\" sizes=\"(max-width: 1200px) 100vw, 1200px\"><figcaption class=\"wp-element-caption\">Foto: Rafael Rodrigues\/SSP<\/figcaption><\/figure>\n<p>\u201cEssas entregas mostram a dimens\u00e3o do Programa de Moderniza\u00e7\u00e3o das Estruturas da Seguran\u00e7a P\u00fablica, que tem transformado a realidade em todas as regi\u00f5es da Bahia, promovendo melhores condi\u00e7\u00f5es de trabalho para os policiais e mais tranquilidade para a sociedade\u201d, destacou o subsecret\u00e1rio da SSP, Marcel de Oliveira.<\/p>\n<figure class=\"wp-block-image size-full\"><img decoding=\"async\" width=\"1200\" height=\"748\" src=\"http:\/\/noticiasbahia360.com.br\/wp-content\/uploads\/2025\/08\/pelotao-e-delegacia-em-Cravolandia-1.webp\" alt=\"pelot\u00e3o e delegacia em Cravol\u00e2ndia\" class=\"wp-image-586653\" srcset=\"https:\/\/uploads.acordacidade.com.br\/2025\/08\/pelotao-e-delegacia-em-Cravolandia-1-586x365.webp 586w, https:\/\/uploads.acordacidade.com.br\/2025\/08\/pelotao-e-delegacia-em-Cravolandia-1-887x553.webp 887w, https:\/\/uploads.acordacidade.com.br\/2025\/08\/pelotao-e-delegacia-em-Cravolandia-1-140x87.webp 140w, https:\/\/uploads.acordacidade.com.br\/2025\/08\/pelotao-e-delegacia-em-Cravolandia-1-380x237.webp 380w, https:\/\/uploads.acordacidade.com.br\/2025\/08\/pelotao-e-delegacia-em-Cravolandia-1-150x94.webp 150w, http:\/\/noticiasbahia360.com.br\/wp-content\/uploads\/2025\/08\/pelotao-e-delegacia-em-Cravolandia-1.webp 1200w\" sizes=\"(max-width: 1200px) 100vw, 1200px\"><figcaption class=\"wp-element-caption\">Foto: Rafael Rodrigues\/SSP<\/figcaption><\/figure>\n<p><em>Siga o Acorda Cidade no<\/em><a href=\"https:\/\/news.google.com\/search?q=acorda%20cidade&amp;hl=pt-BR&amp;gl=BR&amp;ceid=BR%3Apt-419\"><strong><em>\u00a0Google Not\u00edcias<\/em><\/strong><\/a><em>\u00a0e receba os principais destaques do dia. Participe tamb\u00e9m dos nossos canais no\u00a0<\/em><a href=\"https:\/\/www.whatsapp.com\/channel\/0029Va6Rb4v3WHTNnsh8WI3N\"><strong><em>WhatsApp<\/em><\/strong><\/a><em>\u00a0e\u00a0<\/em><a href=\"https:\/\/www.youtube.com\/@acordacidadenoticias\/videos\"><strong>Youtube<\/strong><\/a><em>\u00a0e grupo de\u00a0<\/em><a href=\"https:\/\/t.me\/+sSz0khrgARA0ZmRh\"><strong><em>Telegram<\/em><\/strong><\/a><em>.<\/em><\/p>\n<\/div>\n","protected":false},"excerpt":{"rendered":"<div>\n<div>\n<figure><img decoding=\"async\" src=\"https:\/\/uploads.acordacidade.com.br\/2025\/08\/pelotao-e-delegacia-em-Cravolandia-1-1.webp\" alt=\"pelot\u00e3o e delegacia em Cravol\u00e2ndia\"><figcaption>Foto: Rafael Rodrigues\/SSP<\/figcaption><\/figure>\n<\/div>\n<p>Jer\u00f4nimo Rodrigues e o subsecret\u00e1rio da Seguran\u00e7a P\u00fablica, Marcel de Oliveira, estiveram em Cravol\u00e2ndia para a abertura das novas estruturas.<\/p><\/div>\n","protected":false},"author":1,"featured_media":99165,"comment_status":"closed","ping_status":"closed","sticky":false,"template":"","format":"gallery","meta":{"footnotes":""},"categories":[8,9,6,57,56,10],"tags":[],"class_list":["post-99164","post","type-post","status-publish","format-gallery","has-post-thumbnail","hentry","category-bahia","category-brasil","category-feira-de-santana","category-mundo","category-policia","category-politica","post_format-post-format-gallery"],"featured_image_urls":{"full":["https:\/\/noticiasbahia360.com.br\/wp-content\/uploads\/2025\/08\/pelotao-e-delegacia-em-Cravolandia-1-1.webp",1200,748,false],"thumbnail":["https:\/\/noticiasbahia360.com.br\/wp-content\/uploads\/2025\/08\/pelotao-e-delegacia-em-Cravolandia-1-1-150x150.webp",150,150,true],"medium":["https:\/\/noticiasbahia360.com.br\/wp-content\/uploads\/2025\/08\/pelotao-e-delegacia-em-Cravolandia-1-1-300x187.webp",300,187,true],"medium_large":["https:\/\/noticiasbahia360.com.br\/wp-content\/uploads\/2025\/08\/pelotao-e-delegacia-em-Cravolandia-1-1-768x479.webp",640,399,true],"large":["https:\/\/noticiasbahia360.com.br\/wp-content\/uploads\/2025\/08\/pelotao-e-delegacia-em-Cravolandia-1-1-1024x638.webp",640,399,true],"1536x1536":["https:\/\/noticiasbahia360.com.br\/wp-content\/uploads\/2025\/08\/pelotao-e-delegacia-em-Cravolandia-1-1.webp",1200,748,false],"2048x2048":["https:\/\/noticiasbahia360.com.br\/wp-content\/uploads\/2025\/08\/pelotao-e-delegacia-em-Cravolandia-1-1.webp",1200,748,false],"chromenews-featured":["https:\/\/noticiasbahia360.com.br\/wp-content\/uploads\/2025\/08\/pelotao-e-delegacia-em-Cravolandia-1-1-1024x638.webp",1024,638,true],"chromenews-large":["https:\/\/noticiasbahia360.com.br\/wp-content\/uploads\/2025\/08\/pelotao-e-delegacia-em-Cravolandia-1-1-825x575.webp",825,575,true],"chromenews-medium":["https:\/\/noticiasbahia360.com.br\/wp-content\/uploads\/2025\/08\/pelotao-e-delegacia-em-Cravolandia-1-1-590x410.webp",590,410,true]},"author_info":{"display_name":"noticiasbahia360.com.br","author_link":"https:\/\/noticiasbahia360.com.br\/?author=1"},"category_info":"<a href=\"https:\/\/noticiasbahia360.com.br\/?cat=8\" rel=\"category\">Bahia<\/a> <a href=\"https:\/\/noticiasbahia360.com.br\/?cat=9\" rel=\"category\">Brasil<\/a> <a href=\"https:\/\/noticiasbahia360.com.br\/?cat=6\" rel=\"category\">Feira de Santana<\/a> <a href=\"https:\/\/noticiasbahia360.com.br\/?cat=57\" rel=\"category\">Mundo<\/a> <a href=\"https:\/\/noticiasbahia360.com.br\/?cat=56\" rel=\"category\">Pol\u00edcia<\/a> <a href=\"https:\/\/noticiasbahia360.com.br\/?cat=10\" rel=\"category\">Pol\u00edtica<\/a>","tag_info":"Pol\u00edtica","comment_count":"0","_links":{"self":[{"href":"https:\/\/noticiasbahia360.com.br\/index.php?rest_route=\/wp\/v2\/posts\/99164","targetHints":{"allow":["GET"]}}],"collection":[{"href":"https:\/\/noticiasbahia360.com.br\/index.php?rest_route=\/wp\/v2\/posts"}],"about":[{"href":"https:\/\/noticiasbahia360.com.br\/index.php?rest_route=\/wp\/v2\/types\/post"}],"author":[{"embeddable":true,"href":"https:\/\/noticiasbahia360.com.br\/index.php?rest_route=\/wp\/v2\/users\/1"}],"replies":[{"embeddable":true,"href":"https:\/\/noticiasbahia360.com.br\/index.php?rest_route=%2Fwp%2Fv2%2Fcomments&post=99164"}],"version-history":[{"count":0,"href":"https:\/\/noticiasbahia360.com.br\/index.php?rest_route=\/wp\/v2\/posts\/99164\/revisions"}],"wp:featuredmedia":[{"embeddable":true,"href":"https:\/\/noticiasbahia360.com.br\/index.php?rest_route=\/wp\/v2\/media\/99165"}],"wp:attachment":[{"href":"https:\/\/noticiasbahia360.com.br\/index.php?rest_route=%2Fwp%2Fv2%2Fmedia&parent=99164"}],"wp:term":[{"taxonomy":"category","embeddable":true,"href":"https:\/\/noticiasbahia360.com.br\/index.php?rest_route=%2Fwp%2Fv2%2Fcategories&post=99164"},{"taxonomy":"post_tag","embeddable":true,"href":"https:\/\/noticiasbahia360.com.br\/index.php?rest_route=%2Fwp%2Fv2%2Ftags&post=99164"}],"curies":[{"name":"wp","href":"https:\/\/api.w.org\/{rel}","templated":true}]}}