{"id":99172,"date":"2025-08-31T16:15:08","date_gmt":"2025-08-31T19:15:08","guid":{"rendered":"https:\/\/noticiasbahia360.com.br\/?p=99172"},"modified":"2025-08-31T16:15:08","modified_gmt":"2025-08-31T19:15:08","slug":"mata-de-sao-joao-se-despede-de-jovem-vitima-de-feminicidio-em-salvador-abalados-familiares-e-amigos-pediram-justica","status":"publish","type":"post","link":"https:\/\/noticiasbahia360.com.br\/?p=99172","title":{"rendered":"Mata de S\u00e3o Jo\u00e3o se despede de jovem v\u00edtima de feminic\u00eddio em Salvador; abalados, familiares e amigos pediram justi\u00e7a"},"content":{"rendered":"<div>\n<div>\n<figure><img decoding=\"async\" src=\"http:\/\/noticiasbahia360.com.br\/wp-content\/uploads\/2025\/08\/feminicidio.webp\" alt=\"Mata de S\u00e3o Jo\u00e3o se despede de jovem v\u00edtima de feminic\u00eddio em Salvador; abalados, familiares e amigos pediram justi\u00e7a\"><figcaption>Foto: Redes Sociais\/Mais Regi\u00e3o<\/figcaption><\/figure>\n<\/div>\n<p>Foi sob forte como\u00e7\u00e3o que familiares, amigos e moradores de Mata de S\u00e3o Jo\u00e3o se despediram de Tatiane Rodrigues, <a href=\"https:\/\/www.acordacidade.com.br\/policia\/advogado-e-suspeito-de-matar-companheira-antes-de-tirar-a-propria-vida-em-salvador\/\" target=\"_blank\" rel=\"noreferrer noopener\">v\u00edtima de feminic\u00eddio na madrugada do \u00faltimo s\u00e1bado (30)<\/a>. A jovem foi assassinada pelo companheiro, o advogado Eudes Santos Assis, em Salvador. O vel\u00f3rio aconteceu no bairro Diamante e o sepultamento foi realizado na manh\u00e3 deste domingo (31), no Cemit\u00e9rio Municipal da cidade.<\/p>\n<p>Segundo informa\u00e7\u00f5es do site Mais Regi\u00e3o, Eudes matou Tatiane dentro da resid\u00eancia do casal, no bairro Monte Serrat, e logo depois tirou a pr\u00f3pria vida. O filho dele, que estava na casa no momento do crime, teria ouvido o pai afirmar que havia assassinado a madrasta, que seria criado pelo av\u00f4 e que tamb\u00e9m atentaria contra a pr\u00f3pria vida.<\/p>\n<p>Durante o vel\u00f3rio, amigos e familiares relataram que Tatiane sofria agress\u00f5es f\u00edsicas e psicol\u00f3gicas, mas escondia os sinais por medo e vergonha.<\/p>\n<p>\u201cA gente sabia que Tatiane n\u00e3o estava bem. Ela chegava a aparecer com manchas no corpo, mas sempre dizia que tinha se machucado em casa. Ela tinha medo de falar, medo de se expor por conta do trabalho dele. Infelizmente, isso chegou ao ponto que chegou\u201d, disse uma parente ao site.<\/p>\n<p>No fim de semana anterior ao crime, Tatiane visitou os pais em Mata de S\u00e3o Jo\u00e3o.  Segundo familiares, ela e o marido deixaram a casa sem se despedir, ap\u00f3s uma discuss\u00e3o.<\/p>\n<p>Durante o sepultamento, visivelmente abalado, o pai da v\u00edtima fez um apelo emocionado: \u201cEu pe\u00e7o a voc\u00eas: n\u00e3o d\u00e1 mais, vai embora, para n\u00e3o acontecer isso que aconteceu com Tatiane.\u201d<\/p>\n<p>A trag\u00e9dia gerou indigna\u00e7\u00e3o nas redes sociais, com mensagens como \u201cMorre mais uma mulher\u201d e \u201cPara de matar n\u00f3s, mulheres\u201d sendo amplamente compartilhadas. O caso reacende o debate sobre os altos \u00edndices de feminic\u00eddio na Bahia e no Brasil no m\u00eas da campanha de combate a viol\u00eancia contra \u00e0 mulher, agosto lil\u00e1s.<\/p>\n<p>Colegas de trabalho de Tatiane tamb\u00e9m descreveram o relacionamento como conturbado e afirmaram que ela demonstrava sofrimento, mas evitava falar sobre o que vivia.<\/p>\n<p>A fam\u00edlia espera que a morte de Tatiane n\u00e3o seja esquecida como apenas mais um n\u00famero e que sirva de alerta para proteger outras mulheres.<\/p>\n<p><strong>Leia tamb\u00e9m: <a href=\"https:\/\/www.acordacidade.com.br\/policia\/advogado-e-suspeito-de-matar-companheira-antes-de-tirar-a-propria-vida-em-salvador\/\" target=\"_blank\" rel=\"noreferrer noopener\">Advogado \u00e9 suspeito de matar companheira antes de tirar a pr\u00f3pria vida em Salvador<\/a><\/strong><\/p>\n<p><em>Siga o Acorda Cidade no<\/em><a href=\"https:\/\/news.google.com\/search?q=acorda%20cidade&amp;hl=pt-BR&amp;gl=BR&amp;ceid=BR%3Apt-419\"><strong><em>\u00a0Google Not\u00edcias<\/em><\/strong><\/a><em>\u00a0e receba os principais destaques do dia. Participe tamb\u00e9m dos nossos canais no\u00a0<\/em><a href=\"https:\/\/www.whatsapp.com\/channel\/0029Va6Rb4v3WHTNnsh8WI3N\"><strong><em>WhatsApp<\/em><\/strong><\/a><em>\u00a0e\u00a0<\/em><a href=\"https:\/\/www.youtube.com\/@acordacidadenoticias\/videos\"><strong>Youtube<\/strong><\/a><em>\u00a0e grupo de\u00a0<\/em><a href=\"https:\/\/t.me\/+sSz0khrgARA0ZmRh\"><strong><em>Telegram<\/em><\/strong><\/a><em>.<\/em><\/p>\n<\/div>\n","protected":false},"excerpt":{"rendered":"<div>\n<div>\n<figure><img decoding=\"async\" src=\"https:\/\/uploads.acordacidade.com.br\/2025\/08\/feminicidio.webp\" alt=\"Mata de S\u00e3o Jo\u00e3o se despede de jovem v\u00edtima de feminic\u00eddio em Salvador; abalados, familiares e amigos pediram justi\u00e7a\"><figcaption>Foto: Redes Sociais\/Mais Regi\u00e3o<\/figcaption><\/figure>\n<\/div>\n<p>Ap\u00f3s o crime, o companheiro tirou a pr\u00f3pria vida. Sepultamento foi marcado por dor, homenagens e pedidos de justi\u00e7a.<\/p><\/div>\n","protected":false},"author":1,"featured_media":99173,"comment_status":"closed","ping_status":"closed","sticky":false,"template":"","format":"gallery","meta":{"footnotes":""},"categories":[8,9,6,57,56,10],"tags":[],"class_list":["post-99172","post","type-post","status-publish","format-gallery","has-post-thumbnail","hentry","category-bahia","category-brasil","category-feira-de-santana","category-mundo","category-policia","category-politica","post_format-post-format-gallery"],"featured_image_urls":{"full":["https:\/\/noticiasbahia360.com.br\/wp-content\/uploads\/2025\/08\/feminicidio.webp",1200,858,false],"thumbnail":["https:\/\/noticiasbahia360.com.br\/wp-content\/uploads\/2025\/08\/feminicidio-150x150.webp",150,150,true],"medium":["https:\/\/noticiasbahia360.com.br\/wp-content\/uploads\/2025\/08\/feminicidio-300x215.webp",300,215,true],"medium_large":["https:\/\/noticiasbahia360.com.br\/wp-content\/uploads\/2025\/08\/feminicidio-768x549.webp",640,458,true],"large":["https:\/\/noticiasbahia360.com.br\/wp-content\/uploads\/2025\/08\/feminicidio-1024x732.webp",640,458,true],"1536x1536":["https:\/\/noticiasbahia360.com.br\/wp-content\/uploads\/2025\/08\/feminicidio.webp",1200,858,false],"2048x2048":["https:\/\/noticiasbahia360.com.br\/wp-content\/uploads\/2025\/08\/feminicidio.webp",1200,858,false],"chromenews-featured":["https:\/\/noticiasbahia360.com.br\/wp-content\/uploads\/2025\/08\/feminicidio-1024x732.webp",1024,732,true],"chromenews-large":["https:\/\/noticiasbahia360.com.br\/wp-content\/uploads\/2025\/08\/feminicidio-825x575.webp",825,575,true],"chromenews-medium":["https:\/\/noticiasbahia360.com.br\/wp-content\/uploads\/2025\/08\/feminicidio-590x410.webp",590,410,true]},"author_info":{"display_name":"noticiasbahia360.com.br","author_link":"https:\/\/noticiasbahia360.com.br\/?author=1"},"category_info":"<a href=\"https:\/\/noticiasbahia360.com.br\/?cat=8\" rel=\"category\">Bahia<\/a> <a href=\"https:\/\/noticiasbahia360.com.br\/?cat=9\" rel=\"category\">Brasil<\/a> <a href=\"https:\/\/noticiasbahia360.com.br\/?cat=6\" rel=\"category\">Feira de Santana<\/a> <a href=\"https:\/\/noticiasbahia360.com.br\/?cat=57\" rel=\"category\">Mundo<\/a> <a href=\"https:\/\/noticiasbahia360.com.br\/?cat=56\" rel=\"category\">Pol\u00edcia<\/a> <a href=\"https:\/\/noticiasbahia360.com.br\/?cat=10\" rel=\"category\">Pol\u00edtica<\/a>","tag_info":"Pol\u00edtica","comment_count":"0","_links":{"self":[{"href":"https:\/\/noticiasbahia360.com.br\/index.php?rest_route=\/wp\/v2\/posts\/99172","targetHints":{"allow":["GET"]}}],"collection":[{"href":"https:\/\/noticiasbahia360.com.br\/index.php?rest_route=\/wp\/v2\/posts"}],"about":[{"href":"https:\/\/noticiasbahia360.com.br\/index.php?rest_route=\/wp\/v2\/types\/post"}],"author":[{"embeddable":true,"href":"https:\/\/noticiasbahia360.com.br\/index.php?rest_route=\/wp\/v2\/users\/1"}],"replies":[{"embeddable":true,"href":"https:\/\/noticiasbahia360.com.br\/index.php?rest_route=%2Fwp%2Fv2%2Fcomments&post=99172"}],"version-history":[{"count":0,"href":"https:\/\/noticiasbahia360.com.br\/index.php?rest_route=\/wp\/v2\/posts\/99172\/revisions"}],"wp:featuredmedia":[{"embeddable":true,"href":"https:\/\/noticiasbahia360.com.br\/index.php?rest_route=\/wp\/v2\/media\/99173"}],"wp:attachment":[{"href":"https:\/\/noticiasbahia360.com.br\/index.php?rest_route=%2Fwp%2Fv2%2Fmedia&parent=99172"}],"wp:term":[{"taxonomy":"category","embeddable":true,"href":"https:\/\/noticiasbahia360.com.br\/index.php?rest_route=%2Fwp%2Fv2%2Fcategories&post=99172"},{"taxonomy":"post_tag","embeddable":true,"href":"https:\/\/noticiasbahia360.com.br\/index.php?rest_route=%2Fwp%2Fv2%2Ftags&post=99172"}],"curies":[{"name":"wp","href":"https:\/\/api.w.org\/{rel}","templated":true}]}}