{"id":99174,"date":"2025-08-31T16:25:02","date_gmt":"2025-08-31T19:25:02","guid":{"rendered":"https:\/\/noticiasbahia360.com.br\/?p=99174"},"modified":"2025-08-31T16:25:02","modified_gmt":"2025-08-31T19:25:02","slug":"5-formas-de-hidratar-cuticulas-secas-e-evitar-o-uso-de-cremes-caros","status":"publish","type":"post","link":"https:\/\/noticiasbahia360.com.br\/?p=99174","title":{"rendered":"5 formas de hidratar cut\u00edculas secas e evitar o uso de cremes caros"},"content":{"rendered":"<div>\n<div>\n<figure><img decoding=\"async\" src=\"http:\/\/noticiasbahia360.com.br\/wp-content\/uploads\/2025\/08\/5-formas-de-hidratar-cuticulas-secas-e-evitar-o-uso-de-cremes-caros.webp\" alt=\"5 formas de hidratar cut\u00edculas secas e evitar o uso de cremes caros\"><figcaption>5 formas de hidratar cut\u00edculas secas e evitar o uso de cremes caros &#8211; Imagem gerada por IA<\/figcaption><\/figure>\n<\/div>\n<p>Voc\u00ea j\u00e1 reparou como as cut\u00edculas, muitas vezes, s\u00e3o esquecidas na rotina de cuidados com as m\u00e3os? Elas podem parecer apenas um detalhe, mas desempenham um papel essencial: proteger a base das unhas <a href=\"https:\/\/www.acordacidade.com.br\/tag\/dicas-de-saude\/\">contra infec\u00e7\u00f5e<\/a>s e agress\u00f5es externas. Quando est\u00e3o ressecadas ou descamando, n\u00e3o s\u00f3 afetam a est\u00e9tica das m\u00e3os, mas tamb\u00e9m comprometem a sa\u00fade das unhas. A boa not\u00edcia \u00e9 que existem formas simples e baratas de hidratar cut\u00edculas secas sem precisar gastar com cremes caros, apenas com ingredientes acess\u00edveis e truques caseiros que funcionam de verdade.<\/p>\n<h3 class=\"wp-block-heading\" id=\"h-hidratacao-com-oleos-naturais\">Hidrata\u00e7\u00e3o com \u00f3leos naturais<\/h3>\n<p>O primeiro passo para recuperar cut\u00edculas secas \u00e9 apostar em \u00f3leos naturais. O azeite de oliva, por exemplo, \u00e9 um cl\u00e1ssico que quase todo mundo tem em casa. Rico em vitamina E e antioxidantes, ele nutre profundamente a pele ao redor das unhas. Basta aplicar algumas gotas e massagear por alguns minutos antes de dormir. Outro \u00f3leo poderoso \u00e9 o de coco, conhecido por sua a\u00e7\u00e3o antibacteriana e hidratante. Se voc\u00ea preferir, pode at\u00e9 criar uma mistura caseira com algumas gotas de \u00f3leo essencial de lavanda para potencializar o efeito calmante e deixar um aroma agrad\u00e1vel nas m\u00e3os.<\/p>\n<h3 class=\"wp-block-heading\" id=\"h-esfoliacao-suave-com-acucar-e-mel\">Esfolia\u00e7\u00e3o suave com a\u00e7\u00facar e mel<\/h3>\n<p>N\u00e3o adianta hidratar se a pele est\u00e1 cheia de c\u00e9lulas mortas. \u00c9 por isso que a esfolia\u00e7\u00e3o suave \u00e9 t\u00e3o importante. Um esfoliante caseiro de a\u00e7\u00facar e mel pode transformar o aspecto das cut\u00edculas. O a\u00e7\u00facar ajuda a remover as peles soltas, enquanto o mel hidrata e cicatriza pequenas fissuras. O ideal \u00e9 aplicar a mistura em movimentos circulares por cerca de dois minutos e depois enxaguar com \u00e1gua morna. Esse ritual pode ser feito uma vez por semana, preparando a pele para absorver melhor a hidrata\u00e7\u00e3o posterior.<\/p>\n<h3 class=\"wp-block-heading\" id=\"h-banho-de-agua-morna-com-oleos\">Banho de \u00e1gua morna com \u00f3leos<\/h3>\n<p>Outro truque simples e eficiente \u00e9 o banho de \u00e1gua morna com \u00f3leos. Em uma tigela, adicione algumas gotas de \u00f3leo de am\u00eandoas, girassol ou at\u00e9 mesmo azeite. Mergulhe as m\u00e3os por cerca de dez minutos, permitindo que a pele ao redor das unhas fique mais male\u00e1vel e hidratada. Esse processo tamb\u00e9m ajuda a relaxar, funcionando quase como uma sess\u00e3o de spa caseiro. Depois, \u00e9 s\u00f3 secar suavemente com uma toalha e aplicar novamente um pouco de \u00f3leo ou at\u00e9 mesmo vaselina s\u00f3lida para selar a hidrata\u00e7\u00e3o.<\/p>\n<h3 class=\"wp-block-heading\" id=\"h-mascara-caseira-com-abacate\">M\u00e1scara caseira com abacate<\/h3>\n<p>Pouca gente sabe, mas o abacate \u00e9 uma fruta riqu\u00edssima em \u00f3leos naturais e vitaminas, sendo um aliado poderoso contra o ressecamento. Voc\u00ea pode preparar uma m\u00e1scara amassando um peda\u00e7o pequeno da polpa e misturando com algumas gotas de azeite. Aplique diretamente nas cut\u00edculas e deixe agir por 15 minutos. Esse tratamento nutritivo pode ser repetido duas vezes por semana. Al\u00e9m de hidratar, ajuda a fortalecer as unhas, prevenindo quebras e descama\u00e7\u00f5es.<\/p>\n<h3 class=\"wp-block-heading\" id=\"h-uso-estrategico-de-vaselina\">Uso estrat\u00e9gico de vaselina<\/h3>\n<p>Se existe um produto barato, vers\u00e1til e eficiente para hidratar cut\u00edculas, esse produto \u00e9 a vaselina. Aplicada diariamente antes de dormir, ela forma uma pel\u00edcula protetora que impede a perda de \u00e1gua da pele, garantindo maciez prolongada. O segredo est\u00e1 na regularidade: quanto mais voc\u00ea aplicar, mais r\u00e1pido percebe o resultado. Um truque extra \u00e9 usar luvas de algod\u00e3o ap\u00f3s a aplica\u00e7\u00e3o para potencializar a absor\u00e7\u00e3o durante a noite.<\/p>\n<h3 class=\"wp-block-heading\" id=\"h-pequenos-cuidados-que-fazem-diferenca\">Pequenos cuidados que fazem diferen\u00e7a<\/h3>\n<p>Al\u00e9m das solu\u00e7\u00f5es naturais, alguns h\u00e1bitos ajudam a manter as cut\u00edculas sempre saud\u00e1veis. Evite roer ou puxar as peles soltas, pois isso pode causar inflama\u00e7\u00f5es. Use sempre luvas ao manusear produtos de limpeza, j\u00e1 que o contato direto com detergentes e desinfetantes \u00e9 um dos maiores respons\u00e1veis pelo ressecamento. E n\u00e3o se esque\u00e7a de beber \u00e1gua: a hidrata\u00e7\u00e3o de dentro para fora tamb\u00e9m reflete na sa\u00fade das unhas e cut\u00edculas.<\/p>\n<h3 class=\"wp-block-heading\" id=\"h-o-poder-da-simplicidade-no-cuidado-pessoal\">O poder da simplicidade no cuidado pessoal<\/h3>\n<p>Muitas vezes, a solu\u00e7\u00e3o n\u00e3o est\u00e1 em comprar o creme mais caro da prateleira, mas sim em olhar para o que j\u00e1 temos em casa. Ingredientes naturais como \u00f3leos, mel e frutas oferecem resultados surpreendentes e ainda evitam o uso excessivo de produtos industrializados. Cuidar das cut\u00edculas com simplicidade \u00e9 tamb\u00e9m uma forma de autocuidado consciente, que valoriza tanto a est\u00e9tica quanto a sa\u00fade.<\/p>\n<p>Adotar esses pequenos rituais pode transformar completamente a apar\u00eancia das suas m\u00e3os. Cut\u00edculas hidratadas real\u00e7am a beleza das unhas, d\u00e3o mais seguran\u00e7a na hora de mostrar as m\u00e3os e refor\u00e7am a ideia de que o cuidado pessoal n\u00e3o precisa pesar no bolso. \u00c9 um convite para repensar h\u00e1bitos e perceber que, na maioria das vezes, menos \u00e9 mais.<\/p>\n<\/div>\n","protected":false},"excerpt":{"rendered":"<div>\n<div>\n<figure><img decoding=\"async\" src=\"https:\/\/uploads.acordacidade.com.br\/2025\/08\/5-formas-de-hidratar-cuticulas-secas-e-evitar-o-uso-de-cremes-caros.webp\" alt=\"5 formas de hidratar cut\u00edculas secas e evitar o uso de cremes caros\"><figcaption>5 formas de hidratar cut\u00edculas secas e evitar o uso de cremes caros &#8211; Imagem gerada por IA<\/figcaption><\/figure>\n<\/div>\n<p>Aprenda formas f\u00e1ceis de hidratar cut\u00edculas secas sem gastar com cremes caros e tenha m\u00e3os sempre bonitas e saud\u00e1veis.<\/p><\/div>\n","protected":false},"author":1,"featured_media":99175,"comment_status":"closed","ping_status":"closed","sticky":false,"template":"","format":"gallery","meta":{"footnotes":""},"categories":[8,9,6,57,56,10],"tags":[],"class_list":["post-99174","post","type-post","status-publish","format-gallery","has-post-thumbnail","hentry","category-bahia","category-brasil","category-feira-de-santana","category-mundo","category-policia","category-politica","post_format-post-format-gallery"],"featured_image_urls":{"full":["https:\/\/noticiasbahia360.com.br\/wp-content\/uploads\/2025\/08\/5-formas-de-hidratar-cuticulas-secas-e-evitar-o-uso-de-cremes-caros.webp",1536,1024,false],"thumbnail":["https:\/\/noticiasbahia360.com.br\/wp-content\/uploads\/2025\/08\/5-formas-de-hidratar-cuticulas-secas-e-evitar-o-uso-de-cremes-caros-150x150.webp",150,150,true],"medium":["https:\/\/noticiasbahia360.com.br\/wp-content\/uploads\/2025\/08\/5-formas-de-hidratar-cuticulas-secas-e-evitar-o-uso-de-cremes-caros-300x200.webp",300,200,true],"medium_large":["https:\/\/noticiasbahia360.com.br\/wp-content\/uploads\/2025\/08\/5-formas-de-hidratar-cuticulas-secas-e-evitar-o-uso-de-cremes-caros-768x512.webp",640,427,true],"large":["https:\/\/noticiasbahia360.com.br\/wp-content\/uploads\/2025\/08\/5-formas-de-hidratar-cuticulas-secas-e-evitar-o-uso-de-cremes-caros-1024x683.webp",640,427,true],"1536x1536":["https:\/\/noticiasbahia360.com.br\/wp-content\/uploads\/2025\/08\/5-formas-de-hidratar-cuticulas-secas-e-evitar-o-uso-de-cremes-caros.webp",1536,1024,false],"2048x2048":["https:\/\/noticiasbahia360.com.br\/wp-content\/uploads\/2025\/08\/5-formas-de-hidratar-cuticulas-secas-e-evitar-o-uso-de-cremes-caros.webp",1536,1024,false],"chromenews-featured":["https:\/\/noticiasbahia360.com.br\/wp-content\/uploads\/2025\/08\/5-formas-de-hidratar-cuticulas-secas-e-evitar-o-uso-de-cremes-caros-1024x683.webp",1024,683,true],"chromenews-large":["https:\/\/noticiasbahia360.com.br\/wp-content\/uploads\/2025\/08\/5-formas-de-hidratar-cuticulas-secas-e-evitar-o-uso-de-cremes-caros-825x575.webp",825,575,true],"chromenews-medium":["https:\/\/noticiasbahia360.com.br\/wp-content\/uploads\/2025\/08\/5-formas-de-hidratar-cuticulas-secas-e-evitar-o-uso-de-cremes-caros-590x410.webp",590,410,true]},"author_info":{"display_name":"noticiasbahia360.com.br","author_link":"https:\/\/noticiasbahia360.com.br\/?author=1"},"category_info":"<a href=\"https:\/\/noticiasbahia360.com.br\/?cat=8\" rel=\"category\">Bahia<\/a> <a href=\"https:\/\/noticiasbahia360.com.br\/?cat=9\" rel=\"category\">Brasil<\/a> <a href=\"https:\/\/noticiasbahia360.com.br\/?cat=6\" rel=\"category\">Feira de Santana<\/a> <a href=\"https:\/\/noticiasbahia360.com.br\/?cat=57\" rel=\"category\">Mundo<\/a> <a href=\"https:\/\/noticiasbahia360.com.br\/?cat=56\" rel=\"category\">Pol\u00edcia<\/a> <a href=\"https:\/\/noticiasbahia360.com.br\/?cat=10\" rel=\"category\">Pol\u00edtica<\/a>","tag_info":"Pol\u00edtica","comment_count":"0","_links":{"self":[{"href":"https:\/\/noticiasbahia360.com.br\/index.php?rest_route=\/wp\/v2\/posts\/99174","targetHints":{"allow":["GET"]}}],"collection":[{"href":"https:\/\/noticiasbahia360.com.br\/index.php?rest_route=\/wp\/v2\/posts"}],"about":[{"href":"https:\/\/noticiasbahia360.com.br\/index.php?rest_route=\/wp\/v2\/types\/post"}],"author":[{"embeddable":true,"href":"https:\/\/noticiasbahia360.com.br\/index.php?rest_route=\/wp\/v2\/users\/1"}],"replies":[{"embeddable":true,"href":"https:\/\/noticiasbahia360.com.br\/index.php?rest_route=%2Fwp%2Fv2%2Fcomments&post=99174"}],"version-history":[{"count":0,"href":"https:\/\/noticiasbahia360.com.br\/index.php?rest_route=\/wp\/v2\/posts\/99174\/revisions"}],"wp:featuredmedia":[{"embeddable":true,"href":"https:\/\/noticiasbahia360.com.br\/index.php?rest_route=\/wp\/v2\/media\/99175"}],"wp:attachment":[{"href":"https:\/\/noticiasbahia360.com.br\/index.php?rest_route=%2Fwp%2Fv2%2Fmedia&parent=99174"}],"wp:term":[{"taxonomy":"category","embeddable":true,"href":"https:\/\/noticiasbahia360.com.br\/index.php?rest_route=%2Fwp%2Fv2%2Fcategories&post=99174"},{"taxonomy":"post_tag","embeddable":true,"href":"https:\/\/noticiasbahia360.com.br\/index.php?rest_route=%2Fwp%2Fv2%2Ftags&post=99174"}],"curies":[{"name":"wp","href":"https:\/\/api.w.org\/{rel}","templated":true}]}}