{"id":99176,"date":"2025-08-31T16:36:12","date_gmt":"2025-08-31T19:36:12","guid":{"rendered":"https:\/\/noticiasbahia360.com.br\/?p=99176"},"modified":"2025-08-31T16:36:12","modified_gmt":"2025-08-31T19:36:12","slug":"policia-prende-dois-homens-por-porte-ilegal-de-arma-de-fogo-no-bairro-tomba-em-feira-de-santana","status":"publish","type":"post","link":"https:\/\/noticiasbahia360.com.br\/?p=99176","title":{"rendered":"Pol\u00edcia prende dois homens por porte ilegal de arma de fogo no bairro Tomba, em Feira de Santana"},"content":{"rendered":"<div>\n<div>\n<figure><img decoding=\"async\" src=\"http:\/\/noticiasbahia360.com.br\/wp-content\/uploads\/2025\/08\/CnBu1Vfn-apreensao-de-arma.webp\" alt=\"apreens\u00e3o de arma no Tomba\"><figcaption>Foto: Ascom\/PM<\/figcaption><\/figure>\n<\/div>\n<p>Na manh\u00e3 deste domingo (31), durante rondas ostensivas na Rua Quint\u00e3o, uma guarni\u00e7\u00e3o da 65\u00aa Companhia Independente da Pol\u00edcia Militar (<a href=\"https:\/\/www.acordacidade.com.br\/tag\/65a-cipm\/\">CIPM<\/a>) avistou dois homens em uma motocicleta que, ao perceberem a aproxima\u00e7\u00e3o da viatura, tentaram fugir, mas foram rapidamente alcan\u00e7ados pelos policiais militares.<\/p>\n<p>Durante a abordagem, foi encontrado em posse da dupla um rev\u00f3lver calibre .38, contendo tr\u00eas muni\u00e7\u00f5es intactas, al\u00e9m de um aparelho celular e a quantia de R$ 94,00 em esp\u00e9cie.<\/p>\n<p>Os suspeitos, a arma de fogo, a motocicleta utilizada por eles e todo o material apreendido foram apresentados na Central de Flagrantes do Sobradinho, onde foram adotadas as medidas legais cab\u00edveis.<\/p>\n<p><em>Siga o Acorda Cidade no<\/em><a href=\"https:\/\/news.google.com\/search?q=acorda%20cidade&amp;hl=pt-BR&amp;gl=BR&amp;ceid=BR%3Apt-419\"><strong><em>\u00a0Google Not\u00edcias<\/em><\/strong><\/a><em>\u00a0e receba os principais destaques do dia. Participe tamb\u00e9m dos nossos canais no\u00a0<\/em><a href=\"https:\/\/www.whatsapp.com\/channel\/0029Va6Rb4v3WHTNnsh8WI3N\"><strong><em>WhatsApp<\/em><\/strong><\/a><em>\u00a0e\u00a0<\/em><a href=\"https:\/\/www.youtube.com\/@acordacidadenoticias\/videos\"><strong>Youtube<\/strong><\/a><em>\u00a0e grupo de\u00a0<\/em><a href=\"https:\/\/t.me\/+sSz0khrgARA0ZmRh\"><strong><em>Telegram<\/em><\/strong><\/a><em>.<\/em><\/p>\n<\/div>\n","protected":false},"excerpt":{"rendered":"<div>\n<div>\n<figure><img decoding=\"async\" src=\"https:\/\/uploads.acordacidade.com.br\/2025\/08\/CnBu1Vfn-apreensao-de-arma.webp\" alt=\"apreens\u00e3o de arma no Tomba\"><figcaption>Foto: Ascom\/PM<\/figcaption><\/figure>\n<\/div>\n<p>Durante a abordagem foi encontrado em posse da dupla um rev\u00f3lver calibre .38, contendo tr\u00eas muni\u00e7\u00f5es intactas.<\/p><\/div>\n","protected":false},"author":1,"featured_media":99177,"comment_status":"closed","ping_status":"closed","sticky":false,"template":"","format":"gallery","meta":{"footnotes":""},"categories":[8,9,6,57,56,10],"tags":[],"class_list":["post-99176","post","type-post","status-publish","format-gallery","has-post-thumbnail","hentry","category-bahia","category-brasil","category-feira-de-santana","category-mundo","category-policia","category-politica","post_format-post-format-gallery"],"featured_image_urls":{"full":["https:\/\/noticiasbahia360.com.br\/wp-content\/uploads\/2025\/08\/CnBu1Vfn-apreensao-de-arma.webp",1200,750,false],"thumbnail":["https:\/\/noticiasbahia360.com.br\/wp-content\/uploads\/2025\/08\/CnBu1Vfn-apreensao-de-arma-150x150.webp",150,150,true],"medium":["https:\/\/noticiasbahia360.com.br\/wp-content\/uploads\/2025\/08\/CnBu1Vfn-apreensao-de-arma-300x188.webp",300,188,true],"medium_large":["https:\/\/noticiasbahia360.com.br\/wp-content\/uploads\/2025\/08\/CnBu1Vfn-apreensao-de-arma-768x480.webp",640,400,true],"large":["https:\/\/noticiasbahia360.com.br\/wp-content\/uploads\/2025\/08\/CnBu1Vfn-apreensao-de-arma-1024x640.webp",640,400,true],"1536x1536":["https:\/\/noticiasbahia360.com.br\/wp-content\/uploads\/2025\/08\/CnBu1Vfn-apreensao-de-arma.webp",1200,750,false],"2048x2048":["https:\/\/noticiasbahia360.com.br\/wp-content\/uploads\/2025\/08\/CnBu1Vfn-apreensao-de-arma.webp",1200,750,false],"chromenews-featured":["https:\/\/noticiasbahia360.com.br\/wp-content\/uploads\/2025\/08\/CnBu1Vfn-apreensao-de-arma-1024x640.webp",1024,640,true],"chromenews-large":["https:\/\/noticiasbahia360.com.br\/wp-content\/uploads\/2025\/08\/CnBu1Vfn-apreensao-de-arma-825x575.webp",825,575,true],"chromenews-medium":["https:\/\/noticiasbahia360.com.br\/wp-content\/uploads\/2025\/08\/CnBu1Vfn-apreensao-de-arma-590x410.webp",590,410,true]},"author_info":{"display_name":"noticiasbahia360.com.br","author_link":"https:\/\/noticiasbahia360.com.br\/?author=1"},"category_info":"<a href=\"https:\/\/noticiasbahia360.com.br\/?cat=8\" rel=\"category\">Bahia<\/a> <a href=\"https:\/\/noticiasbahia360.com.br\/?cat=9\" rel=\"category\">Brasil<\/a> <a href=\"https:\/\/noticiasbahia360.com.br\/?cat=6\" rel=\"category\">Feira de Santana<\/a> <a href=\"https:\/\/noticiasbahia360.com.br\/?cat=57\" rel=\"category\">Mundo<\/a> <a href=\"https:\/\/noticiasbahia360.com.br\/?cat=56\" rel=\"category\">Pol\u00edcia<\/a> <a href=\"https:\/\/noticiasbahia360.com.br\/?cat=10\" rel=\"category\">Pol\u00edtica<\/a>","tag_info":"Pol\u00edtica","comment_count":"0","_links":{"self":[{"href":"https:\/\/noticiasbahia360.com.br\/index.php?rest_route=\/wp\/v2\/posts\/99176","targetHints":{"allow":["GET"]}}],"collection":[{"href":"https:\/\/noticiasbahia360.com.br\/index.php?rest_route=\/wp\/v2\/posts"}],"about":[{"href":"https:\/\/noticiasbahia360.com.br\/index.php?rest_route=\/wp\/v2\/types\/post"}],"author":[{"embeddable":true,"href":"https:\/\/noticiasbahia360.com.br\/index.php?rest_route=\/wp\/v2\/users\/1"}],"replies":[{"embeddable":true,"href":"https:\/\/noticiasbahia360.com.br\/index.php?rest_route=%2Fwp%2Fv2%2Fcomments&post=99176"}],"version-history":[{"count":0,"href":"https:\/\/noticiasbahia360.com.br\/index.php?rest_route=\/wp\/v2\/posts\/99176\/revisions"}],"wp:featuredmedia":[{"embeddable":true,"href":"https:\/\/noticiasbahia360.com.br\/index.php?rest_route=\/wp\/v2\/media\/99177"}],"wp:attachment":[{"href":"https:\/\/noticiasbahia360.com.br\/index.php?rest_route=%2Fwp%2Fv2%2Fmedia&parent=99176"}],"wp:term":[{"taxonomy":"category","embeddable":true,"href":"https:\/\/noticiasbahia360.com.br\/index.php?rest_route=%2Fwp%2Fv2%2Fcategories&post=99176"},{"taxonomy":"post_tag","embeddable":true,"href":"https:\/\/noticiasbahia360.com.br\/index.php?rest_route=%2Fwp%2Fv2%2Ftags&post=99176"}],"curies":[{"name":"wp","href":"https:\/\/api.w.org\/{rel}","templated":true}]}}