{"id":99178,"date":"2025-08-31T17:25:16","date_gmt":"2025-08-31T20:25:16","guid":{"rendered":"https:\/\/noticiasbahia360.com.br\/?p=99178"},"modified":"2025-08-31T17:25:16","modified_gmt":"2025-08-31T20:25:16","slug":"saiba-quem-faz-parte-da-1a-turma-do-stf-que-vai-julgar-bolsonaro-e-outros-sete-reus","status":"publish","type":"post","link":"https:\/\/noticiasbahia360.com.br\/?p=99178","title":{"rendered":"Saiba quem faz parte da 1\u00aa Turma do STF, que vai julgar Bolsonaro e outros sete r\u00e9us"},"content":{"rendered":"<div>\n<div>\n<figure><img decoding=\"async\" src=\"http:\/\/noticiasbahia360.com.br\/wp-content\/uploads\/2025\/08\/Ministros-do-STF.webp\" alt=\"Ministros do STF\"><figcaption>Alexandre de Moraes, C\u00e1rmen L\u00facia, Cristiano Zanin, Fl\u00e1vio Dino e Luiz Fux: ministros da 1\u00aa turma do STF respons\u00e1veis pelo julgamento do ex-presidente Jair Bolsonaro e outros sete acusados \u2014 Foto: Rosinei Coutinho\/STF; Gustavo Moreno\/STF; Antonio Augusto\/STF; Felipe Sampaio\/STF<\/figcaption><\/figure>\n<\/div>\n<p>A Primeira Turma do Supremo Tribunal Federal (STF) vai julgar a a\u00e7\u00e3o penal contra o ex-presidente\u00a0Jair Bolsonaro\u00a0e outros 7 acusados de tentativa de golpe de Estado em 2022.<\/p>\n<p>O colegiado vai decidir se os r\u00e9us devem ser condenados ou absolvidos.<\/p>\n<p>O grupo de acusados faz parte do chamado \u201cn\u00facleo crucial\u201d da organiza\u00e7\u00e3o criminosa voltada para a ruptura democr\u00e1tica.<\/p>\n<p>Segundo a Procuradoria-Geral da Rep\u00fablica, eles se reuniram com regularidade e divis\u00e3o de tarefas. Na avalia\u00e7\u00e3o da PGR, Bolsonaro foi o l\u00edder, principal articulador e maior benefici\u00e1rio das a\u00e7\u00f5es ilegais que visavam mant\u00ea-lo no poder impedindo a posse do presidente Luiz In\u00e1cio Lula da Silva.<\/p>\n<ul class=\"wp-block-list\">\n<li>Na fase de interrogat\u00f3rio, ocorrida em junho, os\u00a0r\u00e9us negaram qualquer a\u00e7\u00e3o golpista\u00a0ou com objetivo de impedir a posse do presidente Lula. Afirmaram que n\u00e3o houve movimenta\u00e7\u00e3o concreta para um golpe de Estado e que a den\u00fancia da PGR \u00e9 injusta.<\/li>\n<\/ul>\n<h2 class=\"wp-block-heading\" id=\"h-o-que-sao-as-turmas-do-stf\">O que s\u00e3o as Turmas do STF?<\/h2>\n<p>O Supremo Tribunal Federal conta com 11 ministros. Al\u00e9m do plen\u00e1rio, o tribunal tem duas Turmas, cada uma formada por cinco ministros.<\/p>\n<p>Os julgamentos dos processos que chegam ao tribunal s\u00e3o divididos entre o plen\u00e1rio e os dois colegiados, em uma distribui\u00e7\u00e3o que segue as regras internas da Corte.<\/p>\n<p>Cabe \u00e0s Turmas, por exemplo, analisar pedidos de liberdade de presos, al\u00e9m dos aspectos constitucionais em temas de diversos ramos do direito.<\/p>\n<p>Em 2023, uma mudan\u00e7a nas regras internas da Corte restabeleceu a compet\u00eancia das Turmas para analisar casos penais, ou seja, investiga\u00e7\u00f5es e processos em que se apura se houve crime.<\/p>\n<p>Assim, estes colegiados voltaram a ter a atribui\u00e7\u00e3o de analisar mat\u00e9rias deste tipo, desde que apresentados ao STF ap\u00f3s a mudan\u00e7a na norma.<\/p>\n<p>Este \u00e9 o caso do processo contra os envolvidos na tentativa de golpe, que tramita no tribunal desde mar\u00e7o de 2025.<\/p>\n<p>Com isso, se o relator faz parte de uma Turma, quando ele libera o tema para julgamento, remete ao colegiado ao qual faz parte. Como o ministro\u00a0<a class=\"\" href=\"https:\/\/g1.globo.com\/tudo-sobre\/alexandre-de-moraes\/\">Alexandre de Moraes<\/a>\u00a0comp\u00f5e a Primeira Turma, o julgamento da a\u00e7\u00e3o penal fica sob a responsabilidade dela.<\/p>\n<h2 class=\"wp-block-heading\" id=\"h-quem-faz-parte-da-primeira-turma\">Quem faz parte da Primeira Turma?<\/h2>\n<p>Al\u00e9m de Moraes, fazem parte da Primeira Turma os ministros\u00a0Luiz Fux, Flavio Dino,\u00a0C\u00e1rmen L\u00facia\u00a0e\u00a0Cristiano Zanin, que preside o colegiado.<\/p>\n<figure class=\"wp-block-image size-full\"><img fetchpriority=\"high\" fetchpriority=\"high\" decoding=\"async\" width=\"1200\" height=\"718\" src=\"http:\/\/noticiasbahia360.com.br\/wp-content\/uploads\/2025\/08\/alexandre-de-moraes-foto-fabio-rodrigues-pozzebom-agencia-brasil-1.jpg\" alt=\"Alexandre de Moraes determina que pol\u00edcia penal realize vigil\u00e2ncia integral na casa de Bolsonaro\" class=\"wp-image-585439\" srcset=\"https:\/\/uploads.acordacidade.com.br\/2025\/08\/alexandre-de-moraes-foto-fabio-rodrigues-pozzebom-agencia-brasil-610x365.jpg 610w, https:\/\/uploads.acordacidade.com.br\/2025\/08\/alexandre-de-moraes-foto-fabio-rodrigues-pozzebom-agencia-brasil-924x553.jpg 924w, https:\/\/uploads.acordacidade.com.br\/2025\/08\/alexandre-de-moraes-foto-fabio-rodrigues-pozzebom-agencia-brasil-140x84.jpg 140w, https:\/\/uploads.acordacidade.com.br\/2025\/08\/alexandre-de-moraes-foto-fabio-rodrigues-pozzebom-agencia-brasil-396x237.jpg 396w, https:\/\/uploads.acordacidade.com.br\/2025\/08\/alexandre-de-moraes-foto-fabio-rodrigues-pozzebom-agencia-brasil-150x90.jpg 150w, http:\/\/noticiasbahia360.com.br\/wp-content\/uploads\/2025\/08\/alexandre-de-moraes-foto-fabio-rodrigues-pozzebom-agencia-brasil-1.jpg 1200w\" sizes=\"(max-width: 1200px) 100vw, 1200px\"><figcaption class=\"wp-element-caption\">Foto: F\u00e1bio Rodrigues \u2013 Pozzebom\/Ag\u00eancia Brasil<\/figcaption><\/figure>\n<ul class=\"wp-block-list\">\n<li><strong>Alexandre de Moraes<\/strong>: paulistano formado em direito pela Universidade de S\u00e3o Paulo. Foi promotor de Justi\u00e7a por 11 anos. Atuou como secret\u00e1rio de Justi\u00e7a e secret\u00e1rio de Seguran\u00e7a P\u00fablica e, na gest\u00e3o Michel Temer, foi ministro da Justi\u00e7a. Presidiu o TSE entre 2022 e 2024.<\/li>\n<\/ul>\n<figure class=\"wp-block-image size-full is-resized\"><img decoding=\"async\" width=\"640\" height=\"342\" src=\"http:\/\/noticiasbahia360.com.br\/wp-content\/uploads\/2025\/08\/Flavio-Dino-ministro-2.png\" alt=\"Fl\u00e1vio Dino - ministro\" class=\"wp-image-421986\" style=\"width:840px;height:auto\" srcset=\"https:\/\/uploads.acordacidade.com.br\/wp-content\/uploads\/2024\/08\/08134749\/Flavio-Dino-ministro-150x80.png 150w, http:\/\/noticiasbahia360.com.br\/wp-content\/uploads\/2025\/08\/Flavio-Dino-ministro-2.png 640w\" sizes=\"(max-width: 640px) 100vw, 640px\"><figcaption class=\"wp-element-caption\">Foto: Roseinei Coutinho\/SCO\/STF<\/figcaption><\/figure>\n<ul class=\"wp-block-list\">\n<li><strong>Fl\u00e1vio Dino<\/strong>: nascido em S\u00e3o Lu\u00eds (MA), \u00e9 formado pela Universidade Federal do Maranh\u00e3o (UFMA). Foi juiz federal entre 1994 e 2006. Atuou como juiz auxiliar no STF quando a Corte era presidida pelo ministro Nelson Jobim. Foi deputado, governador, senador e ministro da Justi\u00e7a.<\/li>\n<\/ul>\n<figure class=\"wp-block-image size-full is-resized\"><img decoding=\"async\" width=\"640\" height=\"383\" src=\"http:\/\/noticiasbahia360.com.br\/wp-content\/uploads\/2025\/08\/gOuFG6qL-Carmem-Lucia-jpg.webp\" alt=\"Carmem L\u00facia\" class=\"wp-image-453879\" style=\"width:840px;height:auto\" srcset=\"https:\/\/uploads.acordacidade.com.br\/2024\/10\/gOuFG6qL-Carmem-Lucia-150x90.webp 150w, http:\/\/noticiasbahia360.com.br\/wp-content\/uploads\/2025\/08\/gOuFG6qL-Carmem-Lucia-jpg.webp 640w\" sizes=\"(max-width: 640px) 100vw, 640px\"><figcaption class=\"wp-element-caption\">Foto: T\u00e2nia R\u00eago\/Ag\u00eancia Brasil<\/figcaption><\/figure>\n<ul class=\"wp-block-list\">\n<li><strong>C\u00e1rmen L\u00facia<\/strong>: nascida em Montes Claros (MG), cursou direito na Pontif\u00edcia Universidade Cat\u00f3lica (PUC-MG). Foi professora e procuradora do Estado de Minas Gerais antes de ser ministra do STF, Corte que j\u00e1 presidiu. Tamb\u00e9m foi a primeira mulher a presidir o TSE.<\/li>\n<\/ul>\n<figure class=\"wp-block-image size-full is-resized\"><img decoding=\"async\" width=\"640\" height=\"383\" src=\"http:\/\/noticiasbahia360.com.br\/wp-content\/uploads\/2025\/08\/sBI2QXUa-Ministro-Cristiano-Zanin-jpg.webp\" alt=\"Ministro - Cristiano Zanin\" class=\"wp-image-441949\" style=\"width:840px;height:auto\" srcset=\"https:\/\/uploads.acordacidade.com.br\/2024\/09\/sBI2QXUa-Ministro-Cristiano-Zanin-150x90.webp 150w, http:\/\/noticiasbahia360.com.br\/wp-content\/uploads\/2025\/08\/sBI2QXUa-Ministro-Cristiano-Zanin-jpg.webp 640w\" sizes=\"(max-width: 640px) 100vw, 640px\"><figcaption class=\"wp-element-caption\">Foto: Rosinei Coutinho\/SCO\/STF<\/figcaption><\/figure>\n<ul class=\"wp-block-list\">\n<li><strong>Cristiano Zanin<\/strong>: nascido em Piracicaba (SP), Zanin se formou em direito pela Pontif\u00edcia Universidade Cat\u00f3lica de S\u00e3o Paulo (PUC-SP) e, como advogado, atuou em casos empresariais e criminais, nacionais e transacionais.<\/li>\n<\/ul>\n<h2 class=\"wp-block-heading\" id=\"h-o-que-a-primeira-turma-vai-julgar\">O que a Primeira Turma vai julgar?<\/h2>\n<p>Caber\u00e1 \u00e0 Primeira Turma analisar a a\u00e7\u00e3o penal iniciada a partir da den\u00fancia da Procuradoria-Geral da Rep\u00fablica contra os envolvidos na tentativa de golpe de Estado em 2022.<\/p>\n<p>Os ministros v\u00e3o decidir se o ex-presidente Jair Bolsonaro e os outros sete r\u00e9us devem ser absolvidos ou condenados.<\/p>\n<p>Na primeira situa\u00e7\u00e3o, o processo \u00e9 arquivado. Na segunda, \u00e9 fixada uma pena para cada um.<\/p>\n<p>A an\u00e1lise do caso ser\u00e1 feita a partir das provas reunidas ao longo da tramita\u00e7\u00e3o do processo. Se houver condena\u00e7\u00e3o, a pena ser\u00e1 fixada a partir do posicionamento da maioria do colegiado.<\/p>\n<p>Nas duas situa\u00e7\u00f5es, cabe recurso dentro do pr\u00f3prio STF. Quando esgotadas as possibilidades de recurso, a decis\u00e3o ser\u00e1 tornada definitiva.<\/p>\n<p>A partir da\u00ed, se houver condena\u00e7\u00e3o, esta ser\u00e1 executada, com a pris\u00e3o do grupo.<\/p>\n<p>Na fase de interrogat\u00f3rio, ocorrida em junho, os r\u00e9us negaram qualquer a\u00e7\u00e3o golpista ou com objetivo de impedir a posse do presidente Lula.<\/p>\n<p>Afirmaram que n\u00e3o houve movimenta\u00e7\u00e3o concreta para um golpe de Estado e que a den\u00fancia da PGR \u00e9 injusta.<\/p>\n<p><em>Fonte: g1<\/em><\/p>\n<p><em>Siga o Acorda Cidade no<\/em><a href=\"https:\/\/news.google.com\/search?q=acorda%20cidade&amp;hl=pt-BR&amp;gl=BR&amp;ceid=BR%3Apt-419\"><strong><em>\u00a0Google Not\u00edcias<\/em><\/strong><\/a><em>\u00a0e receba os principais destaques do dia. Participe tamb\u00e9m dos nossos canais no\u00a0<\/em><a href=\"https:\/\/www.whatsapp.com\/channel\/0029Va6Rb4v3WHTNnsh8WI3N\"><strong><em>WhatsApp<\/em><\/strong><\/a><em>\u00a0e\u00a0<\/em><a href=\"https:\/\/www.youtube.com\/@acordacidadenoticias\/videos\"><strong>Youtube<\/strong><\/a><em>\u00a0e grupo de\u00a0<\/em><a href=\"https:\/\/t.me\/+sSz0khrgARA0ZmRh\"><strong><em>Telegram<\/em><\/strong><\/a><em>.<\/em><\/p>\n<\/div>\n","protected":false},"excerpt":{"rendered":"<div>\n<div>\n<figure><img decoding=\"async\" src=\"https:\/\/uploads.acordacidade.com.br\/2025\/08\/Ministros-do-STF.webp\" alt=\"Ministros do STF\"><figcaption>Alexandre de Moraes, C\u00e1rmen L\u00facia, Cristiano Zanin, Fl\u00e1vio Dino e Luiz Fux: ministros da 1\u00aa turma do STF respons\u00e1veis pelo julgamento do ex-presidente Jair Bolsonaro e outros sete acusados \u2014 Foto: Rosinei Coutinho\/STF; Gustavo Moreno\/STF; Antonio Augusto\/STF; Felipe Sampaio\/STF<\/figcaption><\/figure>\n<\/div>\n<p>O Supremo Tribunal Federal (STF) conta com 11 ministros. Al\u00e9m do plen\u00e1rio, o tribunal tem duas Turmas, cada uma formada por cinco ministros.<\/p><\/div>\n","protected":false},"author":1,"featured_media":99179,"comment_status":"closed","ping_status":"closed","sticky":false,"template":"","format":"gallery","meta":{"footnotes":""},"categories":[8,9,6,57,56,10],"tags":[],"class_list":["post-99178","post","type-post","status-publish","format-gallery","has-post-thumbnail","hentry","category-bahia","category-brasil","category-feira-de-santana","category-mundo","category-policia","category-politica","post_format-post-format-gallery"],"featured_image_urls":{"full":["https:\/\/noticiasbahia360.com.br\/wp-content\/uploads\/2025\/08\/Ministros-do-STF.webp",1200,675,false],"thumbnail":["https:\/\/noticiasbahia360.com.br\/wp-content\/uploads\/2025\/08\/Ministros-do-STF-150x150.webp",150,150,true],"medium":["https:\/\/noticiasbahia360.com.br\/wp-content\/uploads\/2025\/08\/Ministros-do-STF-300x169.webp",300,169,true],"medium_large":["https:\/\/noticiasbahia360.com.br\/wp-content\/uploads\/2025\/08\/Ministros-do-STF-768x432.webp",640,360,true],"large":["https:\/\/noticiasbahia360.com.br\/wp-content\/uploads\/2025\/08\/Ministros-do-STF-1024x576.webp",640,360,true],"1536x1536":["https:\/\/noticiasbahia360.com.br\/wp-content\/uploads\/2025\/08\/Ministros-do-STF.webp",1200,675,false],"2048x2048":["https:\/\/noticiasbahia360.com.br\/wp-content\/uploads\/2025\/08\/Ministros-do-STF.webp",1200,675,false],"chromenews-featured":["https:\/\/noticiasbahia360.com.br\/wp-content\/uploads\/2025\/08\/Ministros-do-STF-1024x576.webp",1024,576,true],"chromenews-large":["https:\/\/noticiasbahia360.com.br\/wp-content\/uploads\/2025\/08\/Ministros-do-STF-825x575.webp",825,575,true],"chromenews-medium":["https:\/\/noticiasbahia360.com.br\/wp-content\/uploads\/2025\/08\/Ministros-do-STF-590x410.webp",590,410,true]},"author_info":{"display_name":"noticiasbahia360.com.br","author_link":"https:\/\/noticiasbahia360.com.br\/?author=1"},"category_info":"<a href=\"https:\/\/noticiasbahia360.com.br\/?cat=8\" rel=\"category\">Bahia<\/a> <a href=\"https:\/\/noticiasbahia360.com.br\/?cat=9\" rel=\"category\">Brasil<\/a> <a href=\"https:\/\/noticiasbahia360.com.br\/?cat=6\" rel=\"category\">Feira de Santana<\/a> <a href=\"https:\/\/noticiasbahia360.com.br\/?cat=57\" rel=\"category\">Mundo<\/a> <a href=\"https:\/\/noticiasbahia360.com.br\/?cat=56\" rel=\"category\">Pol\u00edcia<\/a> <a href=\"https:\/\/noticiasbahia360.com.br\/?cat=10\" rel=\"category\">Pol\u00edtica<\/a>","tag_info":"Pol\u00edtica","comment_count":"0","_links":{"self":[{"href":"https:\/\/noticiasbahia360.com.br\/index.php?rest_route=\/wp\/v2\/posts\/99178","targetHints":{"allow":["GET"]}}],"collection":[{"href":"https:\/\/noticiasbahia360.com.br\/index.php?rest_route=\/wp\/v2\/posts"}],"about":[{"href":"https:\/\/noticiasbahia360.com.br\/index.php?rest_route=\/wp\/v2\/types\/post"}],"author":[{"embeddable":true,"href":"https:\/\/noticiasbahia360.com.br\/index.php?rest_route=\/wp\/v2\/users\/1"}],"replies":[{"embeddable":true,"href":"https:\/\/noticiasbahia360.com.br\/index.php?rest_route=%2Fwp%2Fv2%2Fcomments&post=99178"}],"version-history":[{"count":0,"href":"https:\/\/noticiasbahia360.com.br\/index.php?rest_route=\/wp\/v2\/posts\/99178\/revisions"}],"wp:featuredmedia":[{"embeddable":true,"href":"https:\/\/noticiasbahia360.com.br\/index.php?rest_route=\/wp\/v2\/media\/99179"}],"wp:attachment":[{"href":"https:\/\/noticiasbahia360.com.br\/index.php?rest_route=%2Fwp%2Fv2%2Fmedia&parent=99178"}],"wp:term":[{"taxonomy":"category","embeddable":true,"href":"https:\/\/noticiasbahia360.com.br\/index.php?rest_route=%2Fwp%2Fv2%2Fcategories&post=99178"},{"taxonomy":"post_tag","embeddable":true,"href":"https:\/\/noticiasbahia360.com.br\/index.php?rest_route=%2Fwp%2Fv2%2Ftags&post=99178"}],"curies":[{"name":"wp","href":"https:\/\/api.w.org\/{rel}","templated":true}]}}