{"id":99184,"date":"2025-08-31T18:35:06","date_gmt":"2025-08-31T21:35:06","guid":{"rendered":"https:\/\/noticiasbahia360.com.br\/?p=99184"},"modified":"2025-08-31T18:35:06","modified_gmt":"2025-08-31T21:35:06","slug":"feira-de-santana-recebe-de-13-a-21-de-setembro-a-47a-semana-espirita-confira-programacao-e-novo-local","status":"publish","type":"post","link":"https:\/\/noticiasbahia360.com.br\/?p=99184","title":{"rendered":"Feira de Santana recebe de 13 a 21 de setembro a 47\u00aa Semana Esp\u00edrita; confira programa\u00e7\u00e3o e novo local"},"content":{"rendered":"<div>\n<div>\n<figure><img decoding=\"async\" src=\"http:\/\/noticiasbahia360.com.br\/wp-content\/uploads\/2025\/08\/Semana-Espirita-Arquivo-Foto-Iasmim-Santos-Acorda-Cidade-2.jpg\" alt=\"Semana Esp\u00edrita | Arquivo: Foto: Iasmim Santos\/Acorda Cidade\"><figcaption>Semana Esp\u00edrita | Arquivo: Foto: Iasmim Santos\/Acorda Cidade<\/figcaption><\/figure>\n<\/div>\n<p>De 13 a 21 de setembro, Feira de Santana ser\u00e1 novamente palco de um dos eventos mais tradicionais do espiritismo na Bahia: a 47\u00aa Semana Esp\u00edrita, que este ano traz o tema \u201cC\u00e9u, Inferno e a Justi\u00e7a Divina\u201d. <strong>A edi\u00e7\u00e3o de 2025 acontecer\u00e1 em um novo local, no Audit\u00f3rio da Secretaria Municipal de Educa\u00e7\u00e3o, situado na Rua Bar\u00e3o de Cotegipe (antigo pr\u00e9dio da FTC), com entrada franca.<\/strong><\/p>\n<p>Promovido pelo Conselho Federativo Regional e pela Federa\u00e7\u00e3o Esp\u00edrita do Estado da Bahia (FEEB), o evento reunir\u00e1 nomes expressivos do espiritismo nacional para nove dias de reflex\u00f5es, palestras, debates e atividades art\u00edsticas e culturais, al\u00e9m de momentos voltados ao p\u00fablico jovem e \u00e0 inf\u00e2ncia.<\/p>\n<h2 class=\"wp-block-heading\" id=\"h-programacao-principal-de-13-a-21-de-setembro\">Programa\u00e7\u00e3o principal \u2013 de 13 a 21 de setembro<\/h2>\n<p><strong>19h45 <\/strong>\u2013 Momento de arte<\/p>\n<p><strong>20h00 <\/strong>\u2013 Palestras<\/p>\n<h3 class=\"wp-block-heading\" id=\"h-confira-os-palestrantes-confirmados\">Confira os palestrantes confirmados:<\/h3>\n<ul class=\"wp-block-list\">\n<li>13\/09 (s\u00e1bado) \u2013 Andr\u00e9 Siqueira (DF): \u201cC\u00e9u, inferno e a Justi\u00e7a Divina\u201d<\/li>\n<li>14\/09 (domingo) \u2013 Ana Teresa Camasmie (RJ): \u201cO c\u00e9u e o inferno em nossas vidas\u201d<\/li>\n<li>15\/09 (segunda) \u2013 Bruno Godinho (RS): \u201cDeterminismo, livre-arb\u00edtrio e evolu\u00e7\u00e3o\u201d<\/li>\n<li>16\/09 (ter\u00e7a) \u2013 Adeilson Salles (SP): \u201cOuvindo Deus na tempestade\u201d<\/li>\n<li>17\/09 (quarta) \u2013 Luziane Bahia (BA): \u201cA supremacia da lei de amor\u201d<\/li>\n<li>18\/09 (quinta) \u2013 Frederico Menezes (PE): \u201cArrependimento, expia\u00e7\u00e3o e repara\u00e7\u00e3o\u201d<\/li>\n<li>19\/09 (sexta) \u2013 \u00c9den Lemos (RN): \u201cPerd\u00e3o e paz interior: convites para uma vida feliz\u201d<\/li>\n<li>20\/09 (s\u00e1bado) \u2013 Leonardo Machado (PE): \u201cAnsiedade e felicidade\u201d<\/li>\n<\/ul>\n<figure class=\"wp-block-image size-full\"><img fetchpriority=\"high\" fetchpriority=\"high\" decoding=\"async\" width=\"1200\" height=\"741\" src=\"http:\/\/noticiasbahia360.com.br\/wp-content\/uploads\/2025\/08\/Semana-Espirita-Arquivo-Foto-Iasmim-Santos-Acorda-Cidade.jpg\" alt=\"Semana Esp\u00edrita | Arquivo: Foto: Iasmim Santos\/Acorda Cidade\" class=\"wp-image-580347\" srcset=\"https:\/\/uploads.acordacidade.com.br\/2025\/08\/Semana-Espirita-Arquivo-Foto-Iasmim-Santos-Acorda-Cidade-591x365.jpg 591w, https:\/\/uploads.acordacidade.com.br\/2025\/08\/Semana-Espirita-Arquivo-Foto-Iasmim-Santos-Acorda-Cidade-896x553.jpg 896w, https:\/\/uploads.acordacidade.com.br\/2025\/08\/Semana-Espirita-Arquivo-Foto-Iasmim-Santos-Acorda-Cidade-150x93.jpg 150w, http:\/\/noticiasbahia360.com.br\/wp-content\/uploads\/2025\/08\/Semana-Espirita-Arquivo-Foto-Iasmim-Santos-Acorda-Cidade.jpg 1200w\" sizes=\"(max-width: 1200px) 100vw, 1200px\"><figcaption class=\"wp-element-caption\">Semana Esp\u00edrita | Arquivo: Foto: Iasmim Santos\/Acorda Cidade<\/figcaption><\/figure>\n<h2 class=\"wp-block-heading\" id=\"h-11\u00aa-felite-feira-do-livro-espirita\">11\u00aa FELITE \u2013 Feira do Livro Esp\u00edrita<\/h2>\n<p>Paralelamente \u00e0 Semana Esp\u00edrita, acontece a 11\u00aa Felite \u2013 Feira do Livro Esp\u00edrita, com abertura no dia 14 de setembro \u00e0s 8h50 e uma programa\u00e7\u00e3o formativa dividida em blocos com tem\u00e1ticas variadas:<\/p>\n<p><strong>Bloco 1 \u2013 9h \u00e0s 9h40<\/strong><\/p>\n<ul class=\"wp-block-list\">\n<li>Sala 1: \u201cA dor do amor\u201d \u2013 Bruno Godinho (RS)<\/li>\n<li>Sala 2: \u201cC\u00e9u e Inferno\u201d \u2013 Andr\u00e9 Siqueira (DF) e Luciano Crispim (BA)<\/li>\n<li>Sala 3: \u201cCaminha que a vida te encontra\u201d \u2013 Ana Teresa Camasmie (RJ)<\/li>\n<li>Sala 4: \u201cEstude e viva\u201d \u2013 Jamile Lima (BA)<\/li>\n<\/ul>\n<h2 class=\"wp-block-heading\" id=\"h-bloco-2-9h50-as-10h30\">Bloco 2 \u2013 9h50 \u00e0s 10h30<\/h2>\n<ul class=\"wp-block-list\">\n<li>Sala 1: \u201cHumano ser\u201d \u2013 Bruno Godinho<\/li>\n<li>Sala 2: \u201cAmor: reflex\u00f5es e viv\u00eancias\u201d \u2013 Ana Teresa Camasmie<\/li>\n<li>Sala 3: \u201cPaulo e Estev\u00e3o\u201d \u2013 Andr\u00e9 Siqueira<\/li>\n<li>Sala 4: \u201cAs bem-aventuran\u00e7as e outras belezas espirituais\u201d \u2013 Jamile Lima<\/li>\n<\/ul>\n<p><strong>Intervalo com sess\u00e3o de aut\u00f3grafos \u2013 10h30 \u00e0s 11h<\/strong><\/p>\n<h2 class=\"wp-block-heading\" id=\"h-bloco-3-11h-as-12h\">Bloco 3 \u2013 11h \u00e0s 12h<\/h2>\n<ul class=\"wp-block-list\">\n<li>Sala 1: \u201cLiteratura e espiritualidade na arte de envelhecer\u201d \u2013 Eleonora Peixinho (BA)<\/li>\n<li>Sala 2: \u201cLiteratura e inclus\u00e3o: a evangeliza\u00e7\u00e3o de portas abertas para o autismo\u201d \u2013 Aglaia Muritiba e Nanci Orrico (BA)<\/li>\n<\/ul>\n<h2 class=\"wp-block-heading\" id=\"h-seminario-espiritualidade-e-vida-21-de-setembro-das-9h-as-12h\">Semin\u00e1rio: Espiritualidade e Vida (21 de setembro, das 9h \u00e0s 12h)<\/h2>\n<ul class=\"wp-block-list\">\n<li>\u00c9den Lemos (RN): \u201cPensamento e vida\u201d<\/li>\n<li>Leonardo Machado (PE): \u201cO poder terap\u00eautico da f\u00e9 e da ora\u00e7\u00e3o\u201d<\/li>\n<\/ul>\n<p><strong>Para participar, \u00e9 necess\u00e1rio adquirir o livro \u201cO C\u00e9u e o Inferno\u201d, de Allan Kardec, dispon\u00edvel na livraria do evento.<\/strong><\/p>\n<figure class=\"wp-block-image size-large\"><img decoding=\"async\" width=\"847\" height=\"768\" src=\"http:\/\/noticiasbahia360.com.br\/wp-content\/uploads\/2025\/08\/Semana-Espirita-Arquivo-Foto-Iasmim-Santos-Acorda-Cidade-23-847x768-1.jpg\" alt=\"Semana Esp\u00edrita - Arquivo - Foto - Iasmim Santos - Acorda Cidade - 23\" class=\"wp-image-580348\" srcset=\"https:\/\/uploads.acordacidade.com.br\/2025\/08\/Semana-Espirita-Arquivo-Foto-Iasmim-Santos-Acorda-Cidade-23-403x365.jpg 403w, http:\/\/noticiasbahia360.com.br\/wp-content\/uploads\/2025\/08\/Semana-Espirita-Arquivo-Foto-Iasmim-Santos-Acorda-Cidade-23-847x768-1.jpg 847w, https:\/\/uploads.acordacidade.com.br\/2025\/08\/Semana-Espirita-Arquivo-Foto-Iasmim-Santos-Acorda-Cidade-23-610x553.jpg 610w, https:\/\/uploads.acordacidade.com.br\/2025\/08\/Semana-Espirita-Arquivo-Foto-Iasmim-Santos-Acorda-Cidade-23-150x136.jpg 150w, https:\/\/uploads.acordacidade.com.br\/2025\/08\/Semana-Espirita-Arquivo-Foto-Iasmim-Santos-Acorda-Cidade-23.jpg 1200w\" sizes=\"(max-width: 847px) 100vw, 847px\"><figcaption class=\"wp-element-caption\">Semana Esp\u00edrita | Arquivo: Foto: Iasmim Santos\/Acorda Cidade<\/figcaption><\/figure>\n<h2 class=\"wp-block-heading\" id=\"h-juventude-espirita-em-destaque\">Juventude Esp\u00edrita em destaque<\/h2>\n<ul class=\"wp-block-list\">\n<li>14\/09 (domingo) \u2013 Encontro da Juventude Esp\u00edrita \u2013 9h \u00e0s 17h<br \/>17\/09 (quarta) \u2013 Oficina Jovem \u201cO eu de frente ao espelho\u201d \u2013 Ade\u00edlson Salles \u2013 20h<br \/>(P\u00fablico-alvo: jovens de 14 a 21 anos)<\/li>\n<li>20\/09 (s\u00e1bado) \u2013 Bate-papo jovem \u201cO c\u00e9u e o inferno que criamos\u201d \u2013 \u00c9den Lemos \u2013 14h \u00e0s 17h<br \/>20\/09 (s\u00e1bado) \u2013 Cine-debate sobre a novela A Viagem, com N\u00e1dia Matos (BA) \u2013 18h30 \u00e0s 19h<\/li>\n<\/ul>\n<h2 class=\"wp-block-heading\" id=\"h-semaninha-espirita-infantil\">Semaninha Esp\u00edrita (infantil)<\/h2>\n<ul class=\"wp-block-list\">\n<li>De 15 a 19 de setembro, das 19h45 \u00e0s 21h, com atividades voltadas ao p\u00fablico infantil.<\/li>\n<\/ul>\n<p><strong>Para mais informa\u00e7\u00f5es os n\u00fameros de contato s\u00e3o: (75) 98131-2776\/ (71) 98844-7788\/ (75) 99132-7195.<\/strong><\/p>\n<p><em>Siga o Acorda Cidade no<\/em><a href=\"https:\/\/news.google.com\/search?q=acorda%20cidade&amp;hl=pt-BR&amp;gl=BR&amp;ceid=BR%3Apt-419\"><strong><em>\u00a0Google Not\u00edcias<\/em><\/strong><\/a><em>\u00a0e receba os principais destaques do dia. Participe tamb\u00e9m dos nossos canais no\u00a0<\/em><a href=\"https:\/\/www.whatsapp.com\/channel\/0029Va6Rb4v3WHTNnsh8WI3N\"><strong><em>WhatsApp<\/em><\/strong><\/a><em>\u00a0e\u00a0<\/em><a href=\"https:\/\/www.youtube.com\/@acordacidadenoticias\/videos\"><strong>YouTube<\/strong><\/a><em>\u00a0e grupo de\u00a0<\/em><a href=\"https:\/\/t.me\/+sSz0khrgARA0ZmRh\"><strong><em>Telegram<\/em><\/strong><\/a><em>.<\/em><\/p>\n<\/div>\n","protected":false},"excerpt":{"rendered":"<div>\n<div>\n<figure><img decoding=\"async\" src=\"https:\/\/uploads.acordacidade.com.br\/2025\/08\/Semana-Espirita-Arquivo-Foto-Iasmim-Santos-Acorda-Cidade-2.jpg\" alt=\"Semana Esp\u00edrita | Arquivo: Foto: Iasmim Santos\/Acorda Cidade\"><figcaption>Semana Esp\u00edrita | Arquivo: Foto: Iasmim Santos\/Acorda Cidade<\/figcaption><\/figure>\n<\/div>\n<p>A edi\u00e7\u00e3o de 2025 acontecer\u00e1 em um novo local, no Audit\u00f3rio da Secretaria Municipal de Educa\u00e7\u00e3o, situado na Rua Bar\u00e3o de Cotegipe.<\/p><\/div>\n","protected":false},"author":1,"featured_media":99185,"comment_status":"closed","ping_status":"closed","sticky":false,"template":"","format":"gallery","meta":{"footnotes":""},"categories":[8,9,6,57,56,10],"tags":[],"class_list":["post-99184","post","type-post","status-publish","format-gallery","has-post-thumbnail","hentry","category-bahia","category-brasil","category-feira-de-santana","category-mundo","category-policia","category-politica","post_format-post-format-gallery"],"featured_image_urls":{"full":["https:\/\/noticiasbahia360.com.br\/wp-content\/uploads\/2025\/08\/Semana-Espirita-Arquivo-Foto-Iasmim-Santos-Acorda-Cidade-2.jpg",1200,698,false],"thumbnail":["https:\/\/noticiasbahia360.com.br\/wp-content\/uploads\/2025\/08\/Semana-Espirita-Arquivo-Foto-Iasmim-Santos-Acorda-Cidade-2-150x150.jpg",150,150,true],"medium":["https:\/\/noticiasbahia360.com.br\/wp-content\/uploads\/2025\/08\/Semana-Espirita-Arquivo-Foto-Iasmim-Santos-Acorda-Cidade-2-300x175.jpg",300,175,true],"medium_large":["https:\/\/noticiasbahia360.com.br\/wp-content\/uploads\/2025\/08\/Semana-Espirita-Arquivo-Foto-Iasmim-Santos-Acorda-Cidade-2-768x447.jpg",640,373,true],"large":["https:\/\/noticiasbahia360.com.br\/wp-content\/uploads\/2025\/08\/Semana-Espirita-Arquivo-Foto-Iasmim-Santos-Acorda-Cidade-2-1024x596.jpg",640,373,true],"1536x1536":["https:\/\/noticiasbahia360.com.br\/wp-content\/uploads\/2025\/08\/Semana-Espirita-Arquivo-Foto-Iasmim-Santos-Acorda-Cidade-2.jpg",1200,698,false],"2048x2048":["https:\/\/noticiasbahia360.com.br\/wp-content\/uploads\/2025\/08\/Semana-Espirita-Arquivo-Foto-Iasmim-Santos-Acorda-Cidade-2.jpg",1200,698,false],"chromenews-featured":["https:\/\/noticiasbahia360.com.br\/wp-content\/uploads\/2025\/08\/Semana-Espirita-Arquivo-Foto-Iasmim-Santos-Acorda-Cidade-2-1024x596.jpg",1024,596,true],"chromenews-large":["https:\/\/noticiasbahia360.com.br\/wp-content\/uploads\/2025\/08\/Semana-Espirita-Arquivo-Foto-Iasmim-Santos-Acorda-Cidade-2-825x575.jpg",825,575,true],"chromenews-medium":["https:\/\/noticiasbahia360.com.br\/wp-content\/uploads\/2025\/08\/Semana-Espirita-Arquivo-Foto-Iasmim-Santos-Acorda-Cidade-2-590x410.jpg",590,410,true]},"author_info":{"display_name":"noticiasbahia360.com.br","author_link":"https:\/\/noticiasbahia360.com.br\/?author=1"},"category_info":"<a href=\"https:\/\/noticiasbahia360.com.br\/?cat=8\" rel=\"category\">Bahia<\/a> <a href=\"https:\/\/noticiasbahia360.com.br\/?cat=9\" rel=\"category\">Brasil<\/a> <a href=\"https:\/\/noticiasbahia360.com.br\/?cat=6\" rel=\"category\">Feira de Santana<\/a> <a href=\"https:\/\/noticiasbahia360.com.br\/?cat=57\" rel=\"category\">Mundo<\/a> <a href=\"https:\/\/noticiasbahia360.com.br\/?cat=56\" rel=\"category\">Pol\u00edcia<\/a> <a href=\"https:\/\/noticiasbahia360.com.br\/?cat=10\" rel=\"category\">Pol\u00edtica<\/a>","tag_info":"Pol\u00edtica","comment_count":"0","_links":{"self":[{"href":"https:\/\/noticiasbahia360.com.br\/index.php?rest_route=\/wp\/v2\/posts\/99184","targetHints":{"allow":["GET"]}}],"collection":[{"href":"https:\/\/noticiasbahia360.com.br\/index.php?rest_route=\/wp\/v2\/posts"}],"about":[{"href":"https:\/\/noticiasbahia360.com.br\/index.php?rest_route=\/wp\/v2\/types\/post"}],"author":[{"embeddable":true,"href":"https:\/\/noticiasbahia360.com.br\/index.php?rest_route=\/wp\/v2\/users\/1"}],"replies":[{"embeddable":true,"href":"https:\/\/noticiasbahia360.com.br\/index.php?rest_route=%2Fwp%2Fv2%2Fcomments&post=99184"}],"version-history":[{"count":0,"href":"https:\/\/noticiasbahia360.com.br\/index.php?rest_route=\/wp\/v2\/posts\/99184\/revisions"}],"wp:featuredmedia":[{"embeddable":true,"href":"https:\/\/noticiasbahia360.com.br\/index.php?rest_route=\/wp\/v2\/media\/99185"}],"wp:attachment":[{"href":"https:\/\/noticiasbahia360.com.br\/index.php?rest_route=%2Fwp%2Fv2%2Fmedia&parent=99184"}],"wp:term":[{"taxonomy":"category","embeddable":true,"href":"https:\/\/noticiasbahia360.com.br\/index.php?rest_route=%2Fwp%2Fv2%2Fcategories&post=99184"},{"taxonomy":"post_tag","embeddable":true,"href":"https:\/\/noticiasbahia360.com.br\/index.php?rest_route=%2Fwp%2Fv2%2Ftags&post=99184"}],"curies":[{"name":"wp","href":"https:\/\/api.w.org\/{rel}","templated":true}]}}