{"id":99190,"date":"2025-08-31T18:40:56","date_gmt":"2025-08-31T21:40:56","guid":{"rendered":"https:\/\/noticiasbahia360.com.br\/?p=99190"},"modified":"2025-08-31T18:40:56","modified_gmt":"2025-08-31T21:40:56","slug":"secretario-de-feira-de-santana-e-eleito-para-representacao-na-comissao-intergestores-bipartite-da-bahia","status":"publish","type":"post","link":"https:\/\/noticiasbahia360.com.br\/?p=99190","title":{"rendered":"Secret\u00e1rio de Feira de Santana \u00e9 eleito para representa\u00e7\u00e3o na Comiss\u00e3o Intergestores Bipartite da Bahia"},"content":{"rendered":"<div>\n<div>\n<figure><img decoding=\"async\" src=\"http:\/\/noticiasbahia360.com.br\/wp-content\/uploads\/2025\/08\/Rodrigo-Matos.webp\" alt=\"Secret\u00e1rio de Sa\u00fade de Feira de Santana \u00e9 eleito para representa\u00e7\u00e3o na Comiss\u00e3o Intergestores Bipartite da Bahia\"><figcaption>Rodrigo Matos | Foto: Divulga\u00e7\u00e3o<\/figcaption><\/figure>\n<\/div>\n<p>O secret\u00e1rio municipal de Sa\u00fade de Feira de Santana, o m\u00e9dico Rodrigo Matos, foi eleito neste domingo (31), durante a Assembleia do Conselho de Secret\u00e1rios Municipais de Sa\u00fade da Bahia (Cosems-BA), para integrar a representa\u00e7\u00e3o dos secret\u00e1rios municipais na Comiss\u00e3o Intergestores Bipartite (CIB), inst\u00e2ncia respons\u00e1vel por pactuar, junto com o Estado, todas as pol\u00edticas p\u00fablicas de sa\u00fade que orientam a organiza\u00e7\u00e3o do Sistema \u00danico de Sa\u00fade, SUS, na Bahia.<\/p>\n<figure class=\"wp-block-image size-full\"><img fetchpriority=\"high\" fetchpriority=\"high\" decoding=\"async\" width=\"1200\" height=\"762\" src=\"http:\/\/noticiasbahia360.com.br\/wp-content\/uploads\/2025\/08\/Rodrigo-Matos-.webp\" alt=\"Secret\u00e1rio de Sa\u00fade de Feira de Santana \u00e9 eleito para representa\u00e7\u00e3o na Comiss\u00e3o Intergestores Bipartite da Bahia\" class=\"wp-image-586680\" srcset=\"https:\/\/uploads.acordacidade.com.br\/2025\/08\/Rodrigo-Matos--575x365.webp 575w, https:\/\/uploads.acordacidade.com.br\/2025\/08\/Rodrigo-Matos--871x553.webp 871w, https:\/\/uploads.acordacidade.com.br\/2025\/08\/Rodrigo-Matos--140x89.webp 140w, https:\/\/uploads.acordacidade.com.br\/2025\/08\/Rodrigo-Matos--373x237.webp 373w, https:\/\/uploads.acordacidade.com.br\/2025\/08\/Rodrigo-Matos--150x95.webp 150w, http:\/\/noticiasbahia360.com.br\/wp-content\/uploads\/2025\/08\/Rodrigo-Matos-.webp 1200w\" sizes=\"(max-width: 1200px) 100vw, 1200px\"><figcaption class=\"wp-element-caption\">Foto: Divulga\u00e7\u00e3o<\/figcaption><\/figure>\n<p>A CIB \u00e9 um espa\u00e7o t\u00e9cnico de gest\u00e3o compartilhada, onde s\u00e3o discutidas e aprovadas estrat\u00e9gias que envolvem financiamento, amplia\u00e7\u00e3o de servi\u00e7os, redes de aten\u00e7\u00e3o, fluxos assistenciais e programas que beneficiam diretamente a popula\u00e7\u00e3o. A presen\u00e7a de Feira de Santana nesse colegiado contribui para o fortalecimento do planejamento e da execu\u00e7\u00e3o das a\u00e7\u00f5es de sa\u00fade no estado.<\/p>\n<p>Para o secret\u00e1rio Rodrigo Matos, a participa\u00e7\u00e3o na CIB \u00e9 um compromisso para com a melhoria do SUS. \u201c\u00c9 uma grande honra e alegria poder integrar a Comiss\u00e3o Intergestores Bipartite, um espa\u00e7o em que todas as pol\u00edticas p\u00fablicas de sa\u00fade da Bahia s\u00e3o constru\u00eddas de forma pactuada e t\u00e9cnica. Este \u00e9 um momento de aprendizado e contribui\u00e7\u00e3o que refor\u00e7a nosso compromisso com a constru\u00e7\u00e3o de uma rede de sa\u00fade eficiente e voltada para as necessidades da popula\u00e7\u00e3o\u201d, refor\u00e7a.<\/p>\n<figure class=\"wp-block-image size-large\"><img decoding=\"async\" width=\"1152\" height=\"768\" src=\"http:\/\/noticiasbahia360.com.br\/wp-content\/uploads\/2025\/08\/Rodrigo-Matos-1-1152x768-1.webp\" alt=\"Secret\u00e1rio de Sa\u00fade de Feira de Santana \u00e9 eleito para representa\u00e7\u00e3o na Comiss\u00e3o Intergestores Bipartite da Bahia\" class=\"wp-image-586679\" srcset=\"https:\/\/uploads.acordacidade.com.br\/2025\/08\/Rodrigo-Matos-1-548x365.webp 548w, http:\/\/noticiasbahia360.com.br\/wp-content\/uploads\/2025\/08\/Rodrigo-Matos-1-1152x768-1.webp 1152w, https:\/\/uploads.acordacidade.com.br\/2025\/08\/Rodrigo-Matos-1-830x553.webp 830w, https:\/\/uploads.acordacidade.com.br\/2025\/08\/Rodrigo-Matos-1-140x93.webp 140w, https:\/\/uploads.acordacidade.com.br\/2025\/08\/Rodrigo-Matos-1-356x237.webp 356w, https:\/\/uploads.acordacidade.com.br\/2025\/08\/Rodrigo-Matos-1-150x100.webp 150w, https:\/\/uploads.acordacidade.com.br\/2025\/08\/Rodrigo-Matos-1.webp 1200w\" sizes=\"(max-width: 1152px) 100vw, 1152px\"><figcaption class=\"wp-element-caption\">Foto: Divulga\u00e7\u00e3o<\/figcaption><\/figure>\n<p>A elei\u00e7\u00e3o reafirma o engajamento da gest\u00e3o municipal de Feira de Santana com o trabalho colaborativo entre Estado e munic\u00edpios, sempre em busca de solu\u00e7\u00f5es que promovam qualidade e acesso \u00e0 sa\u00fade p\u00fablica.<\/p>\n<p><em>Siga o Acorda Cidade no<\/em><a href=\"https:\/\/news.google.com\/search?q=acorda%20cidade&amp;hl=pt-BR&amp;gl=BR&amp;ceid=BR%3Apt-419\"><strong><em>\u00a0Google Not\u00edcias<\/em><\/strong><\/a><em>\u00a0e receba os principais destaques do dia. Participe tamb\u00e9m dos nossos canais no\u00a0<\/em><a href=\"https:\/\/www.whatsapp.com\/channel\/0029Va6Rb4v3WHTNnsh8WI3N\"><strong><em>WhatsApp<\/em><\/strong><\/a><em>\u00a0e\u00a0<\/em><a href=\"https:\/\/www.youtube.com\/@acordacidadenoticias\/videos\"><strong>YouTube<\/strong><\/a><em>\u00a0e grupo de\u00a0<\/em><a href=\"https:\/\/t.me\/+sSz0khrgARA0ZmRh\"><strong><em>Telegram<\/em><\/strong><\/a><em>.<\/em><\/p>\n<\/div>\n","protected":false},"excerpt":{"rendered":"<div>\n<div>\n<figure><img decoding=\"async\" src=\"https:\/\/uploads.acordacidade.com.br\/2025\/08\/Rodrigo-Matos.webp\" alt=\"Secret\u00e1rio de Sa\u00fade de Feira de Santana \u00e9 eleito para representa\u00e7\u00e3o na Comiss\u00e3o Intergestores Bipartite da Bahia\"><figcaption>Rodrigo Matos | Foto: Divulga\u00e7\u00e3o<\/figcaption><\/figure>\n<\/div>\n<p>A escolha ocorreu neste domingo, em assembleia do Cosems-BA, e refor\u00e7a o compromisso do munic\u00edpio com a gest\u00e3o do SUS.<\/p><\/div>\n","protected":false},"author":1,"featured_media":99191,"comment_status":"closed","ping_status":"closed","sticky":false,"template":"","format":"gallery","meta":{"footnotes":""},"categories":[8,9,6,57,56,10],"tags":[],"class_list":["post-99190","post","type-post","status-publish","format-gallery","has-post-thumbnail","hentry","category-bahia","category-brasil","category-feira-de-santana","category-mundo","category-policia","category-politica","post_format-post-format-gallery"],"featured_image_urls":{"full":["https:\/\/noticiasbahia360.com.br\/wp-content\/uploads\/2025\/08\/Rodrigo-Matos.webp",1200,800,false],"thumbnail":["https:\/\/noticiasbahia360.com.br\/wp-content\/uploads\/2025\/08\/Rodrigo-Matos-150x150.webp",150,150,true],"medium":["https:\/\/noticiasbahia360.com.br\/wp-content\/uploads\/2025\/08\/Rodrigo-Matos-300x200.webp",300,200,true],"medium_large":["https:\/\/noticiasbahia360.com.br\/wp-content\/uploads\/2025\/08\/Rodrigo-Matos-768x512.webp",640,427,true],"large":["https:\/\/noticiasbahia360.com.br\/wp-content\/uploads\/2025\/08\/Rodrigo-Matos-1024x683.webp",640,427,true],"1536x1536":["https:\/\/noticiasbahia360.com.br\/wp-content\/uploads\/2025\/08\/Rodrigo-Matos.webp",1200,800,false],"2048x2048":["https:\/\/noticiasbahia360.com.br\/wp-content\/uploads\/2025\/08\/Rodrigo-Matos.webp",1200,800,false],"chromenews-featured":["https:\/\/noticiasbahia360.com.br\/wp-content\/uploads\/2025\/08\/Rodrigo-Matos-1024x683.webp",1024,683,true],"chromenews-large":["https:\/\/noticiasbahia360.com.br\/wp-content\/uploads\/2025\/08\/Rodrigo-Matos-825x575.webp",825,575,true],"chromenews-medium":["https:\/\/noticiasbahia360.com.br\/wp-content\/uploads\/2025\/08\/Rodrigo-Matos-590x410.webp",590,410,true]},"author_info":{"display_name":"noticiasbahia360.com.br","author_link":"https:\/\/noticiasbahia360.com.br\/?author=1"},"category_info":"<a href=\"https:\/\/noticiasbahia360.com.br\/?cat=8\" rel=\"category\">Bahia<\/a> <a href=\"https:\/\/noticiasbahia360.com.br\/?cat=9\" rel=\"category\">Brasil<\/a> <a href=\"https:\/\/noticiasbahia360.com.br\/?cat=6\" rel=\"category\">Feira de Santana<\/a> <a href=\"https:\/\/noticiasbahia360.com.br\/?cat=57\" rel=\"category\">Mundo<\/a> <a href=\"https:\/\/noticiasbahia360.com.br\/?cat=56\" rel=\"category\">Pol\u00edcia<\/a> <a href=\"https:\/\/noticiasbahia360.com.br\/?cat=10\" rel=\"category\">Pol\u00edtica<\/a>","tag_info":"Pol\u00edtica","comment_count":"0","_links":{"self":[{"href":"https:\/\/noticiasbahia360.com.br\/index.php?rest_route=\/wp\/v2\/posts\/99190","targetHints":{"allow":["GET"]}}],"collection":[{"href":"https:\/\/noticiasbahia360.com.br\/index.php?rest_route=\/wp\/v2\/posts"}],"about":[{"href":"https:\/\/noticiasbahia360.com.br\/index.php?rest_route=\/wp\/v2\/types\/post"}],"author":[{"embeddable":true,"href":"https:\/\/noticiasbahia360.com.br\/index.php?rest_route=\/wp\/v2\/users\/1"}],"replies":[{"embeddable":true,"href":"https:\/\/noticiasbahia360.com.br\/index.php?rest_route=%2Fwp%2Fv2%2Fcomments&post=99190"}],"version-history":[{"count":0,"href":"https:\/\/noticiasbahia360.com.br\/index.php?rest_route=\/wp\/v2\/posts\/99190\/revisions"}],"wp:featuredmedia":[{"embeddable":true,"href":"https:\/\/noticiasbahia360.com.br\/index.php?rest_route=\/wp\/v2\/media\/99191"}],"wp:attachment":[{"href":"https:\/\/noticiasbahia360.com.br\/index.php?rest_route=%2Fwp%2Fv2%2Fmedia&parent=99190"}],"wp:term":[{"taxonomy":"category","embeddable":true,"href":"https:\/\/noticiasbahia360.com.br\/index.php?rest_route=%2Fwp%2Fv2%2Fcategories&post=99190"},{"taxonomy":"post_tag","embeddable":true,"href":"https:\/\/noticiasbahia360.com.br\/index.php?rest_route=%2Fwp%2Fv2%2Ftags&post=99190"}],"curies":[{"name":"wp","href":"https:\/\/api.w.org\/{rel}","templated":true}]}}