{"id":99196,"date":"2025-08-31T18:50:39","date_gmt":"2025-08-31T21:50:39","guid":{"rendered":"https:\/\/noticiasbahia360.com.br\/?p=99196"},"modified":"2025-08-31T18:50:39","modified_gmt":"2025-08-31T21:50:39","slug":"inss-volta-a-cobrar-autorizacao-judicial-para-emprestimo-a-incapaz","status":"publish","type":"post","link":"https:\/\/noticiasbahia360.com.br\/?p=99196","title":{"rendered":"INSS volta a cobrar autoriza\u00e7\u00e3o judicial para empr\u00e9stimo a incapaz"},"content":{"rendered":"<div>\n<div>\n<figure><img decoding=\"async\" src=\"http:\/\/noticiasbahia360.com.br\/wp-content\/uploads\/2025\/08\/aposentados-aposentadoria-INSS-Foto-Rafa-NeddermeyerAgencia-Br-1.jpg\" alt=\"INSS - aposentados\"><figcaption> Foto: Rafa Neddermeyer\/Ag\u00eancia Brasil<\/figcaption><\/figure>\n<\/div>\n<p>Ag\u00eancia Brasil \u2013 <strong>O Instituto Nacional do Seguro Social (INSS) restabeleceu\u00a0a necessidade de autoriza\u00e7\u00e3o judicial para novas contrata\u00e7\u00f5es de empr\u00e9stimos consignados contra\u00eddos em benef\u00edcios pagos pela autarquia\u00a0por representantes legais de titulares\u00a0considerados civilmente incapazes.<\/strong><img decoding=\"async\" src=\"https:\/\/agenciabrasil.ebc.com.br\/ebc.png?id=1656584&amp;o=node\"><img decoding=\"async\" src=\"https:\/\/agenciabrasil.ebc.com.br\/ebc.gif?id=1656584&amp;o=node\"><\/p>\n<p>A decis\u00e3o foi regulamentada pela\u00a0<a href=\"https:\/\/www.in.gov.br\/en\/web\/dou\/-\/instrucao-normativa-pres\/inss-n-190-de-15-de-julho-de-2025-642200537\" target=\"_blank\" rel=\"noreferrer noopener\">Instru\u00e7\u00e3o Normativa (IN) 190\/2025, do INSS<\/a>, assinada pelo presidente da entidade, Gilberto Waller J\u00fanior.<\/p>\n<p>Com isso,\u00a0<strong>bancos e institui\u00e7\u00f5es financeiras est\u00e3o impedidos de aceitar novos contratos firmados apenas com a assinatura do representante legal, sem autoriza\u00e7\u00e3o judicial<\/strong>.<\/p>\n<p>O INSS informou, por meio de nota, que os\u00a0<strong>empr\u00e9stimos contratados antes da vig\u00eancia da IN 190\/2025 n\u00e3o ser\u00e3o anulados<\/strong>.<\/p>\n<h2 class=\"wp-block-heading\" id=\"h-decisao-judicial\">Decis\u00e3o judicial<\/h2>\n<p><strong>A medida do INSS\u00a0<a href=\"https:\/\/web.trf3.jus.br\/noticias\/Noticiar\/ExibirNoticia\/438233-suspensos-efeitos-de-norma-do-inss-que-dispensava\" target=\"_blank\" rel=\"noreferrer noopener\">cumpre decis\u00e3o do Tribunal Regional Federal da 3\u00aa Regi\u00e3o (TRF3)<\/a><\/strong>, de junho deste ano, a partir de a\u00e7\u00e3o civil p\u00fablica ajuizada pelo Minist\u00e9rio P\u00fablico Federal (MPF) contra o instituto.<\/p>\n<p>O\u00a0<strong>desembargador federal Carlos Delgado<\/strong>, da Terceira Turma do TRF3,\u00a0<strong>julgou que a elimina\u00e7\u00e3o da exig\u00eancia de autoriza\u00e7\u00e3o judicial pr\u00e9via<\/strong>\u00a0para a contrata\u00e7\u00e3o de empr\u00e9stimos consignados por representantes de pessoas incapazes, tutelados ou curatelados e<strong>ra ilegal e ultrapassava o poder regulamentar da autarquia<\/strong>.<\/p>\n<p>\u201cOs atos normativos editados pelo Poder Executivo n\u00e3o podem inovar na ordem jur\u00eddica, sob pena de padecerem do v\u00edcio da ilegalidade. Assim, a Instru\u00e7\u00e3o Normativa (IN) PRES\/INSS 136\/2022 extrapolou a tarefa de apenas regulamentar os procedimentos operacionais descritos no artigo 6\u00ba, par\u00e1grafo 1\u00ba, da Lei 10.820\/03\u201d, frisou o magistrado, em junho.<\/p>\n<p>Pela decis\u00e3o judicial, o INSS foi obrigado a comunicar a decis\u00e3o \u00e0s institui\u00e7\u00f5es financeiras com as quais mant\u00e9m conv\u00eanio para realizar o desconto em folha de empr\u00e9stimo consignado, quando solicitado pelo representante legal do titular do benef\u00edcio previdenci\u00e1rio.<br \/>Em nota, o INSS informou que essas institui\u00e7\u00f5es j\u00e1 foram\u00a0comunicadas sobre a decis\u00e3o.<\/p>\n<h2 class=\"wp-block-heading\" id=\"h-nova-norma\">Nova norma<\/h2>\n<p>A nova norma\u00a0anula trechos de flexibiliza\u00e7\u00e3o da contrata\u00e7\u00e3o de empr\u00e9stimos consignados por representantes legais em nome de pessoas incapazes previstos na<a href=\"https:\/\/www.in.gov.br\/en\/web\/dou\/-\/instrucao-normativa-pres\/inss-n-138-de-10-de-novembro-de-2022-*-450060585\" target=\"_blank\" rel=\"noreferrer noopener\">\u00a0Instru\u00e7\u00e3o Normativa n\u00ba 138\/2022<\/a>.<\/p>\n<p>Pelo novo texto, al\u00e9m da necessidade de autoriza\u00e7\u00e3o judicial para novas contrata\u00e7\u00f5es, o termo de autoriza\u00e7\u00e3o para acesso a dados deve ser preenchido pelas institui\u00e7\u00f5es financeiras que concedem os empr\u00e9stimos.<\/p>\n<p>Esse formul\u00e1rio padronizado pelo INSS tamb\u00e9m dever\u00e1 ser assinado pelo benefici\u00e1rio ou seu respons\u00e1vel legal, para autorizar a consulta aos dados de elegibilidade (se o benef\u00edcio pode, legalmente, ser usado para contratar um empr\u00e9stimo) e a verifica\u00e7\u00e3o da margem consign\u00e1vel (valor m\u00e1ximo da parcela que pode ser descontado diretamente do benef\u00edcio do INSS) para pagar o empr\u00e9stimo.<\/p>\n<p><em>Siga o Acorda Cidade no<\/em><a href=\"https:\/\/news.google.com\/search?q=acorda%20cidade&amp;hl=pt-BR&amp;gl=BR&amp;ceid=BR%3Apt-419\"><strong><em>\u00a0Google Not\u00edcias<\/em><\/strong><\/a><em>\u00a0e receba os principais destaques do dia. Participe tamb\u00e9m dos nossos canais no\u00a0<\/em><a href=\"https:\/\/www.whatsapp.com\/channel\/0029Va6Rb4v3WHTNnsh8WI3N\"><strong><em>WhatsApp<\/em><\/strong><\/a><em>\u00a0e\u00a0<\/em><a href=\"https:\/\/www.youtube.com\/@acordacidadenoticias\/videos\"><strong>YouTube<\/strong><\/a><em>\u00a0e grupo de\u00a0<\/em><a href=\"https:\/\/t.me\/+sSz0khrgARA0ZmRh\"><strong><em>Telegram<\/em><\/strong><\/a><em>.<\/em><\/p>\n<p><a href=\"https:\/\/agenciabrasil.ebc.com.br\/economia\/noticia\/2025-08\/mais-de-2-milhoes-aderiram-acordo-de-ressarcimento-do-inss\"><\/a><\/p>\n<\/div>\n","protected":false},"excerpt":{"rendered":"<div>\n<div>\n<figure><img decoding=\"async\" src=\"https:\/\/uploads.acordacidade.com.br\/2025\/08\/aposentados-aposentadoria-INSS-Foto-Rafa-NeddermeyerAgencia-Br.jpg\" alt=\"INSS - aposentados\"><figcaption> Foto: Rafa Neddermeyer\/Ag\u00eancia Brasil<\/figcaption><\/figure>\n<\/div>\n<p>O INSS informou, por meio de nota, que os\u00a0empr\u00e9stimos contratados antes da vig\u00eancia da IN 190\/2025 n\u00e3o ser\u00e3o anulados.<\/p><\/div>\n","protected":false},"author":1,"featured_media":99197,"comment_status":"closed","ping_status":"closed","sticky":false,"template":"","format":"gallery","meta":{"footnotes":""},"categories":[8,9,6,57,56,10],"tags":[],"class_list":["post-99196","post","type-post","status-publish","format-gallery","has-post-thumbnail","hentry","category-bahia","category-brasil","category-feira-de-santana","category-mundo","category-policia","category-politica","post_format-post-format-gallery"],"featured_image_urls":{"full":["https:\/\/noticiasbahia360.com.br\/wp-content\/uploads\/2025\/08\/aposentados-aposentadoria-INSS-Foto-Rafa-NeddermeyerAgencia-Br-1.jpg",1200,800,false],"thumbnail":["https:\/\/noticiasbahia360.com.br\/wp-content\/uploads\/2025\/08\/aposentados-aposentadoria-INSS-Foto-Rafa-NeddermeyerAgencia-Br-1-150x150.jpg",150,150,true],"medium":["https:\/\/noticiasbahia360.com.br\/wp-content\/uploads\/2025\/08\/aposentados-aposentadoria-INSS-Foto-Rafa-NeddermeyerAgencia-Br-1-300x200.jpg",300,200,true],"medium_large":["https:\/\/noticiasbahia360.com.br\/wp-content\/uploads\/2025\/08\/aposentados-aposentadoria-INSS-Foto-Rafa-NeddermeyerAgencia-Br-1-768x512.jpg",640,427,true],"large":["https:\/\/noticiasbahia360.com.br\/wp-content\/uploads\/2025\/08\/aposentados-aposentadoria-INSS-Foto-Rafa-NeddermeyerAgencia-Br-1-1024x683.jpg",640,427,true],"1536x1536":["https:\/\/noticiasbahia360.com.br\/wp-content\/uploads\/2025\/08\/aposentados-aposentadoria-INSS-Foto-Rafa-NeddermeyerAgencia-Br-1.jpg",1200,800,false],"2048x2048":["https:\/\/noticiasbahia360.com.br\/wp-content\/uploads\/2025\/08\/aposentados-aposentadoria-INSS-Foto-Rafa-NeddermeyerAgencia-Br-1.jpg",1200,800,false],"chromenews-featured":["https:\/\/noticiasbahia360.com.br\/wp-content\/uploads\/2025\/08\/aposentados-aposentadoria-INSS-Foto-Rafa-NeddermeyerAgencia-Br-1-1024x683.jpg",1024,683,true],"chromenews-large":["https:\/\/noticiasbahia360.com.br\/wp-content\/uploads\/2025\/08\/aposentados-aposentadoria-INSS-Foto-Rafa-NeddermeyerAgencia-Br-1-825x575.jpg",825,575,true],"chromenews-medium":["https:\/\/noticiasbahia360.com.br\/wp-content\/uploads\/2025\/08\/aposentados-aposentadoria-INSS-Foto-Rafa-NeddermeyerAgencia-Br-1-590x410.jpg",590,410,true]},"author_info":{"display_name":"noticiasbahia360.com.br","author_link":"https:\/\/noticiasbahia360.com.br\/?author=1"},"category_info":"<a href=\"https:\/\/noticiasbahia360.com.br\/?cat=8\" rel=\"category\">Bahia<\/a> <a href=\"https:\/\/noticiasbahia360.com.br\/?cat=9\" rel=\"category\">Brasil<\/a> <a href=\"https:\/\/noticiasbahia360.com.br\/?cat=6\" rel=\"category\">Feira de Santana<\/a> <a href=\"https:\/\/noticiasbahia360.com.br\/?cat=57\" rel=\"category\">Mundo<\/a> <a href=\"https:\/\/noticiasbahia360.com.br\/?cat=56\" rel=\"category\">Pol\u00edcia<\/a> <a href=\"https:\/\/noticiasbahia360.com.br\/?cat=10\" rel=\"category\">Pol\u00edtica<\/a>","tag_info":"Pol\u00edtica","comment_count":"0","_links":{"self":[{"href":"https:\/\/noticiasbahia360.com.br\/index.php?rest_route=\/wp\/v2\/posts\/99196","targetHints":{"allow":["GET"]}}],"collection":[{"href":"https:\/\/noticiasbahia360.com.br\/index.php?rest_route=\/wp\/v2\/posts"}],"about":[{"href":"https:\/\/noticiasbahia360.com.br\/index.php?rest_route=\/wp\/v2\/types\/post"}],"author":[{"embeddable":true,"href":"https:\/\/noticiasbahia360.com.br\/index.php?rest_route=\/wp\/v2\/users\/1"}],"replies":[{"embeddable":true,"href":"https:\/\/noticiasbahia360.com.br\/index.php?rest_route=%2Fwp%2Fv2%2Fcomments&post=99196"}],"version-history":[{"count":0,"href":"https:\/\/noticiasbahia360.com.br\/index.php?rest_route=\/wp\/v2\/posts\/99196\/revisions"}],"wp:featuredmedia":[{"embeddable":true,"href":"https:\/\/noticiasbahia360.com.br\/index.php?rest_route=\/wp\/v2\/media\/99197"}],"wp:attachment":[{"href":"https:\/\/noticiasbahia360.com.br\/index.php?rest_route=%2Fwp%2Fv2%2Fmedia&parent=99196"}],"wp:term":[{"taxonomy":"category","embeddable":true,"href":"https:\/\/noticiasbahia360.com.br\/index.php?rest_route=%2Fwp%2Fv2%2Fcategories&post=99196"},{"taxonomy":"post_tag","embeddable":true,"href":"https:\/\/noticiasbahia360.com.br\/index.php?rest_route=%2Fwp%2Fv2%2Ftags&post=99196"}],"curies":[{"name":"wp","href":"https:\/\/api.w.org\/{rel}","templated":true}]}}