{"id":99200,"date":"2025-08-31T20:50:44","date_gmt":"2025-08-31T23:50:44","guid":{"rendered":"https:\/\/noticiasbahia360.com.br\/?p=99200"},"modified":"2025-08-31T20:50:44","modified_gmt":"2025-08-31T23:50:44","slug":"apos-derrota-historica-no-brasileirao-vitoria-vence-atletico-mg-e-sai-do-z-4","status":"publish","type":"post","link":"https:\/\/noticiasbahia360.com.br\/?p=99200","title":{"rendered":"Ap\u00f3s derrota hist\u00f3rica no Brasileir\u00e3o, Vit\u00f3ria vence Atl\u00e9tico-MG e sai do Z-4"},"content":{"rendered":"<div>\n<div>\n<figure><img decoding=\"async\" src=\"http:\/\/noticiasbahia360.com.br\/wp-content\/uploads\/2025\/08\/EC-Vitoria-4.webp\" alt=\"EC Vit\u00f3ria\"><figcaption>Foto: Maur\u00edcia da Matta \/ Bahia Not\u00edcias<\/figcaption><\/figure>\n<\/div>\n<p><strong>O Vit\u00f3ria voltou a vencer, na noite deste domingo (31), no Barrad\u00e3o, em duelo contra o Atl\u00e9tico-MG. Com est\u00e1dio lotado, o duelo terminou com o placar de 1 a 0, em partida v\u00e1lida pela 22\u00aa rodada do Campeonato Brasileiro.\u00a0<\/strong><\/p>\n<p>O resultado tirou o Rubro-Negro da zona de rebaixamento. At\u00e9 ent\u00e3o, o Le\u00e3o est\u00e1 com a 16\u00aa coloca\u00e7\u00e3o, com 22 pontos garantidos. O pr\u00f3ximo duelo da equipe ser\u00e1 apenas no dia 13 de setembro, por conta da pausa da Data Fifa, contra o Fortaleza, na Arena Castel\u00e3o.<\/p>\n<p>J\u00e1 o Atl\u00e9tico amargou a derrota e caiu para a 13 posi\u00e7\u00e3o, ainda com 24 pontos. No dia 11 de setembro, o Galo vai enfrentar o Cruzeiro no Mineir\u00e3o, pela 23\u00aa rodada do Brasileir\u00e3o.\u00a0<\/p>\n<p><strong>O JOGO<\/strong><\/p>\n<p><strong>GOOOOOOOL DO VIT\u00d3RIA<\/strong><\/p>\n<p>No primeiro lance de perigo do jogo, depois de receber passe de Osvaldo, Erick avan\u00e7ou pela direita e bateu colocado no canto esquerdo sem chances para Everson, para abrir o placar para o Vit\u00f3ria.<\/p>\n<p><strong>Quase o segundo do Le\u00e3o<\/strong><\/p>\n<p>A bola sobrou para Willian Oliveira dentro da \u00e1rea, aos 8 minutos, mas, na tentativa de chute, cometeu falta para o Atl\u00e9tico-MG.\u00a0<\/p>\n<p><strong>Atl\u00e9tico acha oportunidade mas Arcanjo segura<\/strong><\/p>\n<p>Em lance pelo meio, Hulk achou um passe na esquerda para Cuello. O camisa 28 avan\u00e7ou e bateu no canto de Lucas Arcanjo que encaixou a bola e ficou com ela aos dezesseis minutos.\u00a0<\/p>\n<p><strong>RASPOU NO TRAVESS\u00c3O\u00a0<\/strong><\/p>\n<p>Na sobra, Wiliian Oliveira bateu, na entrada da \u00e1rea, no \u00e2ngulo esquerdo de Everson, mas a bola raspa no travess\u00e3o e sai pela linha de fundo aos vinte e quatro minutos.\u00a0<\/p>\n<p><strong>Vit\u00f3ria perde chance clara\u00a0<\/strong><\/p>\n<p>Aos vinte e oito minutos, Renato Kayzer no contra-ataque arrancou para o gol. Dentro da \u00e1rea, o atacante perdeu o \u00e2ngulo e tentou de calcanhar, mas a bola ficou nas m\u00e3os do goleiro do Galo.\u00a0<\/p>\n<p><strong>Chance de empate para o Atl\u00e9tico Mineiro<\/strong><\/p>\n<p>Pela esquerda, Hulk invadiu a \u00e1rea e bateu cruzado, mas Lucas Halter salva o Vit\u00f3ria aos trinta e sete.\u00a0<\/p>\n<p><strong>Ataque perigoso do Vit\u00f3ria<\/strong><\/p>\n<p>Osvaldo cruzou pela esquerda, no segundo pau, mas Kayzer n\u00e3o alcan\u00e7ou e a bola foi pela linha de fundo aos quarenta minutos.\u00a0<\/p>\n<p><strong>Resposta do Galo<\/strong><\/p>\n<p>Aos quarenta e um, Hulk bateu no canto e lucas Arcanjo foi buscar. Na sobra, Alan Franco chutou de primeira, mas a bola desviou em Halter que estava no caminho.\u00a0<\/p>\n<figure class=\"wp-block-image size-full\"><img fetchpriority=\"high\" fetchpriority=\"high\" decoding=\"async\" width=\"1200\" height=\"630\" src=\"http:\/\/noticiasbahia360.com.br\/wp-content\/uploads\/2025\/08\/EC-Vitoria.webp\" alt=\"EC Vit\u00f3ria\" class=\"wp-image-586695\" srcset=\"https:\/\/uploads.acordacidade.com.br\/2025\/08\/EC-Vitoria-648x340.webp 648w, https:\/\/uploads.acordacidade.com.br\/2025\/08\/EC-Vitoria-984x517.webp 984w, https:\/\/uploads.acordacidade.com.br\/2025\/08\/EC-Vitoria-140x74.webp 140w, https:\/\/uploads.acordacidade.com.br\/2025\/08\/EC-Vitoria-424x223.webp 424w, https:\/\/uploads.acordacidade.com.br\/2025\/08\/EC-Vitoria-150x79.webp 150w, http:\/\/noticiasbahia360.com.br\/wp-content\/uploads\/2025\/08\/EC-Vitoria.webp 1200w\" sizes=\"(max-width: 1200px) 100vw, 1200px\"><figcaption class=\"wp-element-caption\">Foto: Maur\u00edcia da Matta \/ Bahia Not\u00edcias<\/figcaption><\/figure>\n<p><strong>SEGUNDO TEMPO<\/strong><\/p>\n<p>Aos 2 minutos, Paulo cruzou da direita e a bol sobrou para Ramon, do lado esquerdo. O camisa 13 bateu de primeira mas a bola saiu pela linha de fundo.\u00a0<\/p>\n<p><strong>Quase empate do Atl\u00e9tico Mineiro<\/strong><\/p>\n<p>Natanael recebeu pela direita e cruzou na medida, mas defesa do Vit\u00f3ria afastou aos 4 minutos.\u00a0<\/p>\n<p><strong>Afaaaasta Everson<\/strong><\/p>\n<p>Aitor pegou a sobra aos dez minutos, infiltrou na \u00e1rea e ficou cara a cara com o goleiro do Galo, mas demorou de tomar a decis\u00e3o e a bolsa ficou com o Atl\u00e9tico.\u00a0<\/p>\n<p><strong>Raspou na trave<\/strong><\/p>\n<p>Scarpa chegou pela esquerda, bateu cruzado e a bola passou muito perto da trave para o susto de Lucas Arcanjo, aos vinte e dois minutos.\u00a0<\/p>\n<p><strong>Mais uma na traveeeee<\/strong><\/p>\n<p>Aos trinta e quatro, Cuello chegou pela direita e bateu cruzado. A bola parou na trave de Lucas Arcanjo e o Galo perde a chance do empate.<\/p>\n<p><strong>QUASE O SEGUNDO DO VIT\u00d3RIA<\/strong><\/p>\n<p>Fabri avan\u00e7ou, aos quarenta e tr\u00eas minutos, pela direita, driblou o zagueiro e bateu cruzado, mas a bola ficou na defesa do Galo.\u00a0<\/p>\n<p><strong>FICHA T\u00c9CNICA\u00a0<\/strong><\/p>\n<p><strong>Vit\u00f3ria 1 x 0 Atl\u00e9tico Mineiro<br \/>Campeonato Brasileiro \u2013 22\u00aa rodada\u00a0<\/strong><br \/><strong>Local:<\/strong>\u00a0Barrad\u00e3o\u00a0<br \/><strong>Data:<\/strong>\u00a031\/8\/2025<br \/><strong>Hor\u00e1rio:<\/strong>\u00a018h30<br \/><strong>\u00c1rbitro:\u00a0<\/strong>Alex Gomes Stefano (RJ)<br \/><strong>Assistentes:\u00a0<\/strong>Rodrigo Figueiredo Henrique Correa (RJ) e Alex dos Santos (SC)<br \/><strong>VAR:\u00a0<\/strong>Marcio Henrique de Gois (SP)<br \/><strong>Transmiss\u00e3o:\u00a0<\/strong>Premiere\u00a0<br \/><strong>Cart\u00f5es amarelos:\u00a0<\/strong>Baralhas (VIT), Vitor Hugo (CAM), Alexsander (CAM), Alonso (CAM), Willian Oliveira (VIT)<br \/><strong>Gols:\u00a0<\/strong>Erick, do Vit\u00f3ria, aos 5 mintos do 1\u00ba tempo<\/p>\n<p><strong>Vit\u00f3ria:<\/strong>\u00a0Lucas Arcanjo; Paulo Roberto (Edu), Camutanga, Lucas Halter e Ramon; Baralhas, Ronald e Aitor Cantalapiedra (Matheuzinho); Erick (Fabri), Osvaldo (Ronald) e Renato Kayzer (Carlinhos). T\u00e9cnico: Rodrigo Chagas.\u00a0<\/p>\n<p><strong>Atl\u00e9tico Mineiro:<\/strong>\u00a0Everson; Natanael (Biel), Alonso e Victor Hugo (Reinier), Guilherme Arana; Alan Franco, Alexsander (Gabriel Menino)\u00a0e Gustavo Scarpa (Rony); Cuello, Dudu (Igor Gomes)\u00a0e Hulk. T\u00e9cnico: Lucas Gon\u00e7alves.\u00a0<\/p>\n<p><em>Fonte: <a href=\"https:\/\/www.bahianoticias.com.br\/esportes\/vitoria\/29951-vitoria-quebra-sequencia-de-6-jogos-sem-resultados-positivos-vence-atletico-mg-no-barradao-e-sai-do-z-4\" target=\"_blank\" rel=\"noreferrer noopener\">Bahia Not\u00edcias<\/a><\/em><\/p>\n<p><em>Siga o Acorda Cidade no<\/em><a href=\"https:\/\/news.google.com\/search?q=acorda%20cidade&amp;hl=pt-BR&amp;gl=BR&amp;ceid=BR%3Apt-419\"><strong><em>\u00a0Google Not\u00edcias<\/em><\/strong><\/a><em>\u00a0e receba os principais destaques do dia. Participe tamb\u00e9m dos nossos canais no\u00a0<\/em><a href=\"https:\/\/www.whatsapp.com\/channel\/0029Va6Rb4v3WHTNnsh8WI3N\"><strong><em>WhatsApp<\/em><\/strong><\/a><em>\u00a0e\u00a0<\/em><a href=\"https:\/\/www.youtube.com\/@acordacidadenoticias\/videos\"><strong>Youtube<\/strong><\/a><em>\u00a0e grupo de\u00a0<\/em><a href=\"https:\/\/t.me\/+sSz0khrgARA0ZmRh\"><strong><em>Telegram<\/em><\/strong><\/a><em>.<\/em><\/p>\n<\/div>\n","protected":false},"excerpt":{"rendered":"<div>\n<div>\n<figure><img decoding=\"async\" src=\"https:\/\/uploads.acordacidade.com.br\/2025\/08\/EC-Vitoria-4.webp\" alt=\"EC Vit\u00f3ria\"><figcaption>Foto: Maur\u00edcia da Matta \/ Bahia Not\u00edcias<\/figcaption><\/figure>\n<\/div>\n<p>O resultado tirou o Rubro-Negro da zona de rebaixamento. At\u00e9 ent\u00e3o, o Vit\u00f3ria est\u00e1 com a 16\u00aa coloca\u00e7\u00e3o, com 22 pontos garantidos.<\/p><\/div>\n","protected":false},"author":1,"featured_media":99201,"comment_status":"closed","ping_status":"closed","sticky":false,"template":"","format":"gallery","meta":{"footnotes":""},"categories":[8,9,6,57,56,10],"tags":[],"class_list":["post-99200","post","type-post","status-publish","format-gallery","has-post-thumbnail","hentry","category-bahia","category-brasil","category-feira-de-santana","category-mundo","category-policia","category-politica","post_format-post-format-gallery"],"featured_image_urls":{"full":["https:\/\/noticiasbahia360.com.br\/wp-content\/uploads\/2025\/08\/EC-Vitoria-4.webp",1200,799,false],"thumbnail":["https:\/\/noticiasbahia360.com.br\/wp-content\/uploads\/2025\/08\/EC-Vitoria-4-150x150.webp",150,150,true],"medium":["https:\/\/noticiasbahia360.com.br\/wp-content\/uploads\/2025\/08\/EC-Vitoria-4-300x200.webp",300,200,true],"medium_large":["https:\/\/noticiasbahia360.com.br\/wp-content\/uploads\/2025\/08\/EC-Vitoria-4-768x511.webp",640,426,true],"large":["https:\/\/noticiasbahia360.com.br\/wp-content\/uploads\/2025\/08\/EC-Vitoria-4-1024x682.webp",640,426,true],"1536x1536":["https:\/\/noticiasbahia360.com.br\/wp-content\/uploads\/2025\/08\/EC-Vitoria-4.webp",1200,799,false],"2048x2048":["https:\/\/noticiasbahia360.com.br\/wp-content\/uploads\/2025\/08\/EC-Vitoria-4.webp",1200,799,false],"chromenews-featured":["https:\/\/noticiasbahia360.com.br\/wp-content\/uploads\/2025\/08\/EC-Vitoria-4-1024x682.webp",1024,682,true],"chromenews-large":["https:\/\/noticiasbahia360.com.br\/wp-content\/uploads\/2025\/08\/EC-Vitoria-4-825x575.webp",825,575,true],"chromenews-medium":["https:\/\/noticiasbahia360.com.br\/wp-content\/uploads\/2025\/08\/EC-Vitoria-4-590x410.webp",590,410,true]},"author_info":{"display_name":"noticiasbahia360.com.br","author_link":"https:\/\/noticiasbahia360.com.br\/?author=1"},"category_info":"<a href=\"https:\/\/noticiasbahia360.com.br\/?cat=8\" rel=\"category\">Bahia<\/a> <a href=\"https:\/\/noticiasbahia360.com.br\/?cat=9\" rel=\"category\">Brasil<\/a> <a href=\"https:\/\/noticiasbahia360.com.br\/?cat=6\" rel=\"category\">Feira de Santana<\/a> <a href=\"https:\/\/noticiasbahia360.com.br\/?cat=57\" rel=\"category\">Mundo<\/a> <a href=\"https:\/\/noticiasbahia360.com.br\/?cat=56\" rel=\"category\">Pol\u00edcia<\/a> <a href=\"https:\/\/noticiasbahia360.com.br\/?cat=10\" rel=\"category\">Pol\u00edtica<\/a>","tag_info":"Pol\u00edtica","comment_count":"0","_links":{"self":[{"href":"https:\/\/noticiasbahia360.com.br\/index.php?rest_route=\/wp\/v2\/posts\/99200","targetHints":{"allow":["GET"]}}],"collection":[{"href":"https:\/\/noticiasbahia360.com.br\/index.php?rest_route=\/wp\/v2\/posts"}],"about":[{"href":"https:\/\/noticiasbahia360.com.br\/index.php?rest_route=\/wp\/v2\/types\/post"}],"author":[{"embeddable":true,"href":"https:\/\/noticiasbahia360.com.br\/index.php?rest_route=\/wp\/v2\/users\/1"}],"replies":[{"embeddable":true,"href":"https:\/\/noticiasbahia360.com.br\/index.php?rest_route=%2Fwp%2Fv2%2Fcomments&post=99200"}],"version-history":[{"count":0,"href":"https:\/\/noticiasbahia360.com.br\/index.php?rest_route=\/wp\/v2\/posts\/99200\/revisions"}],"wp:featuredmedia":[{"embeddable":true,"href":"https:\/\/noticiasbahia360.com.br\/index.php?rest_route=\/wp\/v2\/media\/99201"}],"wp:attachment":[{"href":"https:\/\/noticiasbahia360.com.br\/index.php?rest_route=%2Fwp%2Fv2%2Fmedia&parent=99200"}],"wp:term":[{"taxonomy":"category","embeddable":true,"href":"https:\/\/noticiasbahia360.com.br\/index.php?rest_route=%2Fwp%2Fv2%2Fcategories&post=99200"},{"taxonomy":"post_tag","embeddable":true,"href":"https:\/\/noticiasbahia360.com.br\/index.php?rest_route=%2Fwp%2Fv2%2Ftags&post=99200"}],"curies":[{"name":"wp","href":"https:\/\/api.w.org\/{rel}","templated":true}]}}